{"id":82884,"date":"2023-12-30T18:40:36","date_gmt":"2023-12-30T17:40:36","guid":{"rendered":"https:\/\/www.brennerbasisdemokratie.eu\/?p=82884"},"modified":"2024-03-21T19:08:52","modified_gmt":"2024-03-21T18:08:52","slug":"antifaschistische-maturantinnen","status":"publish","type":"post","link":"https:\/\/www.brennerbasisdemokratie.eu\/?p=82884","title":{"rendered":"Antifaschistische Maturantinnen."},"content":{"rendered":"<p>Bei der Auszeichnung der besten Maturantinnen des Landes (2022\/23), die gestern Nachmittag stattgefunden hat, haben zwei der Geehrten ein \u00e4u\u00dferst couragiertes Zeichen gegen die aktuellen Koalitionsverhandlungen gesetzt: Raphael Lloyd und Marina Drag\u00e0 trugen in Anwesenheit von <abbr title=\"Landeshauptmann\/-frau\">LH<\/abbr> Arno Kompatscher (<abbr title=\"S\u00fcdtiroler Volkspartei\">SVP<\/abbr>) ein T-Shirt mit der Aufschrift <em>Kein Platz f\u00fcr Faschisten. <\/em>Der Inhalt der Botschaft sollte in einer Demokratie eigentlich selbstverst\u00e4ndlich sein, hat aber im gegenw\u00e4rtigen politischen Kontext ein besonderes Gewicht.<em><br \/>\n<\/em><\/p>\n<blockquote><p><img loading=\"lazy\" decoding=\"async\" class=\"size-full wp-image-82885 aligncenter\" src=\"https:\/\/www.brennerbasisdemokratie.eu\/wp-content\/uploads\/2023\/12\/maturantinnen-keinplatzfuerfaschisten.png\" alt=\"\" width=\"950\" height=\"512\" srcset=\"https:\/\/www.brennerbasisdemokratie.eu\/wp-content\/uploads\/2023\/12\/maturantinnen-keinplatzfuerfaschisten.png 950w, https:\/\/www.brennerbasisdemokratie.eu\/wp-content\/uploads\/2023\/12\/maturantinnen-keinplatzfuerfaschisten-768x414.png 768w\" sizes=\"auto, (max-width: 950px) 100vw, 950px\" \/><\/p><\/blockquote>\n<p><em><small>Bildquelle: <\/small><\/em><a title=\"FB: No Excuses.\" href=\"https:\/\/www.facebook.com\/noexcuses.bz\" target=\"_blank\" rel=\"noopener\"><small>No Excuses<\/small><\/a><\/p>\n<p>Wenn man der beharrlichen Absicht des Landeshauptmanns und seiner Partei, eine Koalition mit Recht(sextrem)en zu bilden, etwas Positives abgewinnen kann, dann tats\u00e4chlich dies: Die S\u00fcdtiroler Zivilgesellschaft, insbesondere auch die jungen Menschen im Land, haben ein starkes Lebenszeichen von sich gegeben und all jene \u00fcberrascht, die so etwas in S\u00fcdtirol nicht f\u00fcr m\u00f6glich gehalten h\u00e4tten \u2014 einschlie\u00dflich der SVP. Von wegen Politikverdrossenheit.<\/p>\n<p>Ganz tolle Aktion!<\/p>\n<p><strong><span style=\"font-family: Helvetica, Arial, sans-serif; text-transform: uppercase;\">C\u00ebla enghe:<\/span><\/strong> <a title=\"No Excuses: Gelungener Protest.\" href=\"https:\/\/www.brennerbasisdemokratie.eu\/?p=82478\"><code>01<\/code><\/a> <a title=\"Offener Brief der Akademikerinnen.\" href=\"https:\/\/www.brennerbasisdemokratie.eu\/?p=82657\"><code>02<\/code><\/a> <a title=\"Offener Brief der Akademikerinnen.\" href=\"https:\/\/www.brennerbasisdemokratie.eu\/?p=82657\"><code>03<\/code><\/a> <a title=\"Andreas Unterkircher verl\u00e4sst die SVP.\" href=\"https:\/\/www.brennerbasisdemokratie.eu\/?p=82435\"><code>04<\/code><\/a><\/p>","protected":false},"excerpt":{"rendered":"<p>Bei der Auszeichnung der besten Maturantinnen des Landes (2022\/23), die gestern Nachmittag stattgefunden hat, haben zwei der Geehrten ein \u00e4u\u00dferst couragiertes Zeichen gegen die aktuellen Koalitionsverhandlungen gesetzt: Raphael Lloyd und Marina Drag\u00e0 trugen in Anwesenheit von LH Arno Kompatscher (SVP) ein T-Shirt mit der Aufschrift Kein Platz f\u00fcr Faschisten. Der Inhalt der Botschaft sollte in [&hellip;]<\/p>","protected":false},"author":1,"featured_media":0,"comment_status":"open","ping_status":"open","sticky":false,"template":"","format":"standard","meta":{"_crdt_document":"","ngg_post_thumbnail":0,"_jetpack_memberships_contains_paid_content":false,"footnotes":""},"categories":[1],"tags":[],"class_list":["post-82884","post","type-post","status-publish","format-standard","hentry","category-allgemein","entity-no-excuses","entity-svp","issue-good-news","location-sudtirolo","language-deutsch","person-arno-kompatscher","topic-democrazia","topic-faschismen","topic-politik"],"jetpack_featured_media_url":"","jetpack_sharing_enabled":true,"_links":{"self":[{"href":"https:\/\/www.brennerbasisdemokratie.eu\/index.php?rest_route=\/wp\/v2\/posts\/82884","targetHints":{"allow":["GET"]}}],"collection":[{"href":"https:\/\/www.brennerbasisdemokratie.eu\/index.php?rest_route=\/wp\/v2\/posts"}],"about":[{"href":"https:\/\/www.brennerbasisdemokratie.eu\/index.php?rest_route=\/wp\/v2\/types\/post"}],"author":[{"embeddable":true,"href":"https:\/\/www.brennerbasisdemokratie.eu\/index.php?rest_route=\/wp\/v2\/users\/1"}],"replies":[{"embeddable":true,"href":"https:\/\/www.brennerbasisdemokratie.eu\/index.php?rest_route=%2Fwp%2Fv2%2Fcomments&post=82884"}],"version-history":[{"count":8,"href":"https:\/\/www.brennerbasisdemokratie.eu\/index.php?rest_route=\/wp\/v2\/posts\/82884\/revisions"}],"predecessor-version":[{"id":82890,"href":"https:\/\/www.brennerbasisdemokratie.eu\/index.php?rest_route=\/wp\/v2\/posts\/82884\/revisions\/82890"}],"wp:attachment":[{"href":"https:\/\/www.brennerbasisdemokratie.eu\/index.php?rest_route=%2Fwp%2Fv2%2Fmedia&parent=82884"}],"wp:term":[{"taxonomy":"category","embeddable":true,"href":"https:\/\/www.brennerbasisdemokratie.eu\/index.php?rest_route=%2Fwp%2Fv2%2Fcategories&post=82884"},{"taxonomy":"post_tag","embeddable":true,"href":"https:\/\/www.brennerbasisdemokratie.eu\/index.php?rest_route=%2Fwp%2Fv2%2Ftags&post=82884"}],"curies":[{"name":"wp","href":"https:\/\/api.w.org\/{rel}","templated":true}]}}