{"id":83163,"date":"2024-01-20T10:24:08","date_gmt":"2024-01-20T09:24:08","guid":{"rendered":"https:\/\/www.brennerbasisdemokratie.eu\/?p=83163"},"modified":"2024-11-13T12:56:57","modified_gmt":"2024-11-13T11:56:57","slug":"ulli-mair-oder-wie-die-zeiten-sich-andern","status":"publish","type":"post","link":"https:\/\/www.brennerbasisdemokratie.eu\/?p=83163","title":{"rendered":"Ulli Mair oder wie die Zeiten sich \u00e4ndern."},"content":{"rendered":"<blockquote><p>Wenn sich die <abbr title=\"S\u00fcdtiroler Volkspartei\">SVP<\/abbr> in Zukunft vorbeh\u00e4lt, ihre eigenen Gedenkveranstaltungen zu organisieren, dann ist das ihr gutes Recht. Wie w\u00e4r&#8217;s mit einem j\u00e4hrlichen Aufmarsch anl\u00e4sslich des 4. Novembers vor dem Siegesdenkmal, gemeinsam mit dem neuen Partner Holzmann?<\/p>\n<p><strong>Ulli Mair, Landtagsabgeordnete der Freiheitlichen<\/strong><\/p><\/blockquote>\n<p><em>Leserbrief in der <abbr title=\"Tageszeitung\">TAZ<\/abbr> vom 3. Dezember 2003<\/em><\/p>\n<p>Was war geschehen? Die <em>S\u00fcdtiroler Volkspartei<\/em> hatte Giorgio Holzmann von <em>Alleanza Nazionale<\/em> zum stellvertretenden Landtagspr\u00e4sidenten gew\u00e4hlt. Daraufhin hatten sie die Sch\u00fctzen von der Teilnahme an der Sepp-Kerschbaumer-Gedenkfeier ausgeladen \u2014 was Ulli Mair zu ihrer h\u00e4mischen Stellungnahme veranlasste.<\/p>\n<p>Zwanzig Jahre sp\u00e4ter schickt sich Mair an, die politischen Nachfolger von Giorgio Holzmann nicht etwa in eine institutionelle Stellvertreterrolle zu w\u00e4hlen, sondern gar mit ihnen zu koalieren und zu regieren. Wobei sogar darauf hinzuweisen ist, dass Holzmann im Schlepptau von Gianfranco Fini wenigstens einen Schritt der vordergr\u00fcndigen Distanzierung vom Faschismus mitgemacht hatte, w\u00e4hrend sich diejenigen, mit denen die <em>Freiheitliche<\/em> nun Arm in Arm geht, beharrlich <a title=\"Galateo weigert sich, den Faschismus zu verurteilen.\" href=\"https:\/\/www.brennerbasisdemokratie.eu\/?p=82679\" rel=\"\">weigern<\/a>, vom Regime Benito Mussolinis Abstand zu nehmen.<\/p>\n<p>Ihren eigenen Schlussfolgerungen von damals zufolge wird die baldige Landesr\u00e4tin in einem knappen Jahr beim Siegesdenkmal zu bestaunen sein. Oder darf es sogar <a title=\"Bet\u00e4ubter Antifaschismus.\" href=\"https:\/\/www.brennerbasisdemokratie.eu\/?p=83015\" rel=\"\"><em>Acca Larentia<\/em><\/a> sein?<\/p>\n<p><strong><span style=\"font-family: Helvetica, Arial, sans-serif; text-transform: uppercase;\">C\u00ebla enghe:<\/span><\/strong> <a title=\"Genderbefreite Handschrift.\" href=\"https:\/\/www.brennerbasisdemokratie.eu\/?p=82776\"><code>01<\/code><\/a> <a title=\"V\u00f6llig bedeutungslose Pr\u00e4ambel.\" href=\"https:\/\/www.brennerbasisdemokratie.eu\/?p=82877\"><code>02<\/code><\/a> <a title=\"Governare coi negazionisti dell\u2019autonomia.\" href=\"https:\/\/www.brennerbasisdemokratie.eu\/?p=82294\"><code>03<\/code><\/a> <a title=\"Christian Bianchi gegen unbegr\u00fcndete Vorw\u00fcrfe.\" href=\"https:\/\/www.brennerbasisdemokratie.eu\/?p=82783\" rel=\"\"><code>04<\/code><\/a> <span style=\"font-family: Helvetica, Arial, sans-serif; font-weight: normal;\">||<\/span> <a title=\"Gennaccaro, der Gem\u00e4\u00dfigte.\" href=\"https:\/\/www.brennerbasisdemokratie.eu\/?p=83204\" rel=\"\"><span style=\"color: #ff8c00\"><code>01<\/code><\/span><\/a> <a title=\"Leiter-Reber geht zu FdI auf Distanz.\" href=\"https:\/\/www.brennerbasisdemokratie.eu\/?p=83461\"><span style=\"color: #ff8c00\"><code>02<\/code><\/span><\/a> <a title=\"F\u00fcr staatliche Grunddienste zahlt S\u00fcdtirol mehrfach.\" href=\"https:\/\/www.brennerbasisdemokratie.eu\/?p=88915\"><span style=\"color: #ff8c00\"><code>03<\/code><\/span><\/a><\/p>","protected":false},"excerpt":{"rendered":"<p>Wenn sich die SVP in Zukunft vorbeh\u00e4lt, ihre eigenen Gedenkveranstaltungen zu organisieren, dann ist das ihr gutes Recht. Wie w\u00e4r&#8217;s mit einem j\u00e4hrlichen Aufmarsch anl\u00e4sslich des 4. Novembers vor dem Siegesdenkmal, gemeinsam mit dem neuen Partner Holzmann? Ulli Mair, Landtagsabgeordnete der Freiheitlichen Leserbrief in der TAZ vom 3. Dezember 2003 Was war geschehen? Die S\u00fcdtiroler [&hellip;]<\/p>","protected":false},"author":1,"featured_media":0,"comment_status":"open","ping_status":"open","sticky":false,"template":"","format":"standard","meta":{"_crdt_document":"","ngg_post_thumbnail":0,"_jetpack_memberships_contains_paid_content":false,"footnotes":""},"categories":[1],"tags":[],"class_list":["post-83163","post","type-post","status-publish","format-standard","hentry","category-allgemein","entity-fdi","entity-freiheitliche","entity-landesregierung","entity-pdl","entity-schutzen","entity-sudtiroler-landtag","entity-svp","issue-faschistische-relikte","issue-geschichtsaufarbeitung","issue-zitac","location-sudtirolo","language-deutsch","medium-taz","person-giorgio-holzmann","person-ulli-mair","topic-faschismen","topic-geschichte","topic-medien","topic-nationalismus","topic-politik","topic-symbolik","topic-tagnacht"],"jetpack_featured_media_url":"","jetpack_sharing_enabled":true,"_links":{"self":[{"href":"https:\/\/www.brennerbasisdemokratie.eu\/index.php?rest_route=\/wp\/v2\/posts\/83163","targetHints":{"allow":["GET"]}}],"collection":[{"href":"https:\/\/www.brennerbasisdemokratie.eu\/index.php?rest_route=\/wp\/v2\/posts"}],"about":[{"href":"https:\/\/www.brennerbasisdemokratie.eu\/index.php?rest_route=\/wp\/v2\/types\/post"}],"author":[{"embeddable":true,"href":"https:\/\/www.brennerbasisdemokratie.eu\/index.php?rest_route=\/wp\/v2\/users\/1"}],"replies":[{"embeddable":true,"href":"https:\/\/www.brennerbasisdemokratie.eu\/index.php?rest_route=%2Fwp%2Fv2%2Fcomments&post=83163"}],"version-history":[{"count":9,"href":"https:\/\/www.brennerbasisdemokratie.eu\/index.php?rest_route=\/wp\/v2\/posts\/83163\/revisions"}],"predecessor-version":[{"id":88920,"href":"https:\/\/www.brennerbasisdemokratie.eu\/index.php?rest_route=\/wp\/v2\/posts\/83163\/revisions\/88920"}],"wp:attachment":[{"href":"https:\/\/www.brennerbasisdemokratie.eu\/index.php?rest_route=%2Fwp%2Fv2%2Fmedia&parent=83163"}],"wp:term":[{"taxonomy":"category","embeddable":true,"href":"https:\/\/www.brennerbasisdemokratie.eu\/index.php?rest_route=%2Fwp%2Fv2%2Fcategories&post=83163"},{"taxonomy":"post_tag","embeddable":true,"href":"https:\/\/www.brennerbasisdemokratie.eu\/index.php?rest_route=%2Fwp%2Fv2%2Ftags&post=83163"}],"curies":[{"name":"wp","href":"https:\/\/api.w.org\/{rel}","templated":true}]}}