{"id":83204,"date":"2024-01-22T11:45:19","date_gmt":"2024-01-22T10:45:19","guid":{"rendered":"https:\/\/www.brennerbasisdemokratie.eu\/?p=83204"},"modified":"2024-05-19T08:50:42","modified_gmt":"2024-05-19T06:50:42","slug":"gennaccaro-der-gemasigte","status":"publish","type":"post","link":"https:\/\/www.brennerbasisdemokratie.eu\/?p=83204","title":{"rendered":"Gennaccaro, der Gem\u00e4\u00dfigte."},"content":{"rendered":"<p>Er wurde schon als Garant f\u00fcr eine Verankerung der Koalition zwischen <abbr title=\"S\u00fcdtiroler Volkspartei\">SVP<\/abbr> und Recht(sextrem)en in der Mitte gehandelt, selbst sieht er sich zumindest als \u00bbnicht rechts\u00ab, wie er vor wenigen Tagen in einem <em>Salto<\/em>&#8211;<a title=\"Salto: Non sono di destra.\" href=\"https:\/\/salto.bz\/de\/article\/17012024\/non-sono-di-destra\" target=\"_blank\" rel=\"noopener\">Interview<\/a> sagte. M\u00e4\u00dfigung wird Angelo Gennaccaro <em>(La Civica)<\/em> fast \u00fcberall bescheinigt.<\/p>\n<p>Ich selbst hatte bereits <a title=\"LGBT: Kandidaten f\u00fcr Diskriminierung.\" href=\"https:\/\/www.brennerbasisdemokratie.eu\/?p=29095\" rel=\"\">darauf hingewiesen<\/a>, dass er im Vorfeld der Gemeinderatswahl 2016 in seiner Rolle als B\u00fcrgermeisterkandidat eine homophobe Selbstverpflichtung der einschl\u00e4gigen Bewegung <em>Generazione Famiglia LMPT<\/em> unterzeichnet hatte. Ihm gleich taten es sonst nur Kandidatinnen der Rechten <em>(Uniti per Bolzano,<\/em> <em>Alleanza per Bolzano<\/em> und <em>Lega Nord). <\/em>Damit stellte sich Gennaccaro auch gegen jegliche Form der Anerkennung gleichgeschlechtlicher Paare, die damals in Italien (als einziges westeurop\u00e4isches EU-Land) noch nicht gegeben war.<\/p>\n<p>Nun wurde mir eine Kopie der von ihm ausgef\u00fcllten und unterzeichneten Vorlage zugespielt, die ich hier wiedergebe:<\/p>\n<blockquote><p><a href=\"https:\/\/www.brennerbasisdemokratie.eu\/wp-content\/uploads\/2024\/01\/gennaccaro_generazionefamiglia.png\"><img loading=\"lazy\" decoding=\"async\" class=\"aligncenter wp-image-83205\" src=\"https:\/\/www.brennerbasisdemokratie.eu\/wp-content\/uploads\/2024\/01\/gennaccaro_generazionefamiglia.png\" alt=\"\" width=\"650\" height=\"863\" srcset=\"https:\/\/www.brennerbasisdemokratie.eu\/wp-content\/uploads\/2024\/01\/gennaccaro_generazionefamiglia.png 950w, https:\/\/www.brennerbasisdemokratie.eu\/wp-content\/uploads\/2024\/01\/gennaccaro_generazionefamiglia-768x1020.png 768w, https:\/\/www.brennerbasisdemokratie.eu\/wp-content\/uploads\/2024\/01\/gennaccaro_generazionefamiglia-903x1200.png 903w\" sizes=\"auto, (max-width: 650px) 100vw, 650px\" \/><\/a><\/p><\/blockquote>\n<p><small><em>Bild zum Vergr\u00f6\u00dfern anklicken<\/em><\/small><\/p>\n<p>Von dieser \u00e4u\u00dferst bedenklichen Verpflichtung zur Diskriminierung gleichgeschlechtlicher Paare hat sich Gennaccaro meines Wissens bis heute nicht distanziert. Ist er damit ein Rechter? Nach meiner Auffassung ja. Doch l\u00e4ngst sind selbst viele dezidiert rechte Kr\u00e4fte in Europa so weit, dass sie die Gleichberechtigung von Homosexuellen explizit mittragen. Und auch die SVP ist insgesamt sehr viel weiter als der nunmehrige Landtagsabgeordnete der <em>Civica.<\/em><\/p>\n<p>Als gem\u00e4\u00dfigt kann Gennaccaro mit dieser Position h\u00f6chstens gelten, weil die gesamte politische Landschaft in Italien sehr weit <a title=\"Nach rechts verschobene Politlandschaft.\" href=\"https:\/\/www.brennerbasisdemokratie.eu\/?p=78597\" rel=\"\">nach rechts verschoben<\/a> ist. Und weil er im Vergleich zu den \u00fcbrigen Koalitionspartnerinnen der <em>Volkspartei<\/em> wie ein L\u00e4mmchen wirkt.<\/p>\n<p><strong><span style=\"font-family: Helvetica, Arial, sans-serif; text-transform: uppercase;\">C\u00ebla enghe:<\/span><\/strong> <a title=\"Homophobie: Zanvit gegen Gennaccaro.\" href=\"https:\/\/www.brennerbasisdemokratie.eu\/?p=31303\" rel=\"\"><code>01<\/code><\/a> <a title=\"Kreuzzug gegen Regenbogenflagge.\" href=\"https:\/\/www.brennerbasisdemokratie.eu\/?p=79051\" rel=\"\"><code>02<\/code><\/a> <a title=\"Ulli Mair oder wie die Zeiten sich \u00e4ndern.\" href=\"https:\/\/www.brennerbasisdemokratie.eu\/?p=83163\" rel=\"\"><code>03<\/code><\/a> <a title=\"V\u00f6llig bedeutungslose Pr\u00e4ambel.\" href=\"https:\/\/www.brennerbasisdemokratie.eu\/?p=82877\" rel=\"\"><code>04<\/code><\/a> <a title=\"Keinen Zentimeter.\" href=\"https:\/\/www.brennerbasisdemokratie.eu\/?p=82859\" rel=\"\"><code>05<\/code><\/a> <a title=\"Christian Bianchi gegen unbegr\u00fcndete Vorw\u00fcrfe.\" href=\"https:\/\/www.brennerbasisdemokratie.eu\/?p=82783\" rel=\"\"><code>06<\/code><\/a> <span style=\"font-family: Helvetica, Arial, sans-serif; font-weight: normal;\">||<\/span> <a href=\"https:\/\/www.brennerbasisdemokratie.eu\/?p=85789\" title=\"Homophobes Italien.\"><span style=\"color: #ff8c00\"><code>01<\/code><\/span><\/a><\/p>","protected":false},"excerpt":{"rendered":"<p>Er wurde schon als Garant f\u00fcr eine Verankerung der Koalition zwischen SVP und Recht(sextrem)en in der Mitte gehandelt, selbst sieht er sich zumindest als \u00bbnicht rechts\u00ab, wie er vor wenigen Tagen in einem Salto&#8211;Interview sagte. M\u00e4\u00dfigung wird Angelo Gennaccaro (La Civica) fast \u00fcberall bescheinigt. Ich selbst hatte bereits darauf hingewiesen, dass er im Vorfeld der [&hellip;]<\/p>","protected":false},"author":1,"featured_media":0,"comment_status":"open","ping_status":"open","sticky":false,"template":"","format":"standard","meta":{"_crdt_document":"","ngg_post_thumbnail":0,"_jetpack_memberships_contains_paid_content":false,"footnotes":""},"categories":[1],"tags":[],"class_list":["post-83204","post","type-post","status-publish","format-standard","hentry","category-allgemein","entity-lega","entity-pdl","entity-sudtiroler-landtag","entity-svp","issue-gemeindewahl-2015","issue-landtagswahl-2023","location-italy","location-sudtirolo","language-deutsch","medium-salto","person-angelo-gennaccaro","topic-discriminaziun","topic-faktencheck","topic-kohasion","topic-lgbtqia","topic-politik","topic-recht","topic-soziales"],"jetpack_featured_media_url":"","jetpack_sharing_enabled":true,"_links":{"self":[{"href":"https:\/\/www.brennerbasisdemokratie.eu\/index.php?rest_route=\/wp\/v2\/posts\/83204","targetHints":{"allow":["GET"]}}],"collection":[{"href":"https:\/\/www.brennerbasisdemokratie.eu\/index.php?rest_route=\/wp\/v2\/posts"}],"about":[{"href":"https:\/\/www.brennerbasisdemokratie.eu\/index.php?rest_route=\/wp\/v2\/types\/post"}],"author":[{"embeddable":true,"href":"https:\/\/www.brennerbasisdemokratie.eu\/index.php?rest_route=\/wp\/v2\/users\/1"}],"replies":[{"embeddable":true,"href":"https:\/\/www.brennerbasisdemokratie.eu\/index.php?rest_route=%2Fwp%2Fv2%2Fcomments&post=83204"}],"version-history":[{"count":4,"href":"https:\/\/www.brennerbasisdemokratie.eu\/index.php?rest_route=\/wp\/v2\/posts\/83204\/revisions"}],"predecessor-version":[{"id":85805,"href":"https:\/\/www.brennerbasisdemokratie.eu\/index.php?rest_route=\/wp\/v2\/posts\/83204\/revisions\/85805"}],"wp:attachment":[{"href":"https:\/\/www.brennerbasisdemokratie.eu\/index.php?rest_route=%2Fwp%2Fv2%2Fmedia&parent=83204"}],"wp:term":[{"taxonomy":"category","embeddable":true,"href":"https:\/\/www.brennerbasisdemokratie.eu\/index.php?rest_route=%2Fwp%2Fv2%2Fcategories&post=83204"},{"taxonomy":"post_tag","embeddable":true,"href":"https:\/\/www.brennerbasisdemokratie.eu\/index.php?rest_route=%2Fwp%2Fv2%2Ftags&post=83204"}],"curies":[{"name":"wp","href":"https:\/\/api.w.org\/{rel}","templated":true}]}}