{"id":83248,"date":"2024-01-24T23:07:53","date_gmt":"2024-01-24T22:07:53","guid":{"rendered":"https:\/\/www.brennerbasisdemokratie.eu\/?p=83248"},"modified":"2025-12-23T18:18:47","modified_gmt":"2025-12-23T17:18:47","slug":"grunweisrot-gegen-mehr-autonomie","status":"publish","type":"post","link":"https:\/\/www.brennerbasisdemokratie.eu\/?p=83248","title":{"rendered":"Gr\u00fcnwei\u00dfrot gegen mehr Autonomie."},"content":{"rendered":"<p>Die rechtsrechte italienische Regierungsmehrheit hat gestern im Senat einen Vorschlag von <em>Lega<\/em>-Minister Roberto Calderoli zur asymmetrischen Autonomie f\u00fcr Regionen mit Normalstatut gutgehei\u00dfen. Oppositionelle, die aus diesem Grund vorgeblich um die nationale Einheit f\u00fcrchten, haben auf besondere Art reagiert: Senatorinnen des <abbr title=\"Partito Democratico\">PD<\/abbr> hielten auf Papier gedruckte Nationalflaggen hoch und stimmten gemeinsam mit Kolleginnen der <abbr title=\"F\u00fcnfsternebewegung\">5SB<\/abbr> <a title=\"Mameli wird offiziell.\" href=\"https:\/\/www.brennerbasisdemokratie.eu\/?p=35578\" rel=\"\">die (blutr\u00fcnstige) Nationalhymne<\/a> an, aus deren Refrain sich \u00fcbrigens der Name der postfaschistischen <em>Fratelli d&#8217;Italia<\/em> ableitet. Letztendlich lie\u00dfen sich auch die Rechten die Gelegenheit nicht entgehen und sangen mit. Dass die angeblich Progressiven nichts besseres zustandebringen, als beim Thema der Autonomie ihren Nationalismus hervorzukehren, ist entt\u00e4uschend und aufschlussreich zugleich. Schon im Sommer hatte der PD <a title=\"Der PD f\u00fcr die Unteilbarkeit der Nation.\" href=\"https:\/\/www.brennerbasisdemokratie.eu\/?p=79413\" rel=\"\">die Unteilbarkeit der Nation beschworen<\/a>, um gegen die Pl\u00e4ne der Regierungsmehrheit mobilzumachen \u2014 anstatt einen konstruktiven Gegenentwurf vorzulegen.<\/p>\n<p>In ihrer Rolle als Vizepr\u00e4sidentin der Emilia-Romagna hatte die heutige Parteivorsitzende Elly Schlein noch gemeinsam mit ihrem Chef Stefano Bonaccini (PD) f\u00fcr mehr Autonomie gek\u00e4mpft. Die Region unterzeichnete damals ein entsprechendes Abkommen mit Ministerpr\u00e4sident Paolo Gentiloni, das jedoch nie umgesetzt wurde. Die \u00dcbertragung von Zust\u00e4ndigkeiten erfolgt nach Art. 116 der Verfassung, der von Mittelinks 2001 so abge\u00e4ndert worden war, dass auch gew\u00f6hnliche Regionen neue Kompetenzen \u00fcbernehmen k\u00f6nnen.<\/p>\n<p>Jetzt aber scheint der PD nicht mehr einen <em>anderen, <\/em>solidarischeren F\u00f6deralismus, sondern den blanken Zentralismus anzustreben.<\/p>\n<p><strong><span style=\"font-family: Helvetica, Arial, sans-serif; text-transform: uppercase;\">C\u00ebla enghe:<\/span><\/strong> <a title=\"F\u00f6deralisierung als Gefahr f\u00fcr die Autonomie.\" href=\"https:\/\/www.brennerbasisdemokratie.eu\/?p=83918\"><span style=\"color: #ff8c00\"><code>01<\/code><\/span><\/a> <a title=\"Vom PD noch weiter nach rechts.\" href=\"https:\/\/www.brennerbasisdemokratie.eu\/?p=84487\"><span style=\"color: #ff8c00\"><code>02<\/code><\/span><\/a> <a title=\"Calenda will Regionen eliminieren.\" href=\"https:\/\/www.brennerbasisdemokratie.eu\/?p=93123\"><span style=\"color: #ff8c00\"><code>03<\/code><\/span><\/a><\/p>","protected":false},"excerpt":{"rendered":"<p>Die rechtsrechte italienische Regierungsmehrheit hat gestern im Senat einen Vorschlag von Lega-Minister Roberto Calderoli zur asymmetrischen Autonomie f\u00fcr Regionen mit Normalstatut gutgehei\u00dfen. Oppositionelle, die aus diesem Grund vorgeblich um die nationale Einheit f\u00fcrchten, haben auf besondere Art reagiert: Senatorinnen des PD hielten auf Papier gedruckte Nationalflaggen hoch und stimmten gemeinsam mit Kolleginnen der 5SB die [&hellip;]<\/p>","protected":false},"author":1,"featured_media":0,"comment_status":"open","ping_status":"open","sticky":false,"template":"","format":"standard","meta":{"_crdt_document":"","ngg_post_thumbnail":0,"_jetpack_memberships_contains_paid_content":false,"footnotes":""},"categories":[1],"tags":[],"class_list":["post-83248","post","type-post","status-publish","format-standard","hentry","category-allgemein","entity-5sb","entity-fdi","entity-lega","entity-pd","entity-pdl","entity-staat-italien","issue-banalnationalism","issue-verfassungsreform-2001","location-italy","language-deutsch","person-elly-schlein","person-paolo-gentiloni","person-roberto-calderoli","topic-foederalismus","topic-nationalismus","topic-politik","topic-recht","topic-symbolik","topic-zentralismus"],"jetpack_featured_media_url":"","jetpack_sharing_enabled":true,"_links":{"self":[{"href":"https:\/\/www.brennerbasisdemokratie.eu\/index.php?rest_route=\/wp\/v2\/posts\/83248","targetHints":{"allow":["GET"]}}],"collection":[{"href":"https:\/\/www.brennerbasisdemokratie.eu\/index.php?rest_route=\/wp\/v2\/posts"}],"about":[{"href":"https:\/\/www.brennerbasisdemokratie.eu\/index.php?rest_route=\/wp\/v2\/types\/post"}],"author":[{"embeddable":true,"href":"https:\/\/www.brennerbasisdemokratie.eu\/index.php?rest_route=\/wp\/v2\/users\/1"}],"replies":[{"embeddable":true,"href":"https:\/\/www.brennerbasisdemokratie.eu\/index.php?rest_route=%2Fwp%2Fv2%2Fcomments&post=83248"}],"version-history":[{"count":5,"href":"https:\/\/www.brennerbasisdemokratie.eu\/index.php?rest_route=\/wp\/v2\/posts\/83248\/revisions"}],"predecessor-version":[{"id":93145,"href":"https:\/\/www.brennerbasisdemokratie.eu\/index.php?rest_route=\/wp\/v2\/posts\/83248\/revisions\/93145"}],"wp:attachment":[{"href":"https:\/\/www.brennerbasisdemokratie.eu\/index.php?rest_route=%2Fwp%2Fv2%2Fmedia&parent=83248"}],"wp:term":[{"taxonomy":"category","embeddable":true,"href":"https:\/\/www.brennerbasisdemokratie.eu\/index.php?rest_route=%2Fwp%2Fv2%2Fcategories&post=83248"},{"taxonomy":"post_tag","embeddable":true,"href":"https:\/\/www.brennerbasisdemokratie.eu\/index.php?rest_route=%2Fwp%2Fv2%2Ftags&post=83248"}],"curies":[{"name":"wp","href":"https:\/\/api.w.org\/{rel}","templated":true}]}}