{"id":83989,"date":"2024-02-22T17:04:38","date_gmt":"2024-02-22T16:04:38","guid":{"rendered":"https:\/\/www.brennerbasisdemokratie.eu\/?p=83989"},"modified":"2024-02-25T08:08:29","modified_gmt":"2024-02-25T07:08:29","slug":"belagertes-wallmapu","status":"publish","type":"post","link":"https:\/\/www.brennerbasisdemokratie.eu\/?p=83989","title":{"rendered":"Belagertes Wallmapu."},"content":{"rendered":"<!-- Snippets by WebberZone Snippetz --><div class=\"ata_snippets\"><hr style=\"height: 20px; border: none; margin-top: 0em; background-color: darkred;\"\/><\/div><p><strong>Der chilenische Siedlerstaat f\u00fchrt einen unerkl\u00e4rten Krieg gegen die Mapuche<\/strong><\/p>\n<p>Die <a href=\"https:\/\/gfbv-voices.org\/wahlen-in-chile-teil-i-nation-mapuche-und-souveraenitaet\/\">lateinamerikanischen Linken<\/a> sind verbal f\u00fcr indigene Rechte, in der praktischen Politik agieren sie wie ihr rechtes Gegen\u00fcber. In Nuancen unterscheiden sich die beiden Bl\u00f6cke. Kein Wunder, sind sie doch die Erben der hispanischen Eroberung. Chile ist ein Beispiel daf\u00fcr. Der linke <a href=\"https:\/\/amerika21.de\/analyse\/268015\/chile-mapuche-zuckerbrot-und-peitsche\">Pr\u00e4sident Gabriel Boric<\/a>, Hoffnungstr\u00e4ger der s\u00fcdamerikanischen Linken, l\u00e4sst seine <a href=\"https:\/\/amerika21.de\/2022\/10\/260316\/militaer-gegen-mapuche-chile\">\u00bbSicherheitskr\u00e4fte\u00ab<\/a> gegen demonstrierende und protestierende Mapuche aufmarschieren.<\/p>\n<p>In der <a href=\"https:\/\/www.bing.com\/videos\/riverview\/relatedvideo?q=wallmapu%20chile&amp;mid=0C98CEAE2804F0F33E4B0C98CEAE2804F0F33E4B&amp;ajaxhist=0\">Mapuche-Region<\/a> Wallmapu herrscht das <a href=\"https:\/\/amerika21.de\/2024\/02\/268080\/regierung-mehr-militaer\">Milit\u00e4r<\/a>, im Geiste der Pinochet-Diktatur. Mapuche-Aktivist:innen gelten als terroristisch, Polizei und Justiz gehen deshalb hart gegen Mapuche-Militante vor. In Wallmapu gilt der <a href=\"https:\/\/amerika21.de\/2022\/02\/256690\/ausnahmezustand-mapuche-gebiete-chile\">Ausnahmezustand<\/a>, herrscht weiterhin <a href=\"https:\/\/amerika21.de\/analyse\/247801\/kolonialismus-im-land-der-mapuche-chile\">spanischer Kolonialismus<\/a>.<\/p>\n<p>In Gesamt-Chile herrscht <a href=\"https:\/\/www.fr.de\/politik\/das-misstrauen-der-mapuche-in-chile-92479482.html\">anti-indigener Ausnahmezustand<\/a>. So lehnte 2022 eine Mehrheit der Chilen:innen eine <a href=\"https:\/\/www.tagesschau.de\/ausland\/amerika\/chile-verfassung-ablehnung-103.html\">weitreichende Verfassungsreform<\/a> auch zugunsten der Nachfahren der Ureinwohner ab. Diese gescheiterte Reform charakterisierte Chile als <a href=\"https:\/\/gfbv-voices.org\/plurinationales-chile\/\">plurinational<\/a>, wollte indigene Rechte \u2013 von der <a href=\"https:\/\/www.youtube.com\/watch?v=LefWpKTJC78\">Sprache \u00fcber Landrechte und Autonomie<\/a> \u2013 erstmals in der Verfassung festschreiben. Die Nachfahren der Eroberer lehnten Wiedergutmachung und Anerkennung zugunsten der Nachfahren der Eroberten ab. Zu den <a href=\"https:\/\/www.fdcl.org\/publication\/2021-12-30-mapuche-deutsch-chilenische-migrationsgeschichten-gestern-und-heute\/\">sch\u00e4rfsten Gegnern der Mapuche<\/a> z\u00e4hlen <a href=\"https:\/\/gfbv-voices.org\/deutsche-migrantinnen-in-chile-und-ihr-hass-auf-die-mapuche\/\">die Enkel deutscher Migranten<\/a>, meist \u00bbpolitische Fl\u00fcchtlinge\u00ab, weil Nazis.<\/p>\n<p>Die <a href=\"https:\/\/taz.de\/Indigene-in-Chile\/!5961520\/\">Front gegen die Mapuche<\/a> und die anderen indigenen V\u00f6lker wurde in den 1970er Jahren vom sozialistischen Staatspr\u00e4sidenten Salvador Allende durchbrochen. Er verf\u00fcgte die R\u00fcckgabe gestohlenen Landes an die Mapuche und verhandelte mit ihnen auf Augenh\u00f6he. Nach Protesten der Bauern, Fuhrunternehmer und anderer mittelst\u00e4ndischer Unternehmen putschte das Milit\u00e4r unter Anleitung der CIA gegen Allende. Die <a href=\"https:\/\/quetzal-leipzig.de\/lateinamerika\/chile\/pinochet-mapuche-diktatur\">Rache war furchtbar<\/a>, viele Angeh\u00f6rige der indigenen V\u00f6lker \u2014 wie Gewerkschafter und Linke \u2014 kamen unter die R\u00e4der der Diktatur.<\/p>\n<h6><a href=\"https:\/\/vnexplorer.net\/der-preis-des-blutes-der-luge-und-des-verrats-am-eigenen-volk-s1525389.html\">Preis des Blutes<\/a><\/h6>\n<p>Die Mapuche wehrten sich erfolgreich gegen den Imperialismus der Inka, widerstanden lange der blutigen spanischen Eroberung. Erst vor mehr als 100 Jahren gelang es den wei\u00dfen Gro\u00dfgrundbesitzern, im s\u00fcdlichen Chile \u2014 im Feuerland \u2014 und in Zentral-Chile den Widerstand zu brechen. Gr\u00fcndlich zu brechen. Die feuerl\u00e4ndischen Ureinwohner, die <a href=\"https:\/\/www.sapiens.org\/archaeology\/the-yaghan-rise-again\/\">Yaghan<\/a>, wurden dezimiert, auf einen \u00bbRestbestand\u00ab. Die Mapuche verloren einen Gro\u00dfteil ihres Landes, verloren gingen auch Sprache und Kultur.<\/p>\n<p>Die Geschichte der Eroberung und der angeblichen \u00bbZivilisierung\u00ab der Yaghan greift Regisseur und Drehbuchautor <a href=\"https:\/\/taz.de\/Chilenischer-Anti-Western-Colonos\/!5989016\/\">Felipe Galvez-Haberle<\/a> in seinem antikolonialistischen Western-Drama <em><a href=\"https:\/\/www.youtube.com\/watch?v=BHWqUnp1XYw\">Colonos<\/a><\/em> auf. Der Inhalt: 1901 beauftragen landhungrige Latifundisten drei Killer, das Feuerland von Indigenen zu s\u00e4ubern. Das Land soll \u00bbindianerfrei\u00ab werden, um es erschlie\u00dfen und besiedeln zu k\u00f6nnen. \u00bbUnter dem Befehl des britischen Soldaten Leutnant MacLennan und eines amerikanischen S\u00f6ldners lernt der junge halbchilenische Segundo den Preis f\u00fcr den Aufbau einer jungen Nation kennen \u2013 <a href=\"https:\/\/www.fr.de\/kultur\/tv-kino\/volk-filmkritik-colonos-felipe-galvez-haberle-oscar-nominiert-chile-verrat-eigenen-92833205.html\">den Preis des Blutes, der L\u00fcge und des Verrats am eigenen Volk<\/a>\u00ab, schreibt die <em>Frankfurter Rundschau.<\/em><\/p>\n<p>Haberle dokumentiert mit seinem Western die entgrenzte Siedlergewalt. Beispiele daf\u00fcr gab und gibt es viele, das Sand-Creek-Massaker 1864 im US-Bundesstaat Colorado, die Massaker an den Hereros und Namas 1904 im ehemaligen \u00bbDeutsch-S\u00fcdwestafrika\u00ab, die belgische Kolonialisierung des Kongo, die russische \u00bbLandnahme\u00ab Sibiriens, die Eroberung Amerikas \u2014 von Alaska bis Feuerland \u2014 steht f\u00fcr die europ\u00e4ische Vernichtung indigener Kulturen. <em>Colonos<\/em> von Haberle ist das chilenische Gegenst\u00fcck zu Martin Scorseses <a href=\"https:\/\/gfbv-voices.org\/killers-of-the-flower-moon\/\"><em>Killers of the Flower Moon<\/em><\/a>. Thema: Auf dem Land der <a href=\"https:\/\/www.osagenation-nsn.gov\/\">Osage<\/a> im US-Bundesstaat Oklahoma sprudelte in den 1920er Jahren unermesslich viel Erd\u00f6l, alle vertraglichen Abmachungen wurden von der ma\u00dflosen Gier der wei\u00dfen Mehrheitsgesellschaft gebrochen. Es kam zu einer Mordserie an Angeh\u00f6rigen der Osage. Zwei Regisseure, die die brutale Geschichte der Eroberung aufarbeiten, den Mythos der Landnahme blutrot einf\u00e4rben.<\/p>\n<!-- Snippets by WebberZone Snippetz --><div class=\"ata_snippets\"><hr style=\"height: 10px;border: none;margin-top: 0px;background-color: darkred\" \/>\r\n\r\n<div style=\"background-color: none;padding: 0px;font-size: 14px;font-family: Helvetica,Arial;margin: 10px 0px 0px 0px\"><span style=\"color: darkred\"><strong><small>Autor:innen- und Gastbeitr\u00e4ge widerspiegeln nicht notwendigerweise die Meinung oder die Position von BBD, so wie die jeweiligen Verfasser:innen nicht notwendigerweise die Ziele von BBD unterst\u00fctzen.<\/small><\/strong><small>\u00b7 I contributi esterni non necessariamente riflettono le opinioni o la posizione di BBD, come a loro volta le autrici\/gli autori non necessariamente condividono gli obiettivi di BBD. \u2014 <a href=\"http:\/\/www.brennerbasisdemokratie.eu\/?page_id=11356#copyleft\"><strong>\u00a9<\/strong><\/a><\/small><\/span><\/div><\/div>","protected":false},"excerpt":{"rendered":"<p>Der chilenische Siedlerstaat f\u00fchrt einen unerkl\u00e4rten Krieg gegen die Mapuche Die lateinamerikanischen Linken sind verbal f\u00fcr indigene Rechte, in der praktischen Politik agieren sie wie ihr rechtes Gegen\u00fcber. In Nuancen unterscheiden sich die beiden Bl\u00f6cke. Kein Wunder, sind sie doch die Erben der hispanischen Eroberung. Chile ist ein Beispiel daf\u00fcr. Der linke Pr\u00e4sident Gabriel Boric, [&hellip;]<\/p>","protected":false},"author":14,"featured_media":0,"comment_status":"open","ping_status":"open","sticky":false,"template":"","format":"standard","meta":{"_crdt_document":"","ngg_post_thumbnail":0,"_jetpack_memberships_contains_paid_content":false,"footnotes":""},"categories":[14],"tags":[],"class_list":["post-83989","post","type-post","status-publish","format-standard","hentry","category-autorinnen","issue-assimilierung","issue-geschichtsaufarbeitung","issue-zitac","location-afrika","location-america","location-asia","location-europa","location-russia","language-deutsch","topic-colonialismi","topic-discriminaziun","topic-faschismen","topic-geschichte","topic-kunst","topic-militar","topic-repression"],"jetpack_featured_media_url":"","jetpack_sharing_enabled":true,"_links":{"self":[{"href":"https:\/\/www.brennerbasisdemokratie.eu\/index.php?rest_route=\/wp\/v2\/posts\/83989","targetHints":{"allow":["GET"]}}],"collection":[{"href":"https:\/\/www.brennerbasisdemokratie.eu\/index.php?rest_route=\/wp\/v2\/posts"}],"about":[{"href":"https:\/\/www.brennerbasisdemokratie.eu\/index.php?rest_route=\/wp\/v2\/types\/post"}],"author":[{"embeddable":true,"href":"https:\/\/www.brennerbasisdemokratie.eu\/index.php?rest_route=\/wp\/v2\/users\/14"}],"replies":[{"embeddable":true,"href":"https:\/\/www.brennerbasisdemokratie.eu\/index.php?rest_route=%2Fwp%2Fv2%2Fcomments&post=83989"}],"version-history":[{"count":1,"href":"https:\/\/www.brennerbasisdemokratie.eu\/index.php?rest_route=\/wp\/v2\/posts\/83989\/revisions"}],"predecessor-version":[{"id":83990,"href":"https:\/\/www.brennerbasisdemokratie.eu\/index.php?rest_route=\/wp\/v2\/posts\/83989\/revisions\/83990"}],"wp:attachment":[{"href":"https:\/\/www.brennerbasisdemokratie.eu\/index.php?rest_route=%2Fwp%2Fv2%2Fmedia&parent=83989"}],"wp:term":[{"taxonomy":"category","embeddable":true,"href":"https:\/\/www.brennerbasisdemokratie.eu\/index.php?rest_route=%2Fwp%2Fv2%2Fcategories&post=83989"},{"taxonomy":"post_tag","embeddable":true,"href":"https:\/\/www.brennerbasisdemokratie.eu\/index.php?rest_route=%2Fwp%2Fv2%2Ftags&post=83989"}],"curies":[{"name":"wp","href":"https:\/\/api.w.org\/{rel}","templated":true}]}}