{"id":8417,"date":"2011-07-02T07:45:16","date_gmt":"2011-07-02T05:45:16","guid":{"rendered":"http:\/\/www.brennerbasisdemokratie.eu\/?p=8417"},"modified":"2024-09-11T14:25:30","modified_gmt":"2024-09-11T12:25:30","slug":"der-swr-will-die-finanzautonomie","status":"publish","type":"post","link":"https:\/\/www.brennerbasisdemokratie.eu\/?p=8417","title":{"rendered":"Der SWR will die Finanzautonomie."},"content":{"rendered":"<p>Nicht zum ersten Mal hat \u00bbdie Wirtschaft\u00ab vor wenigen Tagen verlangt, endlich die volle Finanzautonomie nach S\u00fcdtirol zu holen. Vor geraumer Zeit war es kein geringerer als Dieter Steger gewesen, der im Namen des damaligen Kaufleuteverbands (heute: <em>hds)<\/em> die finanzielle Abkoppelung von Rom gefordert hatte. Und neulich hatte die <em>S\u00fcdtiroler Wirtschaftszeitung<\/em> (SWZ) sogar \u00f6ffentlich mit dem Gedanken der staatlichen Unabh\u00e4ngigkeit gespielt.<\/p>\n<p>Diesmal hat Pr\u00e4sident Christoph Oberrauch den bei der Generalversammlung des <em>S\u00fcdtiroler Wirtschaftsrings<\/em> anwesenden Landeshauptmann aufgefordert, sich ernsthaft f\u00fcr die volle Finanzautonomie einzusetzen. Wenn man bedenkt, mit wieviel Eifer die <abbr title=\"S\u00fcdtiroler Volkspartei\">SVP<\/abbr> das sogenannte <em>Mail\u00e4nder Abkommen<\/em> als Finanzautonomie verkauft, ist das eine \u00f6ffentliche Blo\u00dfstellung. Auch eine deutliche Schelte wegen der ausufernden B\u00fcrokratie blieb Luis Durnwalder beim SWR nicht erspart.<\/p>\n<p>Neu an Oberrauchs Aussagen war aber weniger die Forderung nach einer umfassenden Finanzautonomie \u2014 die die Vorteile des Verteilens direkt an die Unannehmlichkeiten des Eintreibens koppeln und somit mehr Verantwortung erfordern w\u00fcrde \u2014 sondern vielmehr die Deutlichkeit seiner Worte zur Beschreibung der italienischen Situation:<\/p>\n<blockquote><p>Staatschulden, Steuerhinterziehung, \u00fcbersch\u00e4umende B\u00fcrokratie, Rechtsunsicherheit, Korruption, Zerstrittenheit unter den politischen Parteien und kein Konsens bei der Bev\u00f6lkerung f\u00fcr Sparma\u00dfnahmen \u2014 eine Kettenreaktion, die in den Staatsbankrott f\u00fchren muss, wo die Ersparnisse und Renten auf dem Spiel stehen und kein Platz f\u00fcr Zukunftsinvestitionen in Bildung, Infrastrukturen und Innovation ist.<\/p>\n<p><em><small>\u2013 Christoph Oberrauch<\/small><\/em><\/p><\/blockquote>\n<p>Diese Ausf\u00fchrungen d\u00fcrften dazu beitragen, die Zweifel derjenigen zu beheben, die sich noch vor wenigen Wochen gefragt hatten, ob S\u00fcdtirol allein, ohne Italien, \u00fcberhaupt wirtschaftlich \u00fcberlebensf\u00e4hig w\u00e4re: Kein Wirtschaftsvertreter w\u00fcrde die Steuerhoheit fordern, wenn sie nicht deutliche Vorteile verspr\u00e4che. Vielmehr k\u00f6nnte unser \u00dcberleben auf dem Spiel stehen, wenn wir unsere Finanzen nicht bald schon von den r\u00f6mischen abkoppeln.<\/p>","protected":false},"excerpt":{"rendered":"<p>Nicht zum ersten Mal hat \u00bbdie Wirtschaft\u00ab vor wenigen Tagen verlangt, endlich die volle Finanzautonomie nach S\u00fcdtirol zu holen. Vor geraumer Zeit war es kein geringerer als Dieter Steger gewesen, der im Namen des damaligen Kaufleuteverbands (heute: hds) die finanzielle Abkoppelung von Rom gefordert hatte. Und neulich hatte die S\u00fcdtiroler Wirtschaftszeitung (SWZ) sogar \u00f6ffentlich mit [&hellip;]<\/p>","protected":false},"author":1,"featured_media":0,"comment_status":"open","ping_status":"open","sticky":false,"template":"","format":"standard","meta":{"_crdt_document":"","ngg_post_thumbnail":0,"_jetpack_memberships_contains_paid_content":false,"footnotes":""},"categories":[1],"tags":[],"class_list":["post-8417","post","type-post","status-publish","format-standard","hentry","category-allgemein","entity-hds","entity-svp","issue-good-news","issue-mailander-abkommen","issue-zitac","location-sudtirolo","language-deutsch","medium-swz","person-dieter-steger","person-luis-durnwalder","topic-buerokratismus","topic-medien","topic-wirtschaft"],"jetpack_featured_media_url":"","jetpack_sharing_enabled":true,"_links":{"self":[{"href":"https:\/\/www.brennerbasisdemokratie.eu\/index.php?rest_route=\/wp\/v2\/posts\/8417","targetHints":{"allow":["GET"]}}],"collection":[{"href":"https:\/\/www.brennerbasisdemokratie.eu\/index.php?rest_route=\/wp\/v2\/posts"}],"about":[{"href":"https:\/\/www.brennerbasisdemokratie.eu\/index.php?rest_route=\/wp\/v2\/types\/post"}],"author":[{"embeddable":true,"href":"https:\/\/www.brennerbasisdemokratie.eu\/index.php?rest_route=\/wp\/v2\/users\/1"}],"replies":[{"embeddable":true,"href":"https:\/\/www.brennerbasisdemokratie.eu\/index.php?rest_route=%2Fwp%2Fv2%2Fcomments&post=8417"}],"version-history":[{"count":6,"href":"https:\/\/www.brennerbasisdemokratie.eu\/index.php?rest_route=\/wp\/v2\/posts\/8417\/revisions"}],"predecessor-version":[{"id":88104,"href":"https:\/\/www.brennerbasisdemokratie.eu\/index.php?rest_route=\/wp\/v2\/posts\/8417\/revisions\/88104"}],"wp:attachment":[{"href":"https:\/\/www.brennerbasisdemokratie.eu\/index.php?rest_route=%2Fwp%2Fv2%2Fmedia&parent=8417"}],"wp:term":[{"taxonomy":"category","embeddable":true,"href":"https:\/\/www.brennerbasisdemokratie.eu\/index.php?rest_route=%2Fwp%2Fv2%2Fcategories&post=8417"},{"taxonomy":"post_tag","embeddable":true,"href":"https:\/\/www.brennerbasisdemokratie.eu\/index.php?rest_route=%2Fwp%2Fv2%2Ftags&post=8417"}],"curies":[{"name":"wp","href":"https:\/\/api.w.org\/{rel}","templated":true}]}}