{"id":84323,"date":"2024-03-11T13:17:31","date_gmt":"2024-03-11T12:17:31","guid":{"rendered":"https:\/\/www.brennerbasisdemokratie.eu\/?p=84323"},"modified":"2025-06-26T20:42:38","modified_gmt":"2025-06-26T18:42:38","slug":"deutsch-erhalt-in-tschechien-mehr-rechte","status":"publish","type":"post","link":"https:\/\/www.brennerbasisdemokratie.eu\/?p=84323","title":{"rendered":"Deutsch erh\u00e4lt in Tschechien mehr Rechte."},"content":{"rendered":"<p>Im Rahmen der <em>Europ\u00e4ischen Charta der Regional- oder Minderheitensprachen<\/em> hat Tschechien beschlossen, seine Verpflichtungen in Bezug auf die deutsche Sprache in acht Bezirken, darunter Karlsbad, Reichenberg\/Liberec), Falkenau\/Sokolov und Troppau\/Opava deutlich zu erweitern. Dies teilten die Beh\u00f6rden in einer offiziellen Mitteilung vom 28. Februar mit.<\/p>\n<h6>Bildung<\/h6>\n<p>Konkret sollen k\u00fcnftig wesentliche Teile der Vor-, Grund- und Sekundar- sowie der technischen und Berufsbildung in deutscher Sprache angeboten werden, einige Universit\u00e4ts- und andere Formen der Hochschulbildung sogar vollst\u00e4ndig. Dar\u00fcber hinaus sollen der Unterricht \u00fcber die deutsche Sprache und Kultur in Tschechien gew\u00e4hrleistet und die daf\u00fcr n\u00f6tigen Lehrkr\u00e4fte ausgebildet werden. Es wird ein Aufsichtsorgan eingesetzt, das die Ma\u00dfnahmen und Fortschritte \u00fcberwacht und \u00f6ffentlich Bericht erstattet.<\/p>\n<h6>Justiz<\/h6>\n<p>Auch Deutsch als Gerichtssprache soll ausgeweitet werden. So sollen Angeklagte in Strafprozessen das Recht erhalten, Deutsch zu gebrauchen, Antr\u00e4ge und Beweismittel d\u00fcrfen k\u00fcnftig ebenso auf Deutsch vorgelegt werden und Schriftst\u00fccke, die mit dem Gerichtsverfahren zusammenh\u00e4ngen, m\u00fcssen auf Deutsch abgefasst werden.<\/p>\n<p>In Zivil- und Verwaltungsverfahren sollen die Parteien ebenfalls das Recht haben, die deutsche Sprache in Wort und Schrift zu gebrauchen, ohne dass ihnen dadurch Mehrkosten entstehen, selbst wenn zur Sicherstellung dieser M\u00f6glichkeit Dolmetscherinnen oder \u00dcbersetzungsdienste herangezogen werden m\u00fcssen.<\/p>\n<h6>Amtsverkehr<\/h6>\n<p>Fortan wird Tschechien auch Rechtsurkunden anerkennen, die ausschlie\u00dflich in deutscher Sprache abgefasst sind.<\/p>\n<p>B\u00fcrgerinnen deutscher Sprache sollen ferner das Recht erhalten, Antr\u00e4ge bei staatsweiten, regionalen und kommunalen Beh\u00f6rden in ihrer Sprache einzureichen sowie einen deutschen Nachnamen anzunehmen.<\/p>\n<h6>Kultur<\/h6>\n<p>Auch die Ausstrahlung von Fernseh- und Radiosendungen in deutscher Sprache sowie die F\u00f6rderung mindestens einer deutschsprachigen Zeitung sind vorgesehen. Der freie Empfang von Sendungen aus dem deutschsprachigen Ausland soll erm\u00f6glicht werden.<\/p>\n<p>In Bezug auf kulturelle Einrichtungen (wie Bibliotheken, Kulturzentren, Archive, Theater oder Kinos) und T\u00e4tigkeiten verpflichtet sich das Land, Initiativen in deutscher Sprache zu ermutigen und Zugangsm\u00f6glichkeiten zu f\u00f6rdern. Auch bei der Kulturpolitik im Ausland will Tschechien die deutsche Sprache fortan angemessen ber\u00fccksichtigen.<\/p>\n<h6>Wirtschaft und Soziales<\/h6>\n<p>Auf gesamtstaatlicher Ebene sollen zudem Hindernisse aus dem Weg ger\u00e4umt werden, die den Gebrauch von Deutsch im Zusammenhang mit wirtschaftlichen und sozialen T\u00e4tigkeiten behindern. Tschechien wird sich zudem um den Abschluss internationaler \u00dcbereink\u00fcnfte mit L\u00e4ndern des deutschen Sprachraums bem\u00fchen, um Kontakte zwischen der deutschen Minderheit im Land und dem benachbarten Ausland in den Bereichen der Kultur, der Bildung, der Information, der Berufsbildung und der Weiterbildung zu f\u00f6rdern. Die grenz\u00fcberschreitende Zusammenarbeit zwischen Beh\u00f6rden desselben Sprachraums soll ebenfalls erleichtert und gef\u00f6rdert werden.<\/p>\n<p>Die Umsetzung der nun eingegangenen Verpflichtungen werden Expertinnen des Europarats \u00fcberwachen, wie es von der <em>Charta der Regional- oder Minderheitensprachen<\/em> vorgesehen ist. Das entsprechende Monitoringverfahren wurde zum 1. Juli 2019 versch\u00e4rft.<\/p>\n<p>Diesen wichtigen Schritt, die Minderheitenrechte zu erweitern, macht Tschechien freiwillig, es war weder eine Niederlage in einem Krieg noch das Einschreiten einer Schutzmacht <em>(kin state)<\/em> wie in S\u00fcdtirol n\u00f6tig. Italien hat die <em>Charta<\/em> zwar schon im Juni 2000 unterzeichnet, weigert sich jedoch seit einem knappen Vierteljahrhundert, sie zu ratifizieren und umzusetzen.<\/p>\n<p><strong><span style=\"font-family: Helvetica, Arial, sans-serif; text-transform: uppercase;\">C\u00ebla enghe:<\/span><\/strong> <a title=\"Minderheiten: ELEN ruft Italien zur Umsetzung der Charta auf.\" href=\"https:\/\/www.brennerbasisdemokratie.eu\/?p=81651\" rel=\"\"><code>01<\/code><\/a>&nbsp;<a title=\"Minderheitenschutzbericht des Europarats.\" href=\"https:\/\/www.brennerbasisdemokratie.eu\/?p=76990\" rel=\"\"><code>02<\/code><\/a>&nbsp;<a title=\"Minderheiten brauchen endlich internationalen Schutz.\" href=\"https:\/\/www.brennerbasisdemokratie.eu\/?p=75226\" rel=\"\"><code>03<\/code><\/a> <a title=\"Carta delle lingue, critiche all\u2019Italia.\" href=\"https:\/\/www.brennerbasisdemokratie.eu\/?p=15630\" rel=\"\"><code>04<\/code><\/a> <a title=\"Die Charta der Minderheitensprachen.\" href=\"https:\/\/www.brennerbasisdemokratie.eu\/?p=1348\" rel=\"\"><code>05<\/code><\/a><\/p>","protected":false},"excerpt":{"rendered":"<p>Im Rahmen der Europ\u00e4ischen Charta der Regional- oder Minderheitensprachen hat Tschechien beschlossen, seine Verpflichtungen in Bezug auf die deutsche Sprache in acht Bezirken, darunter Karlsbad, Reichenberg\/Liberec), Falkenau\/Sokolov und Troppau\/Opava deutlich zu erweitern. Dies teilten die Beh\u00f6rden in einer offiziellen Mitteilung vom 28. Februar mit. Bildung Konkret sollen k\u00fcnftig wesentliche Teile der Vor-, Grund- und Sekundar- [&hellip;]<\/p>","protected":false},"author":1,"featured_media":0,"comment_status":"open","ping_status":"open","sticky":false,"template":"","format":"standard","meta":{"_crdt_document":"","ngg_post_thumbnail":0,"_jetpack_memberships_contains_paid_content":false,"footnotes":""},"categories":[1],"tags":[],"class_list":["post-84323","post","type-post","status-publish","format-standard","hentry","category-allgemein","entity-europarat","issue-charta-der-minderheitensprachen","issue-good-news","issue-schutzmacht","location-italy","location-sudtirolo","location-tschechien","language-deutsch","topic-bildung","topic-comparatio","topic-kunstcultura","topic-medien","topic-minderheitenschutz","topic-plurilinguism","topic-politik","topic-recht","topic-tech_com","topic-wirtschaft"],"jetpack_featured_media_url":"","jetpack_sharing_enabled":true,"_links":{"self":[{"href":"https:\/\/www.brennerbasisdemokratie.eu\/index.php?rest_route=\/wp\/v2\/posts\/84323","targetHints":{"allow":["GET"]}}],"collection":[{"href":"https:\/\/www.brennerbasisdemokratie.eu\/index.php?rest_route=\/wp\/v2\/posts"}],"about":[{"href":"https:\/\/www.brennerbasisdemokratie.eu\/index.php?rest_route=\/wp\/v2\/types\/post"}],"author":[{"embeddable":true,"href":"https:\/\/www.brennerbasisdemokratie.eu\/index.php?rest_route=\/wp\/v2\/users\/1"}],"replies":[{"embeddable":true,"href":"https:\/\/www.brennerbasisdemokratie.eu\/index.php?rest_route=%2Fwp%2Fv2%2Fcomments&post=84323"}],"version-history":[{"count":5,"href":"https:\/\/www.brennerbasisdemokratie.eu\/index.php?rest_route=\/wp\/v2\/posts\/84323\/revisions"}],"predecessor-version":[{"id":84333,"href":"https:\/\/www.brennerbasisdemokratie.eu\/index.php?rest_route=\/wp\/v2\/posts\/84323\/revisions\/84333"}],"wp:attachment":[{"href":"https:\/\/www.brennerbasisdemokratie.eu\/index.php?rest_route=%2Fwp%2Fv2%2Fmedia&parent=84323"}],"wp:term":[{"taxonomy":"category","embeddable":true,"href":"https:\/\/www.brennerbasisdemokratie.eu\/index.php?rest_route=%2Fwp%2Fv2%2Fcategories&post=84323"},{"taxonomy":"post_tag","embeddable":true,"href":"https:\/\/www.brennerbasisdemokratie.eu\/index.php?rest_route=%2Fwp%2Fv2%2Ftags&post=84323"}],"curies":[{"name":"wp","href":"https:\/\/api.w.org\/{rel}","templated":true}]}}