{"id":84393,"date":"2024-03-16T17:40:34","date_gmt":"2024-03-16T16:40:34","guid":{"rendered":"https:\/\/www.brennerbasisdemokratie.eu\/?p=84393"},"modified":"2025-10-21T10:51:29","modified_gmt":"2025-10-21T08:51:29","slug":"identitare-gymnasien","status":"publish","type":"post","link":"https:\/\/www.brennerbasisdemokratie.eu\/?p=84393","title":{"rendered":"Identit\u00e4re Gymnasien."},"content":{"rendered":"<p>Auch und gerade die Schule bleibt in Italien vom politischen Zugriff der Rechten nicht verschont. K\u00fcrzlich <a title=\"ARD: Eine Schule f\u00fcr den Stolz auf Italien.\" href=\"https:\/\/www.tagesschau.de\/ausland\/europa\/italien-schule-106.html\" target=\"_blank\" rel=\"noopener\">befasste<\/a> sich der <em>Deutschlandfunk<\/em> mit den neuen <em>Made-in-Italy-Gymnasien,<\/em> die von der Regierung um Giorgia Meloni (<abbr title=\"Fratelli d\u2019Italia\">FdI<\/abbr>) eingef\u00fchrt wurden und von denen ab dem Schuljahr 2025\/26 auch in S\u00fcdtirol eines anlaufen k\u00f6nnte.<\/p>\n<p>Laut Massimiliano Panarari, Soziologieprofessor an der Universit\u00e4t Modena und Reggio Emilia, der vom deutschen Fernsehen befragt wurde, handelt es sich dabei um ein Projekt, das einer identit\u00e4ren Logik folge. Sogar im Gesetz, mit dem der neue Schultyp \u2014 und \u00fcbrigens auch ein \u00bbNationaler Tag des <em>Made-in-Italy\u00ab<\/em> (am 15. April) \u2014 eingef\u00fchrt wurde, sei sogar ausdr\u00fccklich von einem \u00bbidentit\u00e4ren Erbe\u00ab die Rede. Die Regierung Meloni verfolge eine politische Strategie, um das Land in ihrem Sinne zu ver\u00e4ndern; die <em>Schule f\u00fcr den Stolz auf Italien<\/em> sei somit \u00bbTeil eines sehr viel gr\u00f6\u00dferen kulturellen Projekts\u00ab, so Panarari.<\/p>\n<blockquote><p>Das Made-in-Italy-Gymnasium ist Teil einer Vision der neuen Regierungsrechten, die dominant sein will, auch durch die Kultur, die Symbolik, die Soft Power.<\/p>\n<p><em><small>\u2013 Prof. Massimiliano Panarari<\/small><\/em><\/p><\/blockquote>\n<p>Ottavio di Paolo, Vizedirektor der <em>Giovanni-Paolo<\/em>-Schule in Ostia, der sich dem <em>Deutschlandfunk<\/em> gegen\u00fcber stolz erkl\u00e4rt, diesen Gymnasialzweig anzubieten, gibt an, damit werde man \u00bbdas Selbstwertgef\u00fchl erh\u00f6hen, um das Land voranzubringen\u00ab.<\/p>\n<p>Arm das Land, das solch billigen Nationalismus n\u00f6tig hat. Einziger Lichtblick: Wenn die Anmeldungen als Indikator gelten k\u00f6nnen, f\u00fchlen sich zumindest bislang nicht viele von der identit\u00e4ren Schule angesprochen.<\/p>\n<p>Doch Soziologe Panarari geht davon aus, dass die neofaschistischen <em>Fratelli d&#8217;Italia<\/em> dennoch an den Gymnasien festhalten werden, da es sich dabei um ein wichtiges Symbolprojekt handle.<\/p>\n<p><strong><span style=\"font-family: Helvetica, Arial, sans-serif; text-transform: uppercase;\">C\u00ebla enghe:<\/span><\/strong> <a title=\"Meloni macht Italien zur Sozialw\u00fcste.\" href=\"https:\/\/www.brennerbasisdemokratie.eu\/?p=82128\" rel=\"\"><code>01<\/code><\/a> <a title=\"Geschmackloser K\u00e4se.\" href=\"https:\/\/www.brennerbasisdemokratie.eu\/?p=84148\"><code>02<\/code><\/a> <span style=\"font-family: Helvetica, Arial, sans-serif; font-weight: normal;\">||<\/span> <a title=\"Bildungsziel Nationalismus.\" href=\"https:\/\/www.brennerbasisdemokratie.eu\/?p=90844\"><span style=\"color: #ff8c00\"><code>01<\/code><\/span><\/a> <a title=\"Fu\u00dfball: Nationalistischer Vollrausch.\" href=\"https:\/\/www.brennerbasisdemokratie.eu\/?p=84408\" rel=\"\"><span style=\"color: #ff8c00\"><code>02<\/code><\/span><\/a> <a title=\"Rom gegen die Sexualbildung.\" href=\"https:\/\/www.brennerbasisdemokratie.eu\/?p=95536\"><span style=\"color: #ff8c00\"><code>03<\/code><\/span><\/a><\/p>","protected":false},"excerpt":{"rendered":"<p>Auch und gerade die Schule bleibt in Italien vom politischen Zugriff der Rechten nicht verschont. K\u00fcrzlich befasste sich der Deutschlandfunk mit den neuen Made-in-Italy-Gymnasien, die von der Regierung um Giorgia Meloni (FdI) eingef\u00fchrt wurden und von denen ab dem Schuljahr 2025\/26 auch in S\u00fcdtirol eines anlaufen k\u00f6nnte. Laut Massimiliano Panarari, Soziologieprofessor an der Universit\u00e4t Modena [&hellip;]<\/p>","protected":false},"author":1,"featured_media":0,"comment_status":"open","ping_status":"open","sticky":false,"template":"","format":"standard","meta":{"_crdt_document":"","ngg_post_thumbnail":0,"_jetpack_memberships_contains_paid_content":false,"footnotes":""},"categories":[1],"tags":[],"class_list":["post-84393","post","type-post","status-publish","format-standard","hentry","category-allgemein","entity-fdi","issue-banalnationalism","issue-italianizzazione","issue-zitac","location-deutschland","location-italy","location-sudtirolo","language-deutsch","medium-ard","person-giorgia-meloni","topic-medien","topic-nationalismus","topic-politik","topic-scola","topic-symbolik","topic-wirtschaft","topic-wissenschaft"],"jetpack_featured_media_url":"","jetpack_sharing_enabled":true,"_links":{"self":[{"href":"https:\/\/www.brennerbasisdemokratie.eu\/index.php?rest_route=\/wp\/v2\/posts\/84393","targetHints":{"allow":["GET"]}}],"collection":[{"href":"https:\/\/www.brennerbasisdemokratie.eu\/index.php?rest_route=\/wp\/v2\/posts"}],"about":[{"href":"https:\/\/www.brennerbasisdemokratie.eu\/index.php?rest_route=\/wp\/v2\/types\/post"}],"author":[{"embeddable":true,"href":"https:\/\/www.brennerbasisdemokratie.eu\/index.php?rest_route=\/wp\/v2\/users\/1"}],"replies":[{"embeddable":true,"href":"https:\/\/www.brennerbasisdemokratie.eu\/index.php?rest_route=%2Fwp%2Fv2%2Fcomments&post=84393"}],"version-history":[{"count":9,"href":"https:\/\/www.brennerbasisdemokratie.eu\/index.php?rest_route=\/wp\/v2\/posts\/84393\/revisions"}],"predecessor-version":[{"id":95561,"href":"https:\/\/www.brennerbasisdemokratie.eu\/index.php?rest_route=\/wp\/v2\/posts\/84393\/revisions\/95561"}],"wp:attachment":[{"href":"https:\/\/www.brennerbasisdemokratie.eu\/index.php?rest_route=%2Fwp%2Fv2%2Fmedia&parent=84393"}],"wp:term":[{"taxonomy":"category","embeddable":true,"href":"https:\/\/www.brennerbasisdemokratie.eu\/index.php?rest_route=%2Fwp%2Fv2%2Fcategories&post=84393"},{"taxonomy":"post_tag","embeddable":true,"href":"https:\/\/www.brennerbasisdemokratie.eu\/index.php?rest_route=%2Fwp%2Fv2%2Ftags&post=84393"}],"curies":[{"name":"wp","href":"https:\/\/api.w.org\/{rel}","templated":true}]}}