{"id":84851,"date":"2024-04-09T19:17:34","date_gmt":"2024-04-09T17:17:34","guid":{"rendered":"https:\/\/www.brennerbasisdemokratie.eu\/?p=84851"},"modified":"2024-04-09T20:07:31","modified_gmt":"2024-04-09T18:07:31","slug":"ohne-geschlossenen-hof","status":"publish","type":"post","link":"https:\/\/www.brennerbasisdemokratie.eu\/?p=84851","title":{"rendered":"Ohne geschlossenen Hof."},"content":{"rendered":"<p>Das Onlineportal <em>il Dolomiti<\/em> <a title=\"il Dolomiti: Qui da noi oggi\u2026\" href=\"https:\/\/www.ildolomiti.it\/altra-montagna\/attualit%C3%A0\/2024\/qui-da-noi-oggi-ci-sono-pochissimi-giovani-contadini-e-allora-come-si-fa-a-mantenere-un-territorio-una-storia-di-amicizia-e-cooperazione-dalla-valle-dei-mocheni-in-trentino\" target=\"_blank\" rel=\"noopener\">berichtet<\/a> \u00fcber drei Frauen, die im touristisch kaum erschlossenen Bersntol (Fersental) zusammenarbeiten, um ein sanftes und nachhaltiges Wirtschaftsmodell umzusetzen. Debora Muhlbacher f\u00fchrt mit ihrem Mann den <em>Mas La Grisota<\/em> in Oachbergh (Eichberg) \u2014 und was sie hier erz\u00e4hlt, halte ich auch aus S\u00fcdtiroler Sicht f\u00fcr interessant:<\/p>\n<blockquote><p>Der Traum, betont Debora, ist in einen Kontext wie jenen des Trentino eingebettet, das in gewisser Hinsicht im Vergleich zu anderen Gebieten eine \u00bbInsel der Seligen\u00ab darstellt, da sich das Berggebiet hier zu 70% in \u00f6ffentlichem Eigentum befindet, das mit strukturierten, zehnj\u00e4hrigen Forstbewirtschaftungspl\u00e4nen verwaltet wird. Doch gleichzeitig gibt es hier dieselben Probleme wie in anderen Bergregionen, angefangen bei der extremen Zersplitterung der Privatgr\u00fcnde, die eine Bewirtschaftung schwer machen, wenn man ein Einkommen generieren m\u00f6chte. \u00bbIm Trentino wurde die Institution des geschlossenen Hofes anders als in S\u00fcdtirol nicht beibehalten\u00ab, erkl\u00e4rt Debora. \u00bbDas Ergebnis ist eine parzellierte und fragmentierte Landschaft. Mit unserem Betrieb k\u00fcmmern wir uns darum, indem wir m\u00e4hen und die Fl\u00e4chen wieder in Wiesen verwandeln. Wir m\u00e4hen auf insgesamt 18 Hektar: drei geh\u00f6ren uns, f\u00fcr die \u00fcbrigen habe ich 40 Seiten Katasterparzellen, bei denen ich mich um Leih- oder Pachtvertr\u00e4ge k\u00fcmmern muss. Es ist ein Chaos.\u00ab<\/p><\/blockquote>\n<p><em><small>\u00dcbersetzung von mir<\/small><\/em><\/p>\n<p>In S\u00fcdtirol hat der geschlossene Hof oft eine schlechte Presse, nicht immer zu Unrecht. Doch im Trentino \u2014 diese Erfahrung habe ich auch pers\u00f6nlich gemacht \u2014 wird es als gro\u00dfes Vers\u00e4umnis angesehen, diese Einrichtung nicht \u00fcbernommen zu haben. Die Folgen f\u00fcr die Landwirtschaft sind mancherorts katastrophal.<\/p>","protected":false},"excerpt":{"rendered":"<p>Das Onlineportal il Dolomiti berichtet \u00fcber drei Frauen, die im touristisch kaum erschlossenen Bersntol (Fersental) zusammenarbeiten, um ein sanftes und nachhaltiges Wirtschaftsmodell umzusetzen. Debora Muhlbacher f\u00fchrt mit ihrem Mann den Mas La Grisota in Oachbergh (Eichberg) \u2014 und was sie hier erz\u00e4hlt, halte ich auch aus S\u00fcdtiroler Sicht f\u00fcr interessant: Der Traum, betont Debora, ist [&hellip;]<\/p>","protected":false},"author":1,"featured_media":0,"comment_status":"open","ping_status":"open","sticky":false,"template":"","format":"standard","meta":{"_crdt_document":"","ngg_post_thumbnail":0,"_jetpack_memberships_contains_paid_content":false,"footnotes":""},"categories":[1],"tags":[],"class_list":["post-84851","post","type-post","status-publish","format-standard","hentry","category-allgemein","entity-land-sudtirol","issue-quotation","location-sudtirolo","location-trentino","language-deutsch","medium-il-dolomiti","topic-arch","topic-comparatio","topic-feminae","topic-landwirtschaft","topic-medien","topic-tourismus","topic-wirtschaft"],"jetpack_featured_media_url":"","jetpack_sharing_enabled":true,"_links":{"self":[{"href":"https:\/\/www.brennerbasisdemokratie.eu\/index.php?rest_route=\/wp\/v2\/posts\/84851","targetHints":{"allow":["GET"]}}],"collection":[{"href":"https:\/\/www.brennerbasisdemokratie.eu\/index.php?rest_route=\/wp\/v2\/posts"}],"about":[{"href":"https:\/\/www.brennerbasisdemokratie.eu\/index.php?rest_route=\/wp\/v2\/types\/post"}],"author":[{"embeddable":true,"href":"https:\/\/www.brennerbasisdemokratie.eu\/index.php?rest_route=\/wp\/v2\/users\/1"}],"replies":[{"embeddable":true,"href":"https:\/\/www.brennerbasisdemokratie.eu\/index.php?rest_route=%2Fwp%2Fv2%2Fcomments&post=84851"}],"version-history":[{"count":3,"href":"https:\/\/www.brennerbasisdemokratie.eu\/index.php?rest_route=\/wp\/v2\/posts\/84851\/revisions"}],"predecessor-version":[{"id":84854,"href":"https:\/\/www.brennerbasisdemokratie.eu\/index.php?rest_route=\/wp\/v2\/posts\/84851\/revisions\/84854"}],"wp:attachment":[{"href":"https:\/\/www.brennerbasisdemokratie.eu\/index.php?rest_route=%2Fwp%2Fv2%2Fmedia&parent=84851"}],"wp:term":[{"taxonomy":"category","embeddable":true,"href":"https:\/\/www.brennerbasisdemokratie.eu\/index.php?rest_route=%2Fwp%2Fv2%2Fcategories&post=84851"},{"taxonomy":"post_tag","embeddable":true,"href":"https:\/\/www.brennerbasisdemokratie.eu\/index.php?rest_route=%2Fwp%2Fv2%2Ftags&post=84851"}],"curies":[{"name":"wp","href":"https:\/\/api.w.org\/{rel}","templated":true}]}}