{"id":84923,"date":"2024-04-13T15:35:39","date_gmt":"2024-04-13T13:35:39","guid":{"rendered":"https:\/\/www.brennerbasisdemokratie.eu\/?p=84923"},"modified":"2024-05-25T12:51:33","modified_gmt":"2024-05-25T10:51:33","slug":"klager-ortega","status":"publish","type":"post","link":"https:\/\/www.brennerbasisdemokratie.eu\/?p=84923","title":{"rendered":"Kl\u00e4ger Ortega."},"content":{"rendered":"<!-- Snippets by WebberZone Snippetz --><div class=\"ata_snippets\"><hr style=\"height: 20px; border: none; margin-top: 0em; background-color: darkred;\"\/><\/div><p>Daniel Ortega, Langzeitpr\u00e4sident von Nicaragua, ein linker Diktator, wirft Deutschland \u00bbBeihilfe zum V\u00f6lkermord in Gaza\u00ab vor. \u00c4hnliches geben die linken Pr\u00e4sidenten von Brasilien und Chile von sich. Im Chor als Leiter mit dabei: S\u00fcdafrikas Pr\u00e4sident <a href=\"https:\/\/www.deutschlandfunk.de\/ende-der-ramaphoria-enttaeuschte-hoffnungen-in-suedafrika-100.html\">Cyril Ramaphosa<\/a> vom <a href=\"https:\/\/www.bpb.de\/shop\/zeitschriften\/apuz\/186876\/der-lange-weg-des-anc-aus-dem-widerstand-zur-staatspartei\/\">ANC.<\/a><\/p>\n<p>In <a href=\"https:\/\/amerika21.de\/2024\/03\/268776\/brasilien-illergaler-goldabbau-amazonien\">Brasilien<\/a> stehen die indigenen V\u00f6lker im Amazonas trotz anderslautender Ank\u00fcndigungen weiterhin dramatisch unter Druck, <a href=\"https:\/\/amerika21.de\/analyse\/268015\/chile-mapuche-zuckerbrot-und-peitsche\">Chile<\/a> geht repressiv gegen Mapuche-Aktivist:innen vor, <a href=\"https:\/\/www.spiegel.de\/ausland\/suedafrika-cyril-ramaphosa-lehnt-ruecktritt-als-praesident-ab-a-480ce724-1bba-47ef-830d-03d556c223cc\">S\u00fcdafrika<\/a> versinkt im Sumpf der Geldw\u00e4sche und Korruption.<span class=\"Apple-converted-space\">&nbsp;<\/span><\/p>\n<p>Die zur <a href=\"https:\/\/taz.de\/Spaltungen-in-Suedafrikas-ANC\/!5982797\/\">Staatspartei<\/a> gewandelte Befreiungsbewegung ANC ist intern zerstritten und verfeindet, zu einer Interessenorganisation des s\u00fcdafrikanischen Kapitals <a href=\"https:\/\/derfunke.at\/10900-generalstreik-gegen-das-anc-regime\">degeneriert<\/a>, befeuert einen <a href=\"https:\/\/www.deutschlandfunk.de\/farbige-identitaet-in-suedafrika-nicht-weiss-nicht-schwarz-100.html\">Rassismus gegen Diverse<\/a> und einen ungem\u00fctlichen Bantu-Nationalismus gegen die Zulu. Konflikte \u00bbforderten\u00ab immer wieder Tote. Die s\u00fcdafrikanische Armee \u00bbengagiert\u00ab sich im <a href=\"https:\/\/gfbv-voices.org\/vergessenes-ost-kongo\/\">Kongo gegen die Tutsi-Rebellen.<\/a><\/p>\n<p>Drei L\u00e4nder des sogenannten globalen S\u00fcdens mit jeder Menge <a href=\"https:\/\/amerika21.de\/blog\/2024\/03\/268575\/der-westen-der-sueden-und-das-recht-ii\">\u00bbDreck am Stecken\u00ab.<\/a><\/p>\n<h6>Ortegas Nicaragua<\/h6>\n<p>Daniel Ortega ist ein besonderer Fall f\u00fcr sich. Im Jahr 1979 gelang es den Sandinisten, den von den USA gest\u00fctzten Diktator und Menschenverachter Somoza zu st\u00fcrzen. Der Diktatur fielen 18.000 Menschen zum Opfer, 170.000 flohen aus dem Land.<\/p>\n<p>Aus der Befreiung wurde eine brutale linke Diktatur. Das neue Nicaragua leidet an einem Geburtsfehler. Die revolution\u00e4re Regierung lie\u00df 1982 ihre Truppen gegen die <a href=\"https:\/\/www.spiegel.de\/politik\/kampf-um-das-ueberleben-der-indianer-a-e18b8750-0002-0001-0000-000014352407\">indigenen V\u00f6lker an der Atlantikk\u00fcste<\/a> aufmarschieren, die Miskitos und ihre Verwandten dr\u00e4ngten auf eine <a href=\"https:\/\/www.spiegel.de\/politik\/tausende-miskito-indianer-a-1a8102df-0002-0001-0000-000013509415\">regionale Autonomie, auf Selbstverwaltung samt Regierung plus Kontrolle \u00fcber das Land.<\/a><\/p>\n<p>Unterst\u00fctzt wurden die <a href=\"https:\/\/www.cwis.org\/document\/nicaragua-sandinistas-misurasata-ans-the-rights-of-the-miskitos-sumus-and-ramas\/\">Miskitos<\/a>, die auch in der sandinistischen Befreiungsbewegung engagiert waren, vom rechten US-Pr\u00e4sidenten Ronald Reagan und von seiner CIA, sie sponserten die antisandinistischen <em><a href=\"https:\/\/www.jstor.org\/stable\/4490421\">Contras.<\/a><\/em><\/p>\n<p>Die sandinistische Revolutionsregierung lie\u00df mehr als 10.000 Miskotos ins Landesinnere umsiedeln, die ehemalige Revolutionsarmee ging r\u00fccksichtlos im Land der Miskitos vor, hinterlie\u00df viel verbrannte Erde und Tote. Die Solidarit\u00e4tsbewegung spaltete sich, aber nur ein kleiner Teil solidarisierte sich mit den \u2014 meist evangelischen und englischsprachigen \u2014 indigenen Bev\u00f6lkerungsgruppen an der Altantikk\u00fcste.<\/p>\n<p>Der bewaffnete indigene Widerstand kostete Menschenleben, erzwang aber auch vom Regime in Managua <a href=\"https:\/\/www.gfbv.it\/3dossier\/ind-voelker\/misquito.html\">Autonomie<\/a> f\u00fcr ihre Region. Das \u00bbneue\u00ab Nicaragua entstand wie das alte, mit einem Krieg gegen die Ureinwohner.<\/p>\n<h6>Der antiindigene Kleinkrieg geht weiter<\/h6>\n<p>Daran hat sich seitdem nicht viel ge\u00e4ndert. Ins Land der Miskitos dr\u00e4ngen <a href=\"https:\/\/apnews.com\/article\/nicaragua-mayangna-miskito-indigenous-bb2c375408a4a5b380bd54566a44be43\">landsuchende Bauern<\/a>, die auch vor Morden nicht zur\u00fcckschrecken. Der Staat schaut zu, l\u00e4sst das Treiben der Siedler ungehindert zu.<span class=\"Apple-converted-space\">&nbsp;<\/span><\/p>\n<p>Die Nachrichten \u00fcber <a href=\"https:\/\/apnews.com\/article\/nicaragua-mayangna-miskito-indigenous-bb2c375408a4a5b380bd54566a44be43\">\u00bb\u00dcbergriffe\u00ab<\/a> h\u00e4ufen sich, dabei war das sandinistische Nicaragua ein Vorreiter bei der Vergabe bedeutender Landrechte an indigene V\u00f6lker. Es gibt <a href=\"https:\/\/minorityrights.org\/communities\/miskitu\/\">23 indigene Territorien<\/a>, die sich \u00fcber 24.000 Quadratmeilen erstrecken und mehr als 200.000 indigene V\u00f6lker beherbergen. Das Gesetz verbietet den Verkauf von indigenem Land.<\/p>\n<p>Aber <a href=\"https:\/\/www.theguardian.com\/global-development\/2017\/mar\/01\/lush-heartlands-of-nicaragua-miskito-people-spark-deadly-land-disputes\">Papier ist geduldig<\/a>. Die <a href=\"https:\/\/apnews.com\/article\/crime-caribbean-mexico-city-nicaragua-b44e844a08829c4c69061f101c9a5a49\">Polizei<\/a> ging nur dann gegen die illegalen Siedler vor, wenn sich die ortsans\u00e4ssigen Indigenen zur Wehr setzten. Wegen der anhaltenden Gewalt fl\u00fcchteten einige Tausend aus ihrer <a href=\"https:\/\/minorityrights.org\/communities\/miskitu\/\">Heimat<\/a>, seitdem das <a href=\"https:\/\/www.bpb.de\/themen\/kriege-konflikte\/dossier-kriege-konflikte\/54799\/nicaragua\/\">Ortega-Regime immer autorit\u00e4rer wurde<\/a>, verlie\u00dfen mehr als 100.000 B\u00fcrgerinnen und B\u00fcrger das Land.<span class=\"Apple-converted-space\">&nbsp;<\/span><\/p>\n<h6>Ausgerechnet Nicaragua<\/h6>\n<p>\u00bbAusgerechnet Nicaragua klagt Israel an\u00ab, kommentierte <em><a href=\"https:\/\/www.derstandard.at\/story\/3000000215020\/ausgerechnet-nicaragua-klagt-israel-an\">Der Standard<\/a><\/em> die Klage Nicaraguas vor dem Internationalen Gerichtshof. \u00bbDie Kriegsf\u00fchrung in Gaza ist zu kritisieren; aber nicht von einigen der \u00fcbelsten Regimes\u00ab, findet die \u00f6sterreichische Tageszeitung.<\/p>\n<p>Nicaragua wird seit Ende der 1970er Jahre vom Ortega-Clan \u00bbregiert\u00ab. Der <a href=\"https:\/\/www.dw.com\/de\/un-nicaragua-begeht-verbrechen-gegen-die-menschlichkeit\/a-64868039\">einstige Revolution\u00e4r gleicht inzwischen Diktator<\/a> Somoza, der von den Sandinisten vertrieben wurde.<span class=\"Apple-converted-space\">&nbsp;<\/span><\/p>\n<p>Laut <em><a href=\"https:\/\/www.amnesty.de\/informieren\/amnesty-report\/nicaragua-2022\">Amnesty International<\/a><\/em> wird die Gewalt durch Polizeikr\u00e4fte, oft in Koordination mit parapolizeilichen Gruppen, exzessiv ausgef\u00fchrt. Die Polizei ist f\u00fcr tausende willk\u00fcrliche Inhaftierungen verantwortlich. Das <a href=\"https:\/\/www.die-tagespost.de\/politik\/un-bericht-regime-in-nicaragua-veruebt-menschenrechtsverletzungen-art-248688\">Ortega-Regime<\/a> begeht, kritisiert <em>Amnesty,<\/em> konstant Menschenrechtsverletzungen wie \u00bbwillk\u00fcrliche Inhaftierung, Folter, Verschwindenlassen, au\u00dfergerichtliche Exekutionen und willk\u00fcrlichen Entzug der Staatsb\u00fcrgerschaft\u00ab.<\/p>\n<p>Seit seiner Macht\u00fcbernahme f\u00fchrt das Regime gegen die indigene Bev\u00f6lkerung einen zerm\u00fcrmenden Kleinkrieg. Einer der <a href=\"https:\/\/amerika21.de\/2023\/03\/263244\/indigene-nicaragua-getoetet\">j\u00fcngsten Angriffe<\/a> fand in der Gemeinde Wil\u00fa statt, im Land der <a href=\"https:\/\/minorityrights.org\/communities\/mayangna\/\">Mayangna<\/a> in der n\u00f6rdlichen Karibikregion Nicaraguas. Dar\u00fcber informierte das Rechtshilfezentrum f\u00fcr indigene V\u00f6lker&nbsp;<a href=\"https:\/\/www.facebook.com\/calpinicaragua\">CALPI<\/a>&nbsp;<em>(Centro de Asistencia Legal a Pueblos Ind\u00edgenas)<\/em> aus dem Exil.<\/p>\n<!-- Snippets by WebberZone Snippetz --><div class=\"ata_snippets\"><hr style=\"height: 10px;border: none;margin-top: 0px;background-color: darkred\" \/>\r\n\r\n<div style=\"background-color: none;padding: 0px;font-size: 14px;font-family: Helvetica,Arial;margin: 10px 0px 0px 0px\"><span style=\"color: darkred\"><strong><small>Autor:innen- und Gastbeitr\u00e4ge widerspiegeln nicht notwendigerweise die Meinung oder die Position von BBD, so wie die jeweiligen Verfasser:innen nicht notwendigerweise die Ziele von BBD unterst\u00fctzen.<\/small><\/strong><small>\u00b7 I contributi esterni non necessariamente riflettono le opinioni o la posizione di BBD, come a loro volta le autrici\/gli autori non necessariamente condividono gli obiettivi di BBD. \u2014 <a href=\"http:\/\/www.brennerbasisdemokratie.eu\/?page_id=11356#copyleft\"><strong>\u00a9<\/strong><\/a><\/small><\/span><\/div><\/div>","protected":false},"excerpt":{"rendered":"<p>Daniel Ortega, Langzeitpr\u00e4sident von Nicaragua, ein linker Diktator, wirft Deutschland \u00bbBeihilfe zum V\u00f6lkermord in Gaza\u00ab vor. \u00c4hnliches geben die linken Pr\u00e4sidenten von Brasilien und Chile von sich. Im Chor als Leiter mit dabei: S\u00fcdafrikas Pr\u00e4sident Cyril Ramaphosa vom ANC. In Brasilien stehen die indigenen V\u00f6lker im Amazonas trotz anderslautender Ank\u00fcndigungen weiterhin dramatisch unter Druck, Chile [&hellip;]<\/p>","protected":false},"author":14,"featured_media":0,"comment_status":"open","ping_status":"open","sticky":false,"template":"","format":"standard","meta":{"_crdt_document":"","ngg_post_thumbnail":0,"_jetpack_memberships_contains_paid_content":false,"footnotes":""},"categories":[14],"tags":[],"class_list":["post-84923","post","type-post","status-publish","format-standard","hentry","category-autorinnen","entity-amnesty-international","issue-zitac","location-afrika","location-america","location-brasil","location-israel","location-palastina","location-usa","language-deutsch","medium-der-standard","topic-discriminaziun","topic-grundrechte","topic-krieg","topic-polizei","topic-repression"],"jetpack_featured_media_url":"","jetpack_sharing_enabled":true,"_links":{"self":[{"href":"https:\/\/www.brennerbasisdemokratie.eu\/index.php?rest_route=\/wp\/v2\/posts\/84923","targetHints":{"allow":["GET"]}}],"collection":[{"href":"https:\/\/www.brennerbasisdemokratie.eu\/index.php?rest_route=\/wp\/v2\/posts"}],"about":[{"href":"https:\/\/www.brennerbasisdemokratie.eu\/index.php?rest_route=\/wp\/v2\/types\/post"}],"author":[{"embeddable":true,"href":"https:\/\/www.brennerbasisdemokratie.eu\/index.php?rest_route=\/wp\/v2\/users\/14"}],"replies":[{"embeddable":true,"href":"https:\/\/www.brennerbasisdemokratie.eu\/index.php?rest_route=%2Fwp%2Fv2%2Fcomments&post=84923"}],"version-history":[{"count":4,"href":"https:\/\/www.brennerbasisdemokratie.eu\/index.php?rest_route=\/wp\/v2\/posts\/84923\/revisions"}],"predecessor-version":[{"id":84927,"href":"https:\/\/www.brennerbasisdemokratie.eu\/index.php?rest_route=\/wp\/v2\/posts\/84923\/revisions\/84927"}],"wp:attachment":[{"href":"https:\/\/www.brennerbasisdemokratie.eu\/index.php?rest_route=%2Fwp%2Fv2%2Fmedia&parent=84923"}],"wp:term":[{"taxonomy":"category","embeddable":true,"href":"https:\/\/www.brennerbasisdemokratie.eu\/index.php?rest_route=%2Fwp%2Fv2%2Fcategories&post=84923"},{"taxonomy":"post_tag","embeddable":true,"href":"https:\/\/www.brennerbasisdemokratie.eu\/index.php?rest_route=%2Fwp%2Fv2%2Ftags&post=84923"}],"curies":[{"name":"wp","href":"https:\/\/api.w.org\/{rel}","templated":true}]}}