{"id":84958,"date":"2024-04-16T16:46:54","date_gmt":"2024-04-16T14:46:54","guid":{"rendered":"https:\/\/www.brennerbasisdemokratie.eu\/?p=84958"},"modified":"2024-05-20T08:12:25","modified_gmt":"2024-05-20T06:12:25","slug":"alfa-romeo-und-die-kinderarbeit","status":"publish","type":"post","link":"https:\/\/www.brennerbasisdemokratie.eu\/?p=84958","title":{"rendered":"Alfa Romeo und die Kinderarbeit."},"content":{"rendered":"<p>Zu welch irrsinnigen Ausw\u00fcchsen die grassierende <em>Made-in-Italianisierung<\/em> f\u00fchren kann, zeigt die rechtsrechte Regierung von Giorgia Meloni (<abbr title=\"Fratelli d\u2019Italia\">FdI<\/abbr>) gerade: Adolfo Urso (FdI), seines Zeichens Minister f\u00fcr Unternehmen und \u2014 was sonst? \u2014 <em>Made in Italy<\/em> lieferte sich eine Polemik mit dem Automobilkonzern <em>Stellantis,<\/em> der ein neues Fahrzeug von <em>Alfa Romeo<\/em> mit der Modellbezeichnung <em>Milano<\/em> versehen hatte, obwohl es in Polen hergestellt wird. Das sei, so der Minister mit dem klingenden Vornamen, nicht nur unangemessen, sondern tats\u00e4chlich illegal, weil es eine Irref\u00fchrung der Konsumentinnen darstelle. Wer ein Auto mit dem Namen <em>Milano<\/em> kaufe, glaube wom\u00f6glich, dass es in Italien hergestellt wurde. Tatbestand <em>\u00bbItalian sounding\u00ab.<\/em><\/p>\n<p>Nach dem Motto \u00bbder Kl\u00fcgere gibt nach\u00ab teilte <em>Stellantis<\/em> nun mit, das Fahrzeug werde also doch nicht <em>Milano,<\/em> sondern <em>Junior<\/em> hei\u00dfen. Der abstrusen Logik der Marktnationalistinnen und des Ministers folgend werden jetzt vermutlich potentielle Kundinnen glauben, das Auto werde in Kinderarbeit hergestellt. Das Einlenken des Autobauers jedenfalls freute Herrn Urso au\u00dferordentlich \u2014 so sieht seiner Meinung nach wohl Industriepolitik im 21. Jahrhundert aus. Die Produktionsst\u00e4tten sind und bleiben im Ausland, aber wenigstens l\u00e4sst die Modellbezeichnung nicht an Italien denken.<\/p>\n<p>Ich hatte ja immer unvorstellbar gefunden, dass die Mail\u00e4nder Fu\u00dfballmannschaft <em>Inter<\/em> im Faschismus <em>Societ\u00e0 Sportiva Ambrosiana<\/em> hei\u00dfen musste, doch inzwischen leben wir wieder in sehr \u00e4hnlichen Zeiten. Ein <em>Ford Capri<\/em> oder ein <em>Opel Monza<\/em> w\u00e4ren heute vermutlich nicht mehr m\u00f6glich oder m\u00fcssten zumindest in Italien unter anderem Namen vermarktet werden. Dass <em>Lamborghini<\/em> (mit <em>Diablo, Murcielago\u2026) \u00bbSpanish sounding\u00ab<\/em> betreibt und ein <em>Ferrari<\/em> (genauso wie ein VW) die Modellbezeichnung <em>California<\/em> tr\u00e4gt, obwohl er nachweislich nicht dort hergestellt wird, sollte auch n\u00e4her unter die Lupe genommen werden.<\/p>\n<p>Sorry auch <em>Toblerone:<\/em> Dich wird es in Italien wohl ebenfalls bald nicht mehr geben, denn dort wird endlich richtige Wirtschaftspolitik betrieben. Hirnlos-autark.<\/p>\n<p><strong><span style=\"font-family: Helvetica, Arial, sans-serif; text-transform: uppercase;\">C\u00ebla enghe:<\/span><\/strong> <a title=\"Fiat beugt sich dem \u00bbProntuario\u00ab.\" href=\"https:\/\/www.brennerbasisdemokratie.eu\/?p=15691\"><code>01<\/code><\/a> <a title=\"Bauerntheater am Brenner.\" href=\"https:\/\/www.brennerbasisdemokratie.eu\/?p=84897\"><code>02<\/code><\/a> <a title=\"Il tricolore sulla carne Spam.\" href=\"https:\/\/www.brennerbasisdemokratie.eu\/?p=84370\"><code>03<\/code><\/a> <a title=\"Identit\u00e4re Gymnasien.\" href=\"https:\/\/www.brennerbasisdemokratie.eu\/?p=84393\"><code>04<\/code><\/a> <a title=\"Geschmackloser K\u00e4se.\" href=\"https:\/\/www.brennerbasisdemokratie.eu\/?p=84148\"><code>05<\/code><\/a> <span style=\"font-family: Helvetica, Arial, sans-serif; font-weight: normal;\">||<\/span> <a href=\"https:\/\/www.brennerbasisdemokratie.eu\/?p=85832\" title=\"Fiat muss umbenannt werden!\"><span style=\"color: #ff8c00\"><code>01<\/code><\/span><\/a><\/p>","protected":false},"excerpt":{"rendered":"<p>Zu welch irrsinnigen Ausw\u00fcchsen die grassierende Made-in-Italianisierung f\u00fchren kann, zeigt die rechtsrechte Regierung von Giorgia Meloni (FdI) gerade: Adolfo Urso (FdI), seines Zeichens Minister f\u00fcr Unternehmen und \u2014 was sonst? \u2014 Made in Italy lieferte sich eine Polemik mit dem Automobilkonzern Stellantis, der ein neues Fahrzeug von Alfa Romeo mit der Modellbezeichnung Milano versehen hatte, [&hellip;]<\/p>","protected":false},"author":1,"featured_media":0,"comment_status":"open","ping_status":"open","sticky":false,"template":"","format":"standard","meta":{"_crdt_document":"","ngg_post_thumbnail":0,"_jetpack_memberships_contains_paid_content":false,"footnotes":""},"categories":[1],"tags":[],"class_list":["post-84958","post","type-post","status-publish","format-standard","hentry","category-allgemein","entity-fdi","entity-staat-italien","issue-italianizzazione","location-italy","language-deutsch","person-giorgia-meloni","topic-faschismen","topic-nationalismus","topic-politik","topic-satire","topic-wirtschaft"],"jetpack_featured_media_url":"","jetpack_sharing_enabled":true,"_links":{"self":[{"href":"https:\/\/www.brennerbasisdemokratie.eu\/index.php?rest_route=\/wp\/v2\/posts\/84958","targetHints":{"allow":["GET"]}}],"collection":[{"href":"https:\/\/www.brennerbasisdemokratie.eu\/index.php?rest_route=\/wp\/v2\/posts"}],"about":[{"href":"https:\/\/www.brennerbasisdemokratie.eu\/index.php?rest_route=\/wp\/v2\/types\/post"}],"author":[{"embeddable":true,"href":"https:\/\/www.brennerbasisdemokratie.eu\/index.php?rest_route=\/wp\/v2\/users\/1"}],"replies":[{"embeddable":true,"href":"https:\/\/www.brennerbasisdemokratie.eu\/index.php?rest_route=%2Fwp%2Fv2%2Fcomments&post=84958"}],"version-history":[{"count":8,"href":"https:\/\/www.brennerbasisdemokratie.eu\/index.php?rest_route=\/wp\/v2\/posts\/84958\/revisions"}],"predecessor-version":[{"id":85834,"href":"https:\/\/www.brennerbasisdemokratie.eu\/index.php?rest_route=\/wp\/v2\/posts\/84958\/revisions\/85834"}],"wp:attachment":[{"href":"https:\/\/www.brennerbasisdemokratie.eu\/index.php?rest_route=%2Fwp%2Fv2%2Fmedia&parent=84958"}],"wp:term":[{"taxonomy":"category","embeddable":true,"href":"https:\/\/www.brennerbasisdemokratie.eu\/index.php?rest_route=%2Fwp%2Fv2%2Fcategories&post=84958"},{"taxonomy":"post_tag","embeddable":true,"href":"https:\/\/www.brennerbasisdemokratie.eu\/index.php?rest_route=%2Fwp%2Fv2%2Ftags&post=84958"}],"curies":[{"name":"wp","href":"https:\/\/api.w.org\/{rel}","templated":true}]}}