{"id":84988,"date":"2024-04-18T15:39:57","date_gmt":"2024-04-18T13:39:57","guid":{"rendered":"https:\/\/www.brennerbasisdemokratie.eu\/?p=84988"},"modified":"2024-04-23T20:16:58","modified_gmt":"2024-04-23T18:16:58","slug":"szenische-lesung-kommt-nach-brixen","status":"publish","type":"post","link":"https:\/\/www.brennerbasisdemokratie.eu\/?p=84988","title":{"rendered":"Szenische Lesung kommt nach Brixen."},"content":{"rendered":"<p>Nach der <a title=\"Rechtsextremer Geheimplan.\" href=\"https:\/\/www.brennerbasisdemokratie.eu\/?p=84715\">Veranstaltung von Anfang<\/a><a title=\"Rechtsextremer Geheimplan.\" href=\"https:\/\/www.brennerbasisdemokratie.eu\/?p=84715\"> April in Meran<\/a> kommt die Projektion einer szenischen Lesung von <em>Berliner Ensemble, Volkstheater Wien<\/em> und <em>Correctiv<\/em> mit dem Titel<\/p>\n<p style=\"text-align: center;\"><em><strong>Correctiv enth\u00fcllt:<\/strong><\/em><br \/>\n<strong>Rechtsextremer Geheimplan gegen Deutschland<\/strong><\/p>\n<p>auch nach Brixen, wo sie am Dienstag, den 23. April um 20.00 Uhr im <em>Astra<\/em> stattfindet.<\/p>\n<p style=\"text-align: center;\"><strong><small>Eintritt frei<\/small><\/strong><\/p>\n<p>Es organisieren <em>Spazio 77, No Excuses,<\/em> <em>Filmclub Brixen<\/em> sowie OEW mit <em>Zebra.<\/em> Lesung in deutscher Sprache mit anschlie\u00dfender Diskussion auf Deutsch und Italienisch.<em><br \/>\n<\/em><\/p>\n<blockquote><p>Von diesem Treffen sollte niemand erfahren: Hochrangige <abbr title=\"Alternative f\u00fcr Deutschland\">AfD<\/abbr>-Politiker, Neonazis und finanzstarke Unternehmer kamen im November 2023 in einem Hotel bei Potsdam zusammen.<\/p>\n<p>Sie planten nichts Geringeres als die Vertreibung von Millionen von Menschen aus Deutschland. Ziel ist es, die demokratische Grundstruktur der Bundesrepublik Deutschland zu untergraben. Erste Schritte sind bereits getan.<\/p>\n<p>Auch S\u00fcdtirol ist Einflussgebiet dieser menschenverachtenden Personen, die die Grunds\u00e4tze jeder europ\u00e4ischen Verfassung missachten.<\/p>\n<p>Landesabgeordnete haben diese Ziele bereits publik gemacht und diese Ideologie \u00f6ffentlich unterst\u00fctzt.<\/p>\n<p>Was ein solches \u00bbGedankenschlecht\u00ab mit sich bringt, haben Europa und auch S\u00fcdtirol bereits erlebt: Leid und Zerst\u00f6rung.<\/p>\n<p><em>\u2013 aus der Veranstaltungsank\u00fcndigung<\/em><\/p><\/blockquote>\n<p>Spenden f\u00fcr die gemeinn\u00fctzige Organisation <em>Correctiv<\/em> sind <a title=\"Spenden: Correctiv.\" href=\"https:\/\/correctiv.org\/unterstuetzen\/pressefreiheit2023\" target=\"_blank\" rel=\"noopener\">hier<\/a> m\u00f6glich.<\/p>\n<p><strong><span style=\"font-family: Helvetica, Arial, sans-serif; text-transform: uppercase;\">C\u00ebla enghe:<\/span><\/strong> <a title=\"Nazi Wirth Anderlan.\" href=\"https:\/\/www.brennerbasisdemokratie.eu\/?p=84186\"><code>01<\/code><\/a> <a title=\"AfD mit STF im S\u00fcdtiroler Landtag.\" href=\"https:\/\/www.brennerbasisdemokratie.eu\/?p=84855\"><code>02<\/code><\/a> <a title=\"Ungebremste Radikalisierung.\" href=\"https:\/\/www.brennerbasisdemokratie.eu\/?p=84450\"><code>03<\/code><\/a> <a title=\"Sellner-Vannacci: Hass im B\u00fcndel.\" href=\"https:\/\/www.brennerbasisdemokratie.eu\/?p=84421\"><code>04<\/code><\/a><\/p>","protected":false},"excerpt":{"rendered":"<p>Nach der Veranstaltung von Anfang April in Meran kommt die Projektion einer szenischen Lesung von Berliner Ensemble, Volkstheater Wien und Correctiv mit dem Titel Correctiv enth\u00fcllt: Rechtsextremer Geheimplan gegen Deutschland auch nach Brixen, wo sie am Dienstag, den 23. April um 20.00 Uhr im Astra stattfindet. Eintritt frei Es organisieren Spazio 77, No Excuses, Filmclub [&hellip;]<\/p>","protected":false},"author":1,"featured_media":0,"comment_status":"open","ping_status":"open","sticky":false,"template":"","format":"standard","meta":{"_crdt_document":"","ngg_post_thumbnail":0,"_jetpack_memberships_contains_paid_content":false,"footnotes":""},"categories":[1],"tags":[],"class_list":["post-84988","post","type-post","status-publish","format-standard","hentry","category-allgemein","entity-afd","entity-identitare-bewegung","entity-no-excuses","entity-oew","issue-good-news","issue-zitac","location-deutschland","location-sudtirolo","language-deutsch","medium-zebra","topic-kunstcultura","topic-democrazia","topic-faschismen","topic-grundrechte","topic-politik","topic-racism","topic-termin"],"jetpack_featured_media_url":"","jetpack_sharing_enabled":true,"_links":{"self":[{"href":"https:\/\/www.brennerbasisdemokratie.eu\/index.php?rest_route=\/wp\/v2\/posts\/84988","targetHints":{"allow":["GET"]}}],"collection":[{"href":"https:\/\/www.brennerbasisdemokratie.eu\/index.php?rest_route=\/wp\/v2\/posts"}],"about":[{"href":"https:\/\/www.brennerbasisdemokratie.eu\/index.php?rest_route=\/wp\/v2\/types\/post"}],"author":[{"embeddable":true,"href":"https:\/\/www.brennerbasisdemokratie.eu\/index.php?rest_route=\/wp\/v2\/users\/1"}],"replies":[{"embeddable":true,"href":"https:\/\/www.brennerbasisdemokratie.eu\/index.php?rest_route=%2Fwp%2Fv2%2Fcomments&post=84988"}],"version-history":[{"count":2,"href":"https:\/\/www.brennerbasisdemokratie.eu\/index.php?rest_route=\/wp\/v2\/posts\/84988\/revisions"}],"predecessor-version":[{"id":85048,"href":"https:\/\/www.brennerbasisdemokratie.eu\/index.php?rest_route=\/wp\/v2\/posts\/84988\/revisions\/85048"}],"wp:attachment":[{"href":"https:\/\/www.brennerbasisdemokratie.eu\/index.php?rest_route=%2Fwp%2Fv2%2Fmedia&parent=84988"}],"wp:term":[{"taxonomy":"category","embeddable":true,"href":"https:\/\/www.brennerbasisdemokratie.eu\/index.php?rest_route=%2Fwp%2Fv2%2Fcategories&post=84988"},{"taxonomy":"post_tag","embeddable":true,"href":"https:\/\/www.brennerbasisdemokratie.eu\/index.php?rest_route=%2Fwp%2Fv2%2Ftags&post=84988"}],"curies":[{"name":"wp","href":"https:\/\/api.w.org\/{rel}","templated":true}]}}