{"id":85018,"date":"2024-04-20T20:27:05","date_gmt":"2024-04-20T18:27:05","guid":{"rendered":"https:\/\/www.brennerbasisdemokratie.eu\/?p=85018"},"modified":"2026-03-24T12:47:36","modified_gmt":"2026-03-24T11:47:36","slug":"aflb-il-100-delle-denunce-riguarda-il-tedesco","status":"publish","type":"post","link":"https:\/\/www.brennerbasisdemokratie.eu\/?p=85018","title":{"rendered":"AfLB &#8211; Il 100% delle denunce riguarda il tedesco."},"content":{"rendered":"<p>Nella scorsa legislatura su proposta di Andreas Leiter Reber (allora <abbr title=\"Freiheitliche\">F<\/abbr>) era stato istituito l&#8217;<em>Amt f\u00fcr Landessprachen und B\u00fcrgerrechte \/ Ufficio per le lingue ufficiali e i diritti civici<\/em> (AfLB), dei cui servizi in alcune occasioni mi sono gi\u00e0 avvalso anch&#8217;io e che <a title=\"Lob des Amts f\u00fcr Landessprachen.\" href=\"https:\/\/www.brennerbasisdemokratie.eu\/?p=71847\">ho avuto modo di elogiare<\/a>. Ora un&#8217;interrogazione di <abbr title=\"S\u00fcd-Tiroler Freiheit\">STF<\/abbr><sup id=\"mfn-content-00000000000043bc0000000000000000_85018-1\" class=\"modern-footnotes-footnote modern-footnotes-footnote--hover-on-desktop \" data-mfn=\"1\" data-mfn-post-scope=\"00000000000043bc0000000000000000_85018\"><a href=\"javascript:void(0)\"  role=\"button\" aria-pressed=\"false\" aria-describedby=\"mfn-content-00000000000043bc0000000000000000_85018-1\">1<\/a><\/sup><span role=\"tooltip\" class=\"modern-footnotes-footnote__note\" tabindex=\"0\" data-mfn=\"1\">interrogazione numero 105\/24<\/span> relativa alle denunce pervenute all&#8217;AfLB dalla sua fondazione ad oggi ha portato alla luce <a title=\"Tabelle AfLB Beschwerden.\" href=\"https:\/\/www.brennerbasisdemokratie.eu\/wp-content\/uploads\/2024\/04\/landtagsanfrage105-24_antw-anlage.pdf\">alcuni dati<\/a> che ritengo molto eloquenti. Eccoli.<\/p>\n<blockquote><p><img decoding=\"async\" class=\"size-medium wp-image-85020 aligncenter\" src=\"https:\/\/www.brennerbasisdemokratie.eu\/wp-content\/uploads\/2024\/04\/aflb_beschwerden-jahre.png\" alt=\"\"\/><\/p><\/blockquote>\n<p>Le segnalazioni sul mancato rispetto dei diritti linguistici che hanno raggiunto gli uffici AfLB dal 2020 al 2023 sono state 125, con ulteriori 9 pervenute entro i primi mesi del 2024. In particolare, c&#8217;\u00e8 stato un continuo aumento negli anni, con un raddoppio secco tra le 27 denunce del 2022 e le 54 del 2023. Ovviamente c&#8217;\u00e8 da scommettere che questi dati rivelano solamente la punta dell&#8217;iceberg, in quanto \u00e8 plausibile che moltissime situazioni in cui il bilinguismo viene rifiutato non saranno mai oggetto di denuncia. Inoltre, molte persone verosimilmente non conoscono nemmeno l&#8217;AfLB, la cui esistenza non \u00e8 stata pubblicizzata su ampia scala e che come si diceva esiste solo da pochi anni.<\/p>\n<p>Ad ogni modo colpisce che il 100% delle segnalazioni \u2014 tutte e 134 \u2014 riguarda situazioni in cui la lingua a non essere stata garantita \u00e8 quella tedesca, numericamente maggioritaria in Sudtirolo ma soggetta a una sempre maggiore <a title=\"Minorisierte Sprachen.\" href=\"https:\/\/www.brennerbasisdemokratie.eu\/?p=72762\">minorizzazione<\/a>, come dimostrano anche i pochi dati statistici rappresentativi di cui disponiamo (cfr. <a title=\"\u00d6ffentliche Dienste verweigern deutsche Sprache.\" href=\"https:\/\/www.brennerbasisdemokratie.eu\/?p=83630\"><code>01<\/code><\/a> <a title=\"Zweisprachigkeit im Amt deutlich verschlechtert.\" href=\"https:\/\/www.brennerbasisdemokratie.eu\/?p=25426\"><code>02<\/code><\/a>).<\/p>\n<blockquote><p><img decoding=\"async\" class=\"size-full wp-image-85019 aligncenter\" src=\"https:\/\/www.brennerbasisdemokratie.eu\/wp-content\/uploads\/2024\/04\/aflb_beschwerden-bereiche.png\" alt=\"\"\/><\/p><\/blockquote>\n<p>Particolarmente significativi anche i dati relativi agli ambiti a cui le singole denunce (2020-2024) si riferiscono, con in testa l&#8217;<em>Azienda sanitaria<\/em> sudtirolese <em>(Sabes),<\/em> oggetto di ben 23 segnalazioni sul mancato rispetto dell&#8217;obbligo a garantire il servizio in lingua tedesca. Complessivamente per\u00f2 sono i servizi direttamente o indirettamente riferibili allo Stato centrale ad aver generato il maggior numero di lamentele: ministeri, ferrovie, <em>carabinieri<\/em> e poste. Non sono rappresentate nel secondo grafico le segnalazioni inerenti i comuni, che sono state complessivamente 7 \u2014 di cui quasi la met\u00e0, tre, riguardano il capoluogo e due Meran. Ve ne sono poi altre che riguardano la <em>Handelskammer<\/em> (5), l&#8217;autostrada (3), l&#8217;<em>Ordine degli avvocati<\/em> (2), quello delle giornaliste (1) o la sanit\u00e0 privata (2). In tutto, aggiungendo anche le quattro denunce relative al <em>Ministero della salute,<\/em> l&#8217;ambito sanitario \u00e8 certamente quello che attira il maggior numero di lamentele relative al monolinguismo italiano o mancato rispetto del bilinguiso che dir si voglia.<\/p>\n<p>Sarebbe ovviamente interessante sapere anche quante delle procedure iniziate si sono concluse e con quale esito.<\/p>\n<p style=\"text-align: center;\"><hr class=\"dotted-hr\" style=\"height: 4px; width: 100%; border: none; margin-top: 0em; margin-bottom: 0em; background-color: black;\"\/><\/p>\n<p>Per chi ne avesse bisogno, i contatti di AfLB sono <strong>landessprachen.buergerrechte[at]provinz.bz.it<\/strong> per quanto riguarda l&#8217;e-mail convenzionale e <strong>lb-ld[at]pec.prov.bz.it<\/strong> per quella certificata.<\/p>\n<p><strong><span style=\"font-family: Helvetica, Arial, sans-serif; text-transform: uppercase;\">C\u00ebla enghe:<\/span><\/strong> <a title=\"Hausarzt: Einsprachige Terminvereinbarung.\" href=\"https:\/\/www.brennerbasisdemokratie.eu\/?p=85002\"><code>01<\/code><\/a> <a title=\"Die Polizei diskriminiert die deutsche Sprache.\" href=\"https:\/\/www.brennerbasisdemokratie.eu\/?p=84691\"><code>02<\/code><\/a> <a title=\"Politici monolingui e arroganti, ci risiamo.\" href=\"https:\/\/www.brennerbasisdemokratie.eu\/?p=83977\"><code>03<\/code><\/a> <a title=\"Bozen: Ohne Italienisch kein Bikesharing.\" href=\"https:\/\/www.brennerbasisdemokratie.eu\/?p=83565\"><code>04<\/code><\/a> <a title=\"Digitalianisierung \u2013 Digitalianizzazione.\" href=\"https:\/\/www.brennerbasisdemokratie.eu\/?p=69693\"><code>05<\/code><\/a> <a title=\"Benvenuti nella colonia.\" href=\"https:\/\/www.brennerbasisdemokratie.eu\/?p=81125\"><code>06<\/code><\/a> <a title=\"Kolipsi: Die Outgroup-Kontakte.\" href=\"https:\/\/www.brennerbasisdemokratie.eu\/?p=74013\"><code>07<\/code><\/a> <a title=\"Wenn Restaurants die deutsche Sprache marginalisieren.\" href=\"https:\/\/www.brennerbasisdemokratie.eu\/?p=79177\"><code>08<\/code><\/a> <span style=\"font-family: Helvetica, Arial, sans-serif; font-weight: normal;\">||<\/span> <a title=\"AfLB \u2013 Segnalazioni ancora in aumento.\" href=\"https:\/\/www.brennerbasisdemokratie.eu\/?p=91048\"><span style=\"color:#ff8c00; text-decoration:underline; text-decoration-color:#ff8c00; text-decoration-thickness:3px;\"><code>01<\/code><\/span><\/a> <a title=\"AfLB \u2013 Anche nel 2025 segnalazioni in crescita.\" href=\"https:\/\/www.brennerbasisdemokratie.eu\/?p=98613\"><span style=\"color:#ff8c00; text-decoration:underline; text-decoration-color:#ff8c00; text-decoration-thickness:3px;\"><code>02<\/code><\/span><\/a> <a title=\"Zweisprachigkeitspflicht wird erneut verw\u00e4ssert.\" href=\"https:\/\/www.brennerbasisdemokratie.eu\/?p=85225\"><span style=\"color: #ff8c00\"><code>03<\/code><\/span><\/a> <a title=\"Amt f\u00fcr Landessprachen und B\u00fcrgerrechte wird gest\u00e4rkt.\" href=\"https:\/\/www.brennerbasisdemokratie.eu\/?p=88188\"><span style=\"color: #ff8c00\"><code>04<\/code><\/span><\/a><\/p>\n<ul class=\"modern-footnotes-list modern-footnotes-list--show-only-for-print\"><li id=\"footnote-00000000000043bc0000000000000000_85018-1\"><span>1<\/span><div>interrogazione numero 105\/24 <a href=\"#mfn-content-00000000000043bc0000000000000000_85018-1\" class=\"modern-footnotes-scroll-to-footnote\" aria-label=\"Back to reference 1 in text\">\u21a9\ufe0e<\/a><\/div><\/li><\/ul>","protected":false},"excerpt":{"rendered":"<p>Nella scorsa legislatura su proposta di Andreas Leiter Reber (allora F) era stato istituito l&#8217;Amt f\u00fcr Landessprachen und B\u00fcrgerrechte \/ Ufficio per le lingue ufficiali e i diritti civici (AfLB), dei cui servizi in alcune occasioni mi sono gi\u00e0 avvalso anch&#8217;io e che ho avuto modo di elogiare. Ora un&#8217;interrogazione di STF relativa alle denunce [&hellip;]<\/p>","protected":false},"author":1,"featured_media":0,"comment_status":"open","ping_status":"open","sticky":false,"template":"","format":"standard","meta":{"ngg_post_thumbnail":0,"_jetpack_newsletter_access":"","_jetpack_dont_email_post_to_subs":false,"_jetpack_newsletter_tier_id":0,"_jetpack_memberships_contains_paywalled_content":false,"_jetpack_memberships_contains_paid_content":false,"footnotes":""},"categories":[1],"tags":[],"class_list":["post-85018","post","type-post","status-publish","format-standard","hentry","category-allgemein","entity-a22","entity-aflb","entity-carabinieri","entity-freiheitliche","entity-gemeinde-bozen","entity-handelskammer","entity-land-sudtirol","entity-sabes","entity-staat-italien","entity-stf","entity-trenitalia","issue-bilinguismo-negato","issue-italianizzazione","location-sudtirolo","language-italiano","person-andreas-leiter-reber","topic-gesundheit","topic-minderheitenschutz","topic-minorisaziun","topic-mobilitaet","topic-plurilinguism","topic-politik","topic-polizei","topic-postdienst","topic-servicepublic","topic-statistik"],"yoast_head":"<!-- This site is optimized with the Yoast SEO plugin v28.3 - https:\/\/yoast.com\/product\/yoast-seo-wordpress\/ -->\n<title>AfLB - Il 100% delle denunce riguarda il tedesco. - BBD<\/title>\n<meta name=\"robots\" content=\"index, follow, max-snippet:-1, max-image-preview:large, max-video-preview:-1\" \/>\n<link rel=\"canonical\" href=\"https:\/\/www.brennerbasisdemokratie.eu\/?p=85018\" \/>\n<meta property=\"og:locale\" content=\"en_GB\" \/>\n<meta property=\"og:type\" content=\"article\" \/>\n<meta property=\"og:title\" content=\"AfLB - Il 100% delle denunce riguarda il tedesco. - BBD\" \/>\n<meta property=\"og:description\" content=\"Nella scorsa legislatura su proposta di Andreas Leiter Reber (allora F) era stato istituito l&#8217;Amt f\u00fcr Landessprachen und B\u00fcrgerrechte \/ Ufficio per le lingue ufficiali e i diritti civici (AfLB), dei cui servizi in alcune occasioni mi sono gi\u00e0 avvalso anch&#8217;io e che ho avuto modo di elogiare. Ora un&#8217;interrogazione di STF relativa alle denunce [&hellip;]\" \/>\n<meta property=\"og:url\" content=\"https:\/\/www.brennerbasisdemokratie.eu\/?p=85018\" \/>\n<meta property=\"og:site_name\" content=\"BBD\" \/>\n<meta property=\"article:publisher\" content=\"https:\/\/www.facebook.com\/Brennerbasisdemokratie\/\" \/>\n<meta property=\"article:published_time\" content=\"2024-04-20T18:27:05+00:00\" \/>\n<meta property=\"article:modified_time\" content=\"2026-03-24T11:47:36+00:00\" \/>\n<meta property=\"og:image\" content=\"https:\/\/www.brennerbasisdemokratie.eu\/wp-content\/uploads\/2024\/04\/aflb_beschwerden-jahre.png\" \/>\n<meta name=\"author\" content=\"Simon Constantini\" \/>\n<meta name=\"twitter:card\" content=\"summary_large_image\" \/>\n<meta name=\"twitter:creator\" content=\"@31bbd\" \/>\n<meta name=\"twitter:site\" content=\"@31bbd\" \/>\n<meta name=\"twitter:label1\" content=\"Written by\" \/>\n\t<meta name=\"twitter:data1\" content=\"Simon Constantini\" \/>\n\t<meta name=\"twitter:label2\" content=\"Estimated reading time\" \/>\n\t<meta name=\"twitter:data2\" content=\"2 minutes\" \/>\n<script type=\"application\/ld+json\" class=\"yoast-schema-graph\">{\"@context\":\"https:\\\/\\\/schema.org\",\"@graph\":[{\"@type\":\"Article\",\"@id\":\"https:\\\/\\\/www.brennerbasisdemokratie.eu\\\/?p=85018#article\",\"isPartOf\":{\"@id\":\"https:\\\/\\\/www.brennerbasisdemokratie.eu\\\/?p=85018\"},\"author\":{\"name\":\"Simon Constantini\",\"@id\":\"https:\\\/\\\/www.brennerbasisdemokratie.eu\\\/#\\\/schema\\\/person\\\/d02c4d1a3c6c3b2c70d7c7f27eb857ec\"},\"headline\":\"AfLB &#8211; Il 100% delle denunce riguarda il tedesco.\",\"datePublished\":\"2024-04-20T18:27:05+00:00\",\"dateModified\":\"2026-03-24T11:47:36+00:00\",\"mainEntityOfPage\":{\"@id\":\"https:\\\/\\\/www.brennerbasisdemokratie.eu\\\/?p=85018\"},\"wordCount\":447,\"commentCount\":0,\"publisher\":{\"@id\":\"https:\\\/\\\/www.brennerbasisdemokratie.eu\\\/#organization\"},\"image\":{\"@id\":\"https:\\\/\\\/www.brennerbasisdemokratie.eu\\\/?p=85018#primaryimage\"},\"thumbnailUrl\":\"https:\\\/\\\/www.brennerbasisdemokratie.eu\\\/wp-content\\\/uploads\\\/2024\\\/04\\\/aflb_beschwerden-jahre.png\",\"articleSection\":[\"BBD\"],\"inLanguage\":\"en-GB\",\"potentialAction\":[{\"@type\":\"CommentAction\",\"name\":\"Comment\",\"target\":[\"https:\\\/\\\/www.brennerbasisdemokratie.eu\\\/?p=85018#respond\"]}]},{\"@type\":\"WebPage\",\"@id\":\"https:\\\/\\\/www.brennerbasisdemokratie.eu\\\/?p=85018\",\"url\":\"https:\\\/\\\/www.brennerbasisdemokratie.eu\\\/?p=85018\",\"name\":\"AfLB - Il 100% delle denunce riguarda il tedesco. - BBD\",\"isPartOf\":{\"@id\":\"https:\\\/\\\/www.brennerbasisdemokratie.eu\\\/#website\"},\"primaryImageOfPage\":{\"@id\":\"https:\\\/\\\/www.brennerbasisdemokratie.eu\\\/?p=85018#primaryimage\"},\"image\":{\"@id\":\"https:\\\/\\\/www.brennerbasisdemokratie.eu\\\/?p=85018#primaryimage\"},\"thumbnailUrl\":\"https:\\\/\\\/www.brennerbasisdemokratie.eu\\\/wp-content\\\/uploads\\\/2024\\\/04\\\/aflb_beschwerden-jahre.png\",\"datePublished\":\"2024-04-20T18:27:05+00:00\",\"dateModified\":\"2026-03-24T11:47:36+00:00\",\"breadcrumb\":{\"@id\":\"https:\\\/\\\/www.brennerbasisdemokratie.eu\\\/?p=85018#breadcrumb\"},\"inLanguage\":\"en-GB\",\"potentialAction\":[{\"@type\":\"ReadAction\",\"target\":[\"https:\\\/\\\/www.brennerbasisdemokratie.eu\\\/?p=85018\"]}]},{\"@type\":\"ImageObject\",\"inLanguage\":\"en-GB\",\"@id\":\"https:\\\/\\\/www.brennerbasisdemokratie.eu\\\/?p=85018#primaryimage\",\"url\":\"https:\\\/\\\/www.brennerbasisdemokratie.eu\\\/wp-content\\\/uploads\\\/2024\\\/04\\\/aflb_beschwerden-jahre.png\",\"contentUrl\":\"https:\\\/\\\/www.brennerbasisdemokratie.eu\\\/wp-content\\\/uploads\\\/2024\\\/04\\\/aflb_beschwerden-jahre.png\",\"width\":950,\"height\":541},{\"@type\":\"BreadcrumbList\",\"@id\":\"https:\\\/\\\/www.brennerbasisdemokratie.eu\\\/?p=85018#breadcrumb\",\"itemListElement\":[{\"@type\":\"ListItem\",\"position\":1,\"name\":\"Home\",\"item\":\"https:\\\/\\\/www.brennerbasisdemokratie.eu\\\/\"},{\"@type\":\"ListItem\",\"position\":2,\"name\":\"AfLB &#8211; Il 100% delle denunce riguarda il tedesco.\"}]},{\"@type\":\"WebSite\",\"@id\":\"https:\\\/\\\/www.brennerbasisdemokratie.eu\\\/#website\",\"url\":\"https:\\\/\\\/www.brennerbasisdemokratie.eu\\\/\",\"name\":\"Brennerbasisdemokratie\",\"description\":\"linksgr\u00fcnversiffter Separatismus\",\"publisher\":{\"@id\":\"https:\\\/\\\/www.brennerbasisdemokratie.eu\\\/#organization\"},\"alternateName\":\"BBD\",\"potentialAction\":[{\"@type\":\"SearchAction\",\"target\":{\"@type\":\"EntryPoint\",\"urlTemplate\":\"https:\\\/\\\/www.brennerbasisdemokratie.eu\\\/?s={search_term_string}\"},\"query-input\":{\"@type\":\"PropertyValueSpecification\",\"valueRequired\":true,\"valueName\":\"search_term_string\"}}],\"inLanguage\":\"en-GB\"},{\"@type\":\"Organization\",\"@id\":\"https:\\\/\\\/www.brennerbasisdemokratie.eu\\\/#organization\",\"name\":\"BBD\",\"url\":\"https:\\\/\\\/www.brennerbasisdemokratie.eu\\\/\",\"logo\":{\"@type\":\"ImageObject\",\"inLanguage\":\"en-GB\",\"@id\":\"https:\\\/\\\/www.brennerbasisdemokratie.eu\\\/#\\\/schema\\\/logo\\\/image\\\/\",\"url\":\"\",\"contentUrl\":\"\",\"caption\":\"BBD\"},\"image\":{\"@id\":\"https:\\\/\\\/www.brennerbasisdemokratie.eu\\\/#\\\/schema\\\/logo\\\/image\\\/\"},\"sameAs\":[\"https:\\\/\\\/www.facebook.com\\\/Brennerbasisdemokratie\\\/\",\"https:\\\/\\\/x.com\\\/31bbd\",\"https:\\\/\\\/bsky.app\\\/profile\\\/31bbd.bsky.social\",\"https:\\\/\\\/tyrol.social\\\/@bbd\"]},{\"@type\":\"Person\",\"@id\":\"https:\\\/\\\/www.brennerbasisdemokratie.eu\\\/#\\\/schema\\\/person\\\/d02c4d1a3c6c3b2c70d7c7f27eb857ec\",\"name\":\"Simon Constantini\",\"image\":{\"@type\":\"ImageObject\",\"inLanguage\":\"en-GB\",\"@id\":\"https:\\\/\\\/secure.gravatar.com\\\/avatar\\\/48c8e5a626e54792d47a47aaa2dfe3ad32a7e03bd56f76114a8ecaae23e227ff?s=96&d=identicon&r=r\",\"url\":\"https:\\\/\\\/secure.gravatar.com\\\/avatar\\\/48c8e5a626e54792d47a47aaa2dfe3ad32a7e03bd56f76114a8ecaae23e227ff?s=96&d=identicon&r=r\",\"contentUrl\":\"https:\\\/\\\/secure.gravatar.com\\\/avatar\\\/48c8e5a626e54792d47a47aaa2dfe3ad32a7e03bd56f76114a8ecaae23e227ff?s=96&d=identicon&r=r\",\"caption\":\"Simon Constantini\"},\"sameAs\":[\"http:\\\/\\\/www.brennerbasisdemokratie.eu\\\/?author=1\"],\"url\":\"https:\\\/\\\/www.brennerbasisdemokratie.eu\\\/?author=1\"}]}<\/script>\n<!-- \/ Yoast SEO plugin. -->","yoast_head_json":{"title":"AfLB - Il 100% delle denunce riguarda il tedesco. - BBD","robots":{"index":"index","follow":"follow","max-snippet":"max-snippet:-1","max-image-preview":"max-image-preview:large","max-video-preview":"max-video-preview:-1"},"canonical":"https:\/\/www.brennerbasisdemokratie.eu\/?p=85018","og_locale":"en_GB","og_type":"article","og_title":"AfLB - Il 100% delle denunce riguarda il tedesco. - BBD","og_description":"Nella scorsa legislatura su proposta di Andreas Leiter Reber (allora F) era stato istituito l&#8217;Amt f\u00fcr Landessprachen und B\u00fcrgerrechte \/ Ufficio per le lingue ufficiali e i diritti civici (AfLB), dei cui servizi in alcune occasioni mi sono gi\u00e0 avvalso anch&#8217;io e che ho avuto modo di elogiare. Ora un&#8217;interrogazione di STF relativa alle denunce [&hellip;]","og_url":"https:\/\/www.brennerbasisdemokratie.eu\/?p=85018","og_site_name":"BBD","article_publisher":"https:\/\/www.facebook.com\/Brennerbasisdemokratie\/","article_published_time":"2024-04-20T18:27:05+00:00","article_modified_time":"2026-03-24T11:47:36+00:00","og_image":[{"url":"https:\/\/www.brennerbasisdemokratie.eu\/wp-content\/uploads\/2024\/04\/aflb_beschwerden-jahre.png","type":"","width":"","height":""}],"author":"Simon Constantini","twitter_card":"summary_large_image","twitter_creator":"@31bbd","twitter_site":"@31bbd","twitter_misc":{"Written by":"Simon Constantini","Estimated reading time":"2 minutes"},"schema":{"@context":"https:\/\/schema.org","@graph":[{"@type":"Article","@id":"https:\/\/www.brennerbasisdemokratie.eu\/?p=85018#article","isPartOf":{"@id":"https:\/\/www.brennerbasisdemokratie.eu\/?p=85018"},"author":{"name":"Simon Constantini","@id":"https:\/\/www.brennerbasisdemokratie.eu\/#\/schema\/person\/d02c4d1a3c6c3b2c70d7c7f27eb857ec"},"headline":"AfLB &#8211; Il 100% delle denunce riguarda il tedesco.","datePublished":"2024-04-20T18:27:05+00:00","dateModified":"2026-03-24T11:47:36+00:00","mainEntityOfPage":{"@id":"https:\/\/www.brennerbasisdemokratie.eu\/?p=85018"},"wordCount":447,"commentCount":0,"publisher":{"@id":"https:\/\/www.brennerbasisdemokratie.eu\/#organization"},"image":{"@id":"https:\/\/www.brennerbasisdemokratie.eu\/?p=85018#primaryimage"},"thumbnailUrl":"https:\/\/www.brennerbasisdemokratie.eu\/wp-content\/uploads\/2024\/04\/aflb_beschwerden-jahre.png","articleSection":["BBD"],"inLanguage":"en-GB","potentialAction":[{"@type":"CommentAction","name":"Comment","target":["https:\/\/www.brennerbasisdemokratie.eu\/?p=85018#respond"]}]},{"@type":"WebPage","@id":"https:\/\/www.brennerbasisdemokratie.eu\/?p=85018","url":"https:\/\/www.brennerbasisdemokratie.eu\/?p=85018","name":"AfLB - Il 100% delle denunce riguarda il tedesco. - BBD","isPartOf":{"@id":"https:\/\/www.brennerbasisdemokratie.eu\/#website"},"primaryImageOfPage":{"@id":"https:\/\/www.brennerbasisdemokratie.eu\/?p=85018#primaryimage"},"image":{"@id":"https:\/\/www.brennerbasisdemokratie.eu\/?p=85018#primaryimage"},"thumbnailUrl":"https:\/\/www.brennerbasisdemokratie.eu\/wp-content\/uploads\/2024\/04\/aflb_beschwerden-jahre.png","datePublished":"2024-04-20T18:27:05+00:00","dateModified":"2026-03-24T11:47:36+00:00","breadcrumb":{"@id":"https:\/\/www.brennerbasisdemokratie.eu\/?p=85018#breadcrumb"},"inLanguage":"en-GB","potentialAction":[{"@type":"ReadAction","target":["https:\/\/www.brennerbasisdemokratie.eu\/?p=85018"]}]},{"@type":"ImageObject","inLanguage":"en-GB","@id":"https:\/\/www.brennerbasisdemokratie.eu\/?p=85018#primaryimage","url":"https:\/\/www.brennerbasisdemokratie.eu\/wp-content\/uploads\/2024\/04\/aflb_beschwerden-jahre.png","contentUrl":"https:\/\/www.brennerbasisdemokratie.eu\/wp-content\/uploads\/2024\/04\/aflb_beschwerden-jahre.png","width":950,"height":541},{"@type":"BreadcrumbList","@id":"https:\/\/www.brennerbasisdemokratie.eu\/?p=85018#breadcrumb","itemListElement":[{"@type":"ListItem","position":1,"name":"Home","item":"https:\/\/www.brennerbasisdemokratie.eu\/"},{"@type":"ListItem","position":2,"name":"AfLB &#8211; Il 100% delle denunce riguarda il tedesco."}]},{"@type":"WebSite","@id":"https:\/\/www.brennerbasisdemokratie.eu\/#website","url":"https:\/\/www.brennerbasisdemokratie.eu\/","name":"Brennerbasisdemokratie","description":"linksgr\u00fcnversiffter Separatismus","publisher":{"@id":"https:\/\/www.brennerbasisdemokratie.eu\/#organization"},"alternateName":"BBD","potentialAction":[{"@type":"SearchAction","target":{"@type":"EntryPoint","urlTemplate":"https:\/\/www.brennerbasisdemokratie.eu\/?s={search_term_string}"},"query-input":{"@type":"PropertyValueSpecification","valueRequired":true,"valueName":"search_term_string"}}],"inLanguage":"en-GB"},{"@type":"Organization","@id":"https:\/\/www.brennerbasisdemokratie.eu\/#organization","name":"BBD","url":"https:\/\/www.brennerbasisdemokratie.eu\/","logo":{"@type":"ImageObject","inLanguage":"en-GB","@id":"https:\/\/www.brennerbasisdemokratie.eu\/#\/schema\/logo\/image\/","url":"","contentUrl":"","caption":"BBD"},"image":{"@id":"https:\/\/www.brennerbasisdemokratie.eu\/#\/schema\/logo\/image\/"},"sameAs":["https:\/\/www.facebook.com\/Brennerbasisdemokratie\/","https:\/\/x.com\/31bbd","https:\/\/bsky.app\/profile\/31bbd.bsky.social","https:\/\/tyrol.social\/@bbd"]},{"@type":"Person","@id":"https:\/\/www.brennerbasisdemokratie.eu\/#\/schema\/person\/d02c4d1a3c6c3b2c70d7c7f27eb857ec","name":"Simon Constantini","image":{"@type":"ImageObject","inLanguage":"en-GB","@id":"https:\/\/secure.gravatar.com\/avatar\/48c8e5a626e54792d47a47aaa2dfe3ad32a7e03bd56f76114a8ecaae23e227ff?s=96&d=identicon&r=r","url":"https:\/\/secure.gravatar.com\/avatar\/48c8e5a626e54792d47a47aaa2dfe3ad32a7e03bd56f76114a8ecaae23e227ff?s=96&d=identicon&r=r","contentUrl":"https:\/\/secure.gravatar.com\/avatar\/48c8e5a626e54792d47a47aaa2dfe3ad32a7e03bd56f76114a8ecaae23e227ff?s=96&d=identicon&r=r","caption":"Simon Constantini"},"sameAs":["http:\/\/www.brennerbasisdemokratie.eu\/?author=1"],"url":"https:\/\/www.brennerbasisdemokratie.eu\/?author=1"}]}},"jetpack_sharing_enabled":true,"jetpack_featured_media_url":"","_links":{"self":[{"href":"https:\/\/www.brennerbasisdemokratie.eu\/index.php?rest_route=\/wp\/v2\/posts\/85018","targetHints":{"allow":["GET"]}}],"collection":[{"href":"https:\/\/www.brennerbasisdemokratie.eu\/index.php?rest_route=\/wp\/v2\/posts"}],"about":[{"href":"https:\/\/www.brennerbasisdemokratie.eu\/index.php?rest_route=\/wp\/v2\/types\/post"}],"author":[{"embeddable":true,"href":"https:\/\/www.brennerbasisdemokratie.eu\/index.php?rest_route=\/wp\/v2\/users\/1"}],"replies":[{"embeddable":true,"href":"https:\/\/www.brennerbasisdemokratie.eu\/index.php?rest_route=%2Fwp%2Fv2%2Fcomments&post=85018"}],"version-history":[{"count":11,"href":"https:\/\/www.brennerbasisdemokratie.eu\/index.php?rest_route=\/wp\/v2\/posts\/85018\/revisions"}],"predecessor-version":[{"id":98625,"href":"https:\/\/www.brennerbasisdemokratie.eu\/index.php?rest_route=\/wp\/v2\/posts\/85018\/revisions\/98625"}],"wp:attachment":[{"href":"https:\/\/www.brennerbasisdemokratie.eu\/index.php?rest_route=%2Fwp%2Fv2%2Fmedia&parent=85018"}],"wp:term":[{"taxonomy":"category","embeddable":true,"href":"https:\/\/www.brennerbasisdemokratie.eu\/index.php?rest_route=%2Fwp%2Fv2%2Fcategories&post=85018"},{"taxonomy":"post_tag","embeddable":true,"href":"https:\/\/www.brennerbasisdemokratie.eu\/index.php?rest_route=%2Fwp%2Fv2%2Ftags&post=85018"}],"curies":[{"name":"wp","href":"https:\/\/api.w.org\/{rel}","templated":true}]}}