{"id":85108,"date":"2024-04-24T21:16:59","date_gmt":"2024-04-24T19:16:59","guid":{"rendered":"https:\/\/www.brennerbasisdemokratie.eu\/?p=85108"},"modified":"2024-11-30T12:34:36","modified_gmt":"2024-11-30T11:34:36","slug":"die-ostbelgische-polizei-und-die-deutsche-sprache","status":"publish","type":"post","link":"https:\/\/www.brennerbasisdemokratie.eu\/?p=85108","title":{"rendered":"Die ostbelgische Polizei und die deutsche Sprache."},"content":{"rendered":"<p>In der <em>Euregio Maas-Rhein<\/em> um die St\u00e4dte Maastricht, Aachen und L\u00fcttich finden regelm\u00e4\u00dfig Schwerpunktkontrollen statt, bei denen die Polizeien der drei L\u00e4nder grenz\u00fcberschreitend zusammenarbeiten (vgl. <a title=\"Alfano-Sobotka, anma\u00dfende Polizei.\" href=\"https:\/\/www.brennerbasisdemokratie.eu\/?p=29289\"><code>01<\/code><\/a>). Auch am 16. April wurde ein derartiger Einsatz durchgef\u00fchrt. Dazu hat die nordrhein-westf\u00e4lische Polizei dieses Bild ver\u00f6ffentlicht:<\/p>\n<blockquote><p><img loading=\"lazy\" decoding=\"async\" class=\"size-full wp-image-85109 aligncenter\" src=\"https:\/\/www.brennerbasisdemokratie.eu\/wp-content\/uploads\/2024\/04\/polizei-de-be-nl.png\" alt=\"\" width=\"1000\" height=\"667\" srcset=\"https:\/\/www.brennerbasisdemokratie.eu\/wp-content\/uploads\/2024\/04\/polizei-de-be-nl.png 1000w, https:\/\/www.brennerbasisdemokratie.eu\/wp-content\/uploads\/2024\/04\/polizei-de-be-nl-768x512.png 768w\" sizes=\"auto, (max-width: 1000px) 100vw, 1000px\" \/><\/p><\/blockquote>\n<p><small><em>Bildquelle: Polizei Aachen (Markierungen von mir)<br \/>\n<\/em><\/small><\/p>\n<p>Aus S\u00fcdtiroler Sicht sind nicht so sehr die beiden Motorr\u00e4der links (niederl\u00e4ndische) und in der Mitte (deutsche Polizei) interessant, sondern vor allem jenes ganz rechts. Es handelt sich dabei um ein Fahrzeug der Polizeizone Weser-G\u00f6hl in Ostbelgien, das in der dortigen Minderheitensprache Deutsch beschriftet ist. Lediglich auf der Jacke ist <em>(unter<\/em> der deutschen) auch die englische bzw. franz\u00f6sische Bezeichnung <em>\u00bbPolice\u00ab<\/em> zu lesen.<\/p>\n<blockquote><p><img loading=\"lazy\" decoding=\"async\" class=\"size-full wp-image-85110 aligncenter\" src=\"https:\/\/www.brennerbasisdemokratie.eu\/wp-content\/uploads\/2024\/04\/polizei-wesergoehl-fb.png\" alt=\"\" width=\"1000\" height=\"413\" srcset=\"https:\/\/www.brennerbasisdemokratie.eu\/wp-content\/uploads\/2024\/04\/polizei-wesergoehl-fb.png 1000w, https:\/\/www.brennerbasisdemokratie.eu\/wp-content\/uploads\/2024\/04\/polizei-wesergoehl-fb-768x317.png 768w\" sizes=\"auto, (max-width: 1000px) 100vw, 1000px\" \/><\/p><\/blockquote>\n<p><small><em>Bildquelle: Polizeizone Weser-G\u00f6hl (Ostbelgien)<\/em><\/small><\/p>\n<p>Ein Blick auf die <a title=\"FB: Polizeizone Weser-G\u00f6hl.\" href=\"https:\/\/www.facebook.com\/PolizeizoneWeserGoehl\/\" target=\"_blank\" rel=\"noopener\"><em>Facebook<\/em>-Seite<\/a> dieser ostbelgischen Polizeizone zeigt, dass alle ihre Einsatzfahrzeuge auf Deutsch beschriftet sind, vom Transporter \u00fcber das Motorrad bis zum Fahrrad. Und auch die <a title=\"Polizeizone Weser-G\u00f6hl.\" href=\"https:\/\/wesgo.be\/site\/index.php\" target=\"_blank\" rel=\"noopener\">Website<\/a> ist in deutscher Sprache:<\/p>\n<blockquote><p><img loading=\"lazy\" decoding=\"async\" class=\"size-full wp-image-85111 aligncenter\" src=\"https:\/\/www.brennerbasisdemokratie.eu\/wp-content\/uploads\/2024\/04\/polizei-wesergoehl-website.png\" alt=\"\" width=\"950\" height=\"625\" srcset=\"https:\/\/www.brennerbasisdemokratie.eu\/wp-content\/uploads\/2024\/04\/polizei-wesergoehl-website.png 950w, https:\/\/www.brennerbasisdemokratie.eu\/wp-content\/uploads\/2024\/04\/polizei-wesergoehl-website-768x505.png 768w\" sizes=\"auto, (max-width: 950px) 100vw, 950px\" \/><\/p><\/blockquote>\n<p><small><em>Ausschnitt: Website Polizeizone Weser-G\u00f6hl<\/em><\/small><\/p>\n<p>W\u00e4hrend die <em>Deutschsprachige Gemeinschaft<\/em> in Belgien eine Polizei hat, die die Minderheitensprache nutzt und respektiert, ist das in S\u00fcdtirol nicht der Fall. Wie ich schon <a title=\"Zweisprachige Polizei in Wales.\" href=\"https:\/\/www.brennerbasisdemokratie.eu\/?p=72884\">im Vergleich mit der walisischen Polizei thematisiert<\/a> hatte, hat die italienische Polizei in S\u00fcdtirol eine \u00bbdeutschsprachige\u00ab Version ihrer Homepage, die zu einem gro\u00dfen Teil auf Italienisch verfasst ist:<\/p>\n<blockquote><p><img loading=\"lazy\" decoding=\"async\" class=\"size-full wp-image-72894 aligncenter\" src=\"https:\/\/www.brennerbasisdemokratie.eu\/wp-content\/uploads\/2022\/06\/staatspolizeisuedtirol-web.png\" alt=\"\" width=\"950\" height=\"654\" srcset=\"https:\/\/www.brennerbasisdemokratie.eu\/wp-content\/uploads\/2022\/06\/staatspolizeisuedtirol-web.png 950w, https:\/\/www.brennerbasisdemokratie.eu\/wp-content\/uploads\/2022\/06\/staatspolizeisuedtirol-web-768x529.png 768w\" sizes=\"auto, (max-width: 950px) 100vw, 950px\" \/><\/p><\/blockquote>\n<p><small><em>Ausschnitt: \u00bbDeutschsprachiger\u00ab Webauftritt der Staatspolizei in S\u00fcdtirol<\/em><\/small><\/p>\n<p>Polizeifahrzeuge sind <a title=\"A Roma non lo sanno\u2026\" href=\"https:\/\/www.brennerbasisdemokratie.eu\/?p=2203\">wenn \u00fcberhaupt<\/a> nur an den Flanken zweisprachig beschriftet, dann nat\u00fcrlich in der Reihung Italienisch-Deutsch. Am Heck (einschlie\u00dflich Kennzeichen) ist die Beschriftung ebenso wie auf den Uniformen schon wieder einsprachig italienisch, wie auch obiges Bild gut zeigt.<\/p>\n<p>Erst vor wenigen Wochen hatte ich zudem <a title=\"Die Polizei diskriminiert die deutsche Sprache.\" href=\"https:\/\/www.brennerbasisdemokratie.eu\/?p=84691\">aufgezeigt<\/a>, wie die Staatspolizei die deutsche Sprache in ihrer offiziellen Kommunikation systematisch marginalisiert. Und um mit Beamtinnen in S\u00fcdtirol Deutsch sprechen zu k\u00f6nnen, <a title=\"Die Polizei spricht kein Deutsch\u2026 wenn doch ist es Gl\u00fcck.\" href=\"https:\/\/www.brennerbasisdemokratie.eu\/?p=61499\">muss man ebenfalls Gl\u00fcck haben.<\/a><\/p>\n<p>Dass das f\u00fcr eine Autonomie und eine (angeblich musterg\u00fcltig gesch\u00fctzte) Minderheit keine akzeptable L\u00f6sung sein kann, liegt auf der Hand.<\/p>\n<p><strong><span style=\"font-family: Helvetica, Arial, sans-serif; text-transform: uppercase;\">C\u00ebla enghe:<\/span><\/strong> <a title=\"Sudtirolese? Strunz.\" href=\"https:\/\/www.brennerbasisdemokratie.eu\/?p=49711\"><code>01<\/code><\/a> <a title=\"Landespolizei oder die Spielzeugautonomie.\" href=\"https:\/\/www.brennerbasisdemokratie.eu\/?p=84928\"><code>02<\/code><\/a> <a title=\"Das Ufficio Mobile der Polizia Stradale.\" href=\"https:\/\/www.brennerbasisdemokratie.eu\/?p=54520\"><code>03<\/code><\/a> <a title=\"Zweisprachige Carabinieri. Und Mossos d\u2019Esquadra.\" href=\"https:\/\/www.brennerbasisdemokratie.eu\/?p=78399\"><code>04<\/code><\/a> <a title=\"Repr\u00e4sentative Polizei.\" href=\"https:\/\/www.brennerbasisdemokratie.eu\/?p=69114\"><code>05<\/code><\/a> <a title=\"Einsprachigkeit bei der Ortspolizei Meran.\" href=\"https:\/\/www.brennerbasisdemokratie.eu\/?p=35196\"><code>06<\/code><\/a> <a title=\"Zweisprachige Polizei, Rekurs abgewiesen.\" href=\"https:\/\/www.brennerbasisdemokratie.eu\/?p=26183\"><code>07<\/code><\/a> <a title=\"Zweisprachige Polizei?\" href=\"https:\/\/www.brennerbasisdemokratie.eu\/?p=22635\"><code>08<\/code><\/a> <a title=\"Polizei gegen Amnesty und ANPI.\" href=\"https:\/\/www.brennerbasisdemokratie.eu\/?p=39561\"><code>09<\/code><\/a> <span style=\"font-family: Helvetica, Arial, sans-serif; font-weight: normal;\">|<\/span> <a title=\"Ostbelgien: Integration in der Regionalsprache.\" href=\"https:\/\/www.brennerbasisdemokratie.eu\/?p=44507\"><code>10<\/code><\/a> <a title=\"DG: Post-Geldautomaten auf Deutsch.\" href=\"https:\/\/www.brennerbasisdemokratie.eu\/?p=79272\"><code>11<\/code><\/a> <a title=\"Label: Autonomievergleich.\" href=\"https:\/\/www.brennerbasisdemokratie.eu\/?issue=autonomievergleich\"><small><i class=\"fas fa-tags\"><\/i><\/small><\/a> <span style=\"font-family: Helvetica, Arial, sans-serif; font-weight: normal;\">||<\/span> <a title=\"Gewaltpr\u00e4vention geht Deutschsprachige nichts an.\" href=\"https:\/\/www.brennerbasisdemokratie.eu\/?p=89254\"><span style=\"color: #ff8c00\"><code>01<\/code><\/span><\/a> <a title=\"Polizei: Minderheitensprache in Belgien nicht marginalisiert.\" href=\"https:\/\/www.brennerbasisdemokratie.eu\/?p=89319\"><span style=\"color: #ff8c00\"><code>02<\/code><\/span><\/a><\/p>","protected":false},"excerpt":{"rendered":"<p>In der Euregio Maas-Rhein um die St\u00e4dte Maastricht, Aachen und L\u00fcttich finden regelm\u00e4\u00dfig Schwerpunktkontrollen statt, bei denen die Polizeien der drei L\u00e4nder grenz\u00fcberschreitend zusammenarbeiten (vgl. 01). Auch am 16. April wurde ein derartiger Einsatz durchgef\u00fchrt. Dazu hat die nordrhein-westf\u00e4lische Polizei dieses Bild ver\u00f6ffentlicht: Bildquelle: Polizei Aachen (Markierungen von mir) Aus S\u00fcdtiroler Sicht sind nicht so [&hellip;]<\/p>","protected":false},"author":1,"featured_media":0,"comment_status":"open","ping_status":"open","sticky":false,"template":"","format":"standard","meta":{"_crdt_document":"","ngg_post_thumbnail":0,"_jetpack_memberships_contains_paid_content":false,"footnotes":""},"categories":[1],"tags":[],"class_list":["post-85108","post","type-post","status-publish","format-standard","hentry","category-allgemein","entity-staatspolizei","issue-affirmative-action","issue-autonomievergleich","location-deutschland","location-niederlande","location-ostbelgien","location-sudtirolo","language-deutsch","medium-socialmedia","topic-comparatio","topic-minderheitenschutz","topic-minorisaziun","topic-plurilinguism","topic-polizei","topic-servicepublic","topic-tech_com","topic-vorzeigeautonomie"],"jetpack_featured_media_url":"","jetpack_sharing_enabled":true,"_links":{"self":[{"href":"https:\/\/www.brennerbasisdemokratie.eu\/index.php?rest_route=\/wp\/v2\/posts\/85108","targetHints":{"allow":["GET"]}}],"collection":[{"href":"https:\/\/www.brennerbasisdemokratie.eu\/index.php?rest_route=\/wp\/v2\/posts"}],"about":[{"href":"https:\/\/www.brennerbasisdemokratie.eu\/index.php?rest_route=\/wp\/v2\/types\/post"}],"author":[{"embeddable":true,"href":"https:\/\/www.brennerbasisdemokratie.eu\/index.php?rest_route=\/wp\/v2\/users\/1"}],"replies":[{"embeddable":true,"href":"https:\/\/www.brennerbasisdemokratie.eu\/index.php?rest_route=%2Fwp%2Fv2%2Fcomments&post=85108"}],"version-history":[{"count":12,"href":"https:\/\/www.brennerbasisdemokratie.eu\/index.php?rest_route=\/wp\/v2\/posts\/85108\/revisions"}],"predecessor-version":[{"id":89325,"href":"https:\/\/www.brennerbasisdemokratie.eu\/index.php?rest_route=\/wp\/v2\/posts\/85108\/revisions\/89325"}],"wp:attachment":[{"href":"https:\/\/www.brennerbasisdemokratie.eu\/index.php?rest_route=%2Fwp%2Fv2%2Fmedia&parent=85108"}],"wp:term":[{"taxonomy":"category","embeddable":true,"href":"https:\/\/www.brennerbasisdemokratie.eu\/index.php?rest_route=%2Fwp%2Fv2%2Fcategories&post=85108"},{"taxonomy":"post_tag","embeddable":true,"href":"https:\/\/www.brennerbasisdemokratie.eu\/index.php?rest_route=%2Fwp%2Fv2%2Ftags&post=85108"}],"curies":[{"name":"wp","href":"https:\/\/api.w.org\/{rel}","templated":true}]}}