{"id":85338,"date":"2024-04-29T21:08:02","date_gmt":"2024-04-29T19:08:02","guid":{"rendered":"https:\/\/www.brennerbasisdemokratie.eu\/?p=85338"},"modified":"2025-05-19T18:38:05","modified_gmt":"2025-05-19T16:38:05","slug":"gazzini-und-die-sprachen","status":"publish","type":"post","link":"https:\/\/www.brennerbasisdemokratie.eu\/?p=85338","title":{"rendered":"Gazzini und die Sprachen."},"content":{"rendered":"<p>Der Leiferer EU-Abgeordnete Matteo Gazzini, der noch rechtzeitig vor der Europawahl die ausgepumpte <em>Lega<\/em> verlassen und zu <em>Forza Italia<\/em> (<abbr title=\"Europ\u00e4ische Volkspartei\">EVP<\/abbr>) \u00fcbergetreten ist, hat vor knapp einer Woche auf <em>Facebook<\/em> bekannt gegeben, nicht nur zum europ\u00e4ischen Parlament, sondern auch f\u00fcr das B\u00fcrgermeisteramt in seiner Stadt kandidieren zu wollen. In Leifers waren Neuwahlen n\u00f6tig geworden, nachdem der vormalige B\u00fcrgermeister Christian Bianchi f\u00fcr <em>Lega<\/em> und <em>Uniti<\/em> zuerst in den Landtag und dann auch in die Landesregierung eingezogen ist.<\/p>\n<p>Gro\u00dfartig finde ich in Gazzinis Ank\u00fcndigung folgenden Passus:<\/p>\n<blockquote><p>Ich spreche Italienisch, Englisch und Portugiesisch und komme auch mit Spanisch ziemlich gut zurecht. Mein Deutsch ist f\u00fcr einen S\u00fcdtiroler nicht auf einem akzeptablen Niveau, doch ich habe den Gedanken noch nicht aufgegeben, es ordentlich zu lernen.<\/p>\n<p><em><small>\u2013 Matteo Gazzini<\/small><\/em><\/p><\/blockquote>\n<details>\n<summary><em><small>\u00dcbersetzung von mir (<span style=\"text-decoration: underline;\">Original anzeigen<\/span>)<\/small><\/em><\/summary>\n<p style=\"padding-left: 40px;\">Parlo italiano, inglese e portoghese, e me la cavo abbastanza bene anche con lo spagnolo. Il mio tedesco non \u00e8 ad un livello accettabile per un altoatesino ma non ho ancora abbandonato l&#8217;idea di impararlo come si deve.<\/p>\n<p style=\"padding-left: 40px;\"><em><small>\u2013 Matteo Gazzini<\/small><\/em><\/p>\n<\/details>\n<p>Ja, dass er offenbar doch kein Russisch beherrscht, <a title=\"SVP w\u00e4hlen, Putin helfen.\" href=\"https:\/\/www.brennerbasisdemokratie.eu\/?p=85038\">ist erstaunlich<\/a>. Ich beziehe mich aber nat\u00fcrlich auf die Tatsache, dass es als Qualifikation f\u00fcr eine B\u00fcrgermeisterkandidatur auszureichen scheint, eine von zwei \u2014 angeblich gleichwertigen \u2014 Amtssprachen zwar nicht gescheit zu beherrschen, aber wenigstens den Gedanken daran noch nicht aufgegeben zu haben. Das ist leider kein Einzelfall und auch keineswegs auf die politische Rechte beschr\u00e4nkt, wenn wir uns die Deutschkenntnisse des ehemaligen B\u00fcrgermeisters Christian Bianchi, seines nunmehrigen Regierungskollegen Marco Galateo (<abbr title=\"Fratelli d\u2019Italia\">FdI<\/abbr>) oder des Bozner B\u00fcrgermeisters Renzo Caramaschi (und der meisten ihrer Vorg\u00e4ngerinnen) vergegenw\u00e4rtigen.<\/p>\n<p>Marco Galateo wurde in der <abbr title=\"S\u00fcdtiroler Wirtschaftszeitung\">SWZ<\/abbr> vom 19. J\u00e4nner folgenderma\u00dfen zitiert:<\/p>\n<blockquote><p><strong>Sie werden Landesrat in einem mehrsprachigen Land, sprechen aber praktisch kein Deutsch. Eine Schw\u00e4che?<\/strong><\/p>\n<p>Ja, das ist eine Schw\u00e4che von mir, die ich ausmerzen m\u00f6chte, sobald ich die Zeit dazu finde. Passiv verstehe ich das Allermeiste, aber aktiv Deutsch zu sprechen, ist mir peinlich. [\u2026]<\/p>\n<p><em><small>\u2013 Marco Galateo<\/small><\/em><\/p><\/blockquote>\n<p>So kann denn auch der <abbr title=\"S\u00fcdtiroler Volkspartei\">SVP<\/abbr>-Anw\u00e4rter auf das Amt des Leiferer B\u00fcrgermeisters, Giovanni Seppi, allen Ernstes damit werben, dass die Zeit f\u00fcr einen zweisprachigen B\u00fcrgermeister gekommen sei \u2014 was im Jahr 2024 wie aus der Zeit gefallen klingt. Hat es in S\u00fcdtirol jemals einen B\u00fcrgermeister oder eine Landesratin deutscher Muttersprache gegeben, deren Italienischkenntnisse nur in Gedanken vorhanden waren? Wohl nicht. Wenn es einen Beleg f\u00fcr die <a title=\"Minorisierte Sprachen.\" href=\"https:\/\/www.brennerbasisdemokratie.eu\/?p=72762\">Minorisierung<\/a> der Mehrheitssprache im Land gebraucht h\u00e4tte: hier w\u00e4re er. Das wird Gazzini, Galateo und Co. aber nat\u00fcrlich nicht davon abbringen, weiterhin <a title=\"Governare coi negazionisti dell\u2019autonomia.\" href=\"https:\/\/www.brennerbasisdemokratie.eu\/?p=82294\">von den Italienerinnen als der eigentlichen Minderheit<\/a> zu schwafeln.<\/p>\n<p><strong><span style=\"font-family: Helvetica, Arial, sans-serif; text-transform: uppercase;\">C\u00ebla enghe:<\/span> <\/strong><a title=\"Politici monolingui e arroganti, ci risiamo.\" href=\"https:\/\/www.brennerbasisdemokratie.eu\/?p=83977\"><code>01<\/code><\/a> <a title=\"Ministerinnen m\u00fcssen Baskisch sprechen.\" href=\"https:\/\/www.brennerbasisdemokratie.eu\/?p=59951\"><code>02<\/code><\/a> <a title=\"Pressekonferenz des Bozner Stadtrats: Italienisch.\" href=\"https:\/\/www.brennerbasisdemokratie.eu\/?p=71906\"><code>03<\/code><\/a> <a title=\"Bozner Stadtviertelr\u00e4te: Deutsch inexistent.\" href=\"https:\/\/www.brennerbasisdemokratie.eu\/?p=64791\"><code>04<\/code><\/a> <a title=\"Hurra, Zanin spricht Deutsch!\" href=\"https:\/\/www.brennerbasisdemokratie.eu\/?p=61013\"><code>05<\/code><\/a> <a title=\"Christian Bianchi bestimmt die Sprache.\" href=\"https:\/\/www.brennerbasisdemokratie.eu\/?p=81909\"><code>06<\/code><\/a> <span style=\"font-family: Helvetica, Arial, sans-serif; font-weight: normal;\">|<\/span> <a title=\"Dorfmanns Freunde.\" href=\"https:\/\/www.brennerbasisdemokratie.eu\/?p=84727\"><code>07<\/code><\/a> <span style=\"font-family: Helvetica, Arial, sans-serif; font-weight: normal;\">||<\/span> <a title=\"S\u00fcdtirolfeindlicher Rassismus im Senat.\" href=\"https:\/\/www.brennerbasisdemokratie.eu\/?p=86040\"><span style=\"color: #ff8c00\"><code>01<\/code><\/span><\/a> <a title=\"\u203aSprachloser\u2039 Gemeindewahlkampf.\" href=\"https:\/\/www.brennerbasisdemokratie.eu\/?p=92071\"><span style=\"color: #ff8c00\"><code>02<\/code><\/span><\/a><\/p>","protected":false},"excerpt":{"rendered":"<p>Der Leiferer EU-Abgeordnete Matteo Gazzini, der noch rechtzeitig vor der Europawahl die ausgepumpte Lega verlassen und zu Forza Italia (EVP) \u00fcbergetreten ist, hat vor knapp einer Woche auf Facebook bekannt gegeben, nicht nur zum europ\u00e4ischen Parlament, sondern auch f\u00fcr das B\u00fcrgermeisteramt in seiner Stadt kandidieren zu wollen. In Leifers waren Neuwahlen n\u00f6tig geworden, nachdem der [&hellip;]<\/p>","protected":false},"author":1,"featured_media":0,"comment_status":"open","ping_status":"open","sticky":false,"template":"","format":"standard","meta":{"_crdt_document":"","ngg_post_thumbnail":0,"_jetpack_memberships_contains_paid_content":false,"footnotes":""},"categories":[1],"tags":[],"class_list":["post-85338","post","type-post","status-publish","format-standard","hentry","category-allgemein","entity-evp","entity-fi","entity-gemeinde-bozen","entity-landesregierung","entity-lega","entity-pdl","entity-svp","issue-europawahl-2024","issue-gemeindewahl-2024","issue-zitac","location-sudtirolo","language-deutsch","medium-socialmedia","medium-swz","person-christian-bianchi","person-marco-galateo","person-matteo-gazzini","person-renzo-caramaschi","topic-kohasion","topic-minorisaziun","topic-plurilinguism","topic-politik"],"jetpack_featured_media_url":"","jetpack_sharing_enabled":true,"_links":{"self":[{"href":"https:\/\/www.brennerbasisdemokratie.eu\/index.php?rest_route=\/wp\/v2\/posts\/85338","targetHints":{"allow":["GET"]}}],"collection":[{"href":"https:\/\/www.brennerbasisdemokratie.eu\/index.php?rest_route=\/wp\/v2\/posts"}],"about":[{"href":"https:\/\/www.brennerbasisdemokratie.eu\/index.php?rest_route=\/wp\/v2\/types\/post"}],"author":[{"embeddable":true,"href":"https:\/\/www.brennerbasisdemokratie.eu\/index.php?rest_route=\/wp\/v2\/users\/1"}],"replies":[{"embeddable":true,"href":"https:\/\/www.brennerbasisdemokratie.eu\/index.php?rest_route=%2Fwp%2Fv2%2Fcomments&post=85338"}],"version-history":[{"count":10,"href":"https:\/\/www.brennerbasisdemokratie.eu\/index.php?rest_route=\/wp\/v2\/posts\/85338\/revisions"}],"predecessor-version":[{"id":92087,"href":"https:\/\/www.brennerbasisdemokratie.eu\/index.php?rest_route=\/wp\/v2\/posts\/85338\/revisions\/92087"}],"wp:attachment":[{"href":"https:\/\/www.brennerbasisdemokratie.eu\/index.php?rest_route=%2Fwp%2Fv2%2Fmedia&parent=85338"}],"wp:term":[{"taxonomy":"category","embeddable":true,"href":"https:\/\/www.brennerbasisdemokratie.eu\/index.php?rest_route=%2Fwp%2Fv2%2Fcategories&post=85338"},{"taxonomy":"post_tag","embeddable":true,"href":"https:\/\/www.brennerbasisdemokratie.eu\/index.php?rest_route=%2Fwp%2Fv2%2Ftags&post=85338"}],"curies":[{"name":"wp","href":"https:\/\/api.w.org\/{rel}","templated":true}]}}