{"id":8543,"date":"2011-07-16T21:29:51","date_gmt":"2011-07-16T19:29:51","guid":{"rendered":"http:\/\/www.brennerbasisdemokratie.eu\/?p=8543"},"modified":"2021-10-27T16:58:27","modified_gmt":"2021-10-27T14:58:27","slug":"faroer-bald-unabhangig","status":"publish","type":"post","link":"https:\/\/www.brennerbasisdemokratie.eu\/?p=8543","title":{"rendered":"D\u00e4nische Drohung."},"content":{"rendered":"<p>\u00bbZur\u00fcckziehen oder unabh\u00e4ngig werden\u00ab \u2014 das ist die f\u00fcr S\u00fcdtiroler Ohren reichlich merkw\u00fcrdige Drohung des d\u00e4nischen Premierministers Rasmussen an die Regierung der F\u00e4r\u00f6er-Inseln. Sie zeugt von einem Demokratieverst\u00e4ndnis, das sich deutlich von dem unterscheidet, was wir in unseren Breiten gewohnt sind.<\/p>\n<p>Doch der Reihe nach: Grund f\u00fcr Rasmussens \u00c4u\u00dferungen ist der neue Verfassungsvorschlag, den die Mittelinksregierung aus Sozialdemokratinnen, Republikanerinnen und Christdemokratinnen dem Inselparlament der F\u00e4r\u00f6er Inseln <em>(L\u00f8gting)<\/em> vorlegen will. Der Text widerspricht in zentralen Punkten der d\u00e4nischen Verfassung, erw\u00e4hnt D\u00e4nemark und die Monarchie an keiner Stelle und schreibt fest, dass \u00bbdie gesamte Staatsgewalt vom f\u00e4ringischen Volk ausgeht\u00ab.<\/p>\n<p>Anstatt die Muskeln spielen zu lassen und zum Beispiel einen direkten Eingriff anzudrohen, beschr\u00e4nkt sich die Zentralregierung in Kopenhagen darauf, die F\u00e4r\u00f6er-Inseln vor die Wahl zu stellen: Entweder sie passen ihr Grundgesetz dem Rahmen der d\u00e4nischen Verfassung an oder sie sollen so konsequent sein, sich f\u00fcr unabh\u00e4ngig zu erkl\u00e4ren. Welchem Weg sie folgen wollen, haben die f\u00e4ringischen Regierungsparteien indes noch nicht entschieden: Zwar wollen alle am vorgeschlagenen Text festhalten, aber nur die Republikanerinnen sprechen sich ausdr\u00fccklich f\u00fcr die Unabh\u00e4ngigkeit aus.<\/p>","protected":false},"excerpt":{"rendered":"<p>\u00bbZur\u00fcckziehen oder unabh\u00e4ngig werden\u00ab \u2014 das ist die f\u00fcr S\u00fcdtiroler Ohren reichlich merkw\u00fcrdige Drohung des d\u00e4nischen Premierministers Rasmussen an die Regierung der F\u00e4r\u00f6er-Inseln. Sie zeugt von einem Demokratieverst\u00e4ndnis, das sich deutlich von dem unterscheidet, was wir in unseren Breiten gewohnt sind. Doch der Reihe nach: Grund f\u00fcr Rasmussens \u00c4u\u00dferungen ist der neue Verfassungsvorschlag, den die [&hellip;]<\/p>","protected":false},"author":1,"featured_media":0,"comment_status":"open","ping_status":"open","sticky":false,"template":"","format":"standard","meta":{"_crdt_document":"","ngg_post_thumbnail":0,"_jetpack_memberships_contains_paid_content":false,"footnotes":""},"categories":[1],"tags":[],"class_list":["post-8543","post","type-post","status-publish","format-standard","hentry","category-allgemein","location-danmark","location-faroer","language-deutsch","topic-comparatio","topic-politik","topic-selbstbestimmung","topic-soziales"],"jetpack_featured_media_url":"","jetpack_sharing_enabled":true,"_links":{"self":[{"href":"https:\/\/www.brennerbasisdemokratie.eu\/index.php?rest_route=\/wp\/v2\/posts\/8543","targetHints":{"allow":["GET"]}}],"collection":[{"href":"https:\/\/www.brennerbasisdemokratie.eu\/index.php?rest_route=\/wp\/v2\/posts"}],"about":[{"href":"https:\/\/www.brennerbasisdemokratie.eu\/index.php?rest_route=\/wp\/v2\/types\/post"}],"author":[{"embeddable":true,"href":"https:\/\/www.brennerbasisdemokratie.eu\/index.php?rest_route=\/wp\/v2\/users\/1"}],"replies":[{"embeddable":true,"href":"https:\/\/www.brennerbasisdemokratie.eu\/index.php?rest_route=%2Fwp%2Fv2%2Fcomments&post=8543"}],"version-history":[{"count":8,"href":"https:\/\/www.brennerbasisdemokratie.eu\/index.php?rest_route=\/wp\/v2\/posts\/8543\/revisions"}],"predecessor-version":[{"id":47061,"href":"https:\/\/www.brennerbasisdemokratie.eu\/index.php?rest_route=\/wp\/v2\/posts\/8543\/revisions\/47061"}],"wp:attachment":[{"href":"https:\/\/www.brennerbasisdemokratie.eu\/index.php?rest_route=%2Fwp%2Fv2%2Fmedia&parent=8543"}],"wp:term":[{"taxonomy":"category","embeddable":true,"href":"https:\/\/www.brennerbasisdemokratie.eu\/index.php?rest_route=%2Fwp%2Fv2%2Fcategories&post=8543"},{"taxonomy":"post_tag","embeddable":true,"href":"https:\/\/www.brennerbasisdemokratie.eu\/index.php?rest_route=%2Fwp%2Fv2%2Ftags&post=8543"}],"curies":[{"name":"wp","href":"https:\/\/api.w.org\/{rel}","templated":true}]}}