{"id":85539,"date":"2024-05-05T11:58:28","date_gmt":"2024-05-05T09:58:28","guid":{"rendered":"https:\/\/www.brennerbasisdemokratie.eu\/?p=85539"},"modified":"2025-01-05T11:38:17","modified_gmt":"2025-01-05T10:38:17","slug":"svp-tajani-bei-der-landesversammlung","status":"publish","type":"post","link":"https:\/\/www.brennerbasisdemokratie.eu\/?p=85539","title":{"rendered":"SVP: Tajani bei der Landesversammlung."},"content":{"rendered":"<p>Bei der 66. ordentlichen Landesversammlung der <abbr title=\"S\u00fcdtiroler Volkspartei\">SVP<\/abbr> wurde im Meraner Kursaal nach zehnj\u00e4hriger Obmannschaft von Philipp Achammer der Parlamentsabgeordnete Dieter Steger zu seinem Nachfolger gew\u00e4hlt. Hauptgastredner war der italienische Au\u00dfenminister Antonio Tajani, der als fr\u00fcheres Mitglied einer monarchistischen Partei, die mit dem <abbr title=\"Movimento Sociale Italiano\">MSI<\/abbr> fusionierte, noch immer <a title=\"Tajani verharmlost Mussolini.\" href=\"https:\/\/www.brennerbasisdemokratie.eu\/?p=47271\">Sympathien f\u00fcr den faschistischen Diktator Benito Mussolini hegt<\/a>, Separatistinnen <a title=\"Tajani: Indipendentisti? In Italia, l\u2019ergastolo.\" href=\"https:\/\/www.brennerbasisdemokratie.eu\/?p=50307\">lebensl\u00e4nglich wegsperren w\u00fcrde<\/a> und mit seiner Partei die rechtsrechte Regierung von Giorgia Meloni (<abbr title=\"Fratelli d\u2019Italia\">FdI<\/abbr>) erm\u00f6glicht. <a title=\"Dorfmanns Freunde.\" href=\"https:\/\/www.brennerbasisdemokratie.eu\/?p=84727\">Im Schlepptau seiner <em>Forza Italia<\/em><\/a> soll Herbert Dorfmann in einem Monat erneut ins Europaparlament einziehen.<\/p>\n<p>Gleichzeitig mit seinem Auftritt bei der <em>Volkspartei<\/em> in Meran ist gestern auch ein Interview mit Tajani im <em>A. Adige<\/em> erschienen, das eigentlich aufhorchen lassen sollte: Da bezeichnet der Nachfolger von Silvio Berlusconi als <abbr title=\"Forza Italia\">FI<\/abbr>-Chef, der auch <a title=\"Verh\u00f6hnung auf europ\u00e4ischer Ebene.\" href=\"https:\/\/www.brennerbasisdemokratie.eu\/?p=85353\">Spitzenkandidat seiner Partei bei der Europawahl<\/a> sein wird, die SVP als <strong>\u00bbPartei der deutschsprachigen Italiener\u00ab<\/strong><sup class=\"modern-footnotes-footnote modern-footnotes-footnote--hover-on-desktop \" data-mfn=\"1\" data-mfn-post-scope=\"00000000000007e30000000000000000_85539\"><a href=\"javascript:void(0)\"  role=\"button\" aria-pressed=\"false\" aria-describedby=\"mfn-content-00000000000007e30000000000000000_85539-1\">1<\/a><\/sup><span id=\"mfn-content-00000000000007e30000000000000000_85539-1\" role=\"tooltip\" class=\"modern-footnotes-footnote__note\" tabindex=\"0\" data-mfn=\"1\">\u00abpartito di riferimento degli italiani di lingua tedesca\u00bb<\/span> und betont, dass die Regionen und Provinzen Italiens in ihrer Unterschiedlichkeit <strong>f\u00fcr ein geeinteres Italien zusammenarbeiten<\/strong> sollten \u2014 auch um in Europa st\u00e4rker sein zu k\u00f6nnen.<sup class=\"modern-footnotes-footnote modern-footnotes-footnote--hover-on-desktop \" data-mfn=\"2\" data-mfn-post-scope=\"00000000000007e30000000000000000_85539\"><a href=\"javascript:void(0)\"  role=\"button\" aria-pressed=\"false\" aria-describedby=\"mfn-content-00000000000007e30000000000000000_85539-2\">2<\/a><\/sup><span id=\"mfn-content-00000000000007e30000000000000000_85539-2\" role=\"tooltip\" class=\"modern-footnotes-footnote__note\" tabindex=\"0\" data-mfn=\"2\">\u00abCrediamo che, insieme, tutte le regioni e le province d&#8217;Italia nella loro diversit\u00e0 possano collaborare per avere un&#8217;Italia pi\u00f9 unita, e quindi una voce pi\u00f9 forte in Europa.\u00bb \u00dcber Matteo Gazzini, der in die <em>Voice-of-Europe<\/em>-Aff\u00e4re verwickelt ist und im Verdacht steht, sich in den Dienst der russischen Propaganda gestellt zu haben, sagt Tajani v\u00f6llig unkritisch, er verdiene es, best\u00e4tigt zu werden, da er gut gearbeitet habe und von den W\u00e4hlerinnen gesch\u00e4tzt werde.<sup class=\"modern-footnotes-footnote modern-footnotes-footnote--hover-on-desktop \" data-mfn=\"2\" data-mfn-post-scope=\"00000000000007e30000000000000000_85539\"><a href=\"javascript:void(0)\"  role=\"button\" aria-pressed=\"false\" aria-describedby=\"mfn-content-00000000000007e30000000000000000_85539-2\">2<\/a><\/sup><span id=\"mfn-content-00000000000007e30000000000000000_85539-2\" role=\"tooltip\" class=\"modern-footnotes-footnote__note\" tabindex=\"0\" data-mfn=\"2\"><\/span>\u00abGazzini sta lavorando bene, \u00e8 apprezzato dagli elettori ed avr\u00e0 un ottimo risultato. Merita la conferma.\u00bb<\/span> Dieter Steger schlie\u00dflich sei ein \u00bbraffinierter Politiker\u00ab, der die Probleme seiner W\u00e4hlerinnen im Geiste der Zusammenarbeit <strong>\u00bbmit der nationalen Regierung\u00ab<\/strong> zu l\u00f6sen wisse.<\/p>\n<p>F\u00fcr die EU w\u00fcnscht sich Tajani nicht die Fortsetzung einer Koalition mit den sozialdemokratischen Kr\u00e4ften (<abbr title=\"Progressive Alliance of Socialists & Democrats\">S&D<\/abbr>), sondern die Zusammenarbeit von <abbr title=\"Europ\u00e4ische Volkspartei\">EVP<\/abbr>, Konservativen und Liberalen. Zu seinen Favoriten geh\u00f6rt also wenig \u00fcberraschend <strong>die nationalistische, EU-feindliche<\/strong> <a title=\"Wiki: Europ\u00e4ische Konservative und Reformer.\" href=\"https:\/\/de.wikipedia.org\/wiki\/Europ%C3%A4ische_Konservative_und_Reformer\" target=\"_blank\" rel=\"noopener\">EKR-Fraktion<\/a>, in der unter anderem die neofaschistische <abbr title=\"Fratelli d\u2019Italia\">FdI<\/abbr>, die neofranquistische <em>Vox,<\/em> die PiS, <em>Reconqu\u00e9te,<\/em> die <em>Wahren Finnen<\/em> und die <em>Schwedendemokraten<\/em> vertreten sind. Sie stellen das genaue Gegenprojekt zu einem Europa der Regionen dar und wollen die EU in einen Ort der punktuellen Zusammenarbeit homogener Nationen zur\u00fcckbauen. Wie das im Interesse von S\u00fcdtirol sein k\u00f6nnte, erschlie\u00dft sich mir nicht \u2014 doch der SVP scheint das l\u00e4ngst alles egal zu sein.<\/p>\n<p><strong><span style=\"font-family: Helvetica, Arial, sans-serif; text-transform: uppercase;\">C\u00ebla enghe:<\/span><\/strong> <a title=\"Tajani bef\u00f6rdert faschistischen Diplomaten.\" href=\"https:\/\/www.brennerbasisdemokratie.eu\/?p=83450\"><code>01<\/code><\/a> <a title=\"Ausschluss von Puigdemont, Staatsanwalt am EuGH gegen Tajani.\" href=\"https:\/\/www.brennerbasisdemokratie.eu\/?p=84881\"><code>02<\/code><\/a> <a title=\"SVP kuschelt mit Faschistinnen.\" href=\"https:\/\/www.brennerbasisdemokratie.eu\/?p=74588\"><code>03<\/code><\/a> <span style=\"font-family: Helvetica, Arial, sans-serif; font-weight: normal;\">||<\/span> <a title=\"In- und ausl\u00e4ndische Extremistinnen.\" href=\"https:\/\/www.brennerbasisdemokratie.eu\/?p=85554\"><span style=\"color: #ff8c00\"><code>01<\/code><\/span><\/a><\/p>\n<ul class=\"modern-footnotes-list modern-footnotes-list--show-only-for-print\"><li><span>1<\/span><div>\u00abpartito di riferimento degli italiani di lingua tedesca\u00bb<\/div><\/li><li><span>2<\/span><div>\u00abCrediamo che, insieme, tutte le regioni e le province d&#8217;Italia nella loro diversit\u00e0 possano collaborare per avere un&#8217;Italia pi\u00f9 unita, e quindi una voce pi\u00f9 forte in Europa.\u00bb \u00dcber Matteo Gazzini, der in die <em>Voice-of-Europe<\/em>-Aff\u00e4re verwickelt ist und im Verdacht steht, sich in den Dienst der russischen Propaganda gestellt zu haben, sagt Tajani v\u00f6llig unkritisch, er verdiene es, best\u00e4tigt zu werden, da er gut gearbeitet habe und von den W\u00e4hlerinnen gesch\u00e4tzt werde.<sup class=\"modern-footnotes-footnote modern-footnotes-footnote--hover-on-desktop \" data-mfn=\"2\" data-mfn-post-scope=\"00000000000007e30000000000000000_85539\"><a href=\"javascript:void(0)\"  role=\"button\" aria-pressed=\"false\" aria-describedby=\"mfn-content-00000000000007e30000000000000000_85539-2\">2<\/a><\/sup><span id=\"mfn-content-00000000000007e30000000000000000_85539-2\" role=\"tooltip\" class=\"modern-footnotes-footnote__note\" tabindex=\"0\" data-mfn=\"2\"><\/span>\u00abGazzini sta lavorando bene, \u00e8 apprezzato dagli elettori ed avr\u00e0 un ottimo risultato. Merita la conferma.\u00bb<\/div><\/li><\/ul>","protected":false},"excerpt":{"rendered":"<p>Bei der 66. ordentlichen Landesversammlung der SVP wurde im Meraner Kursaal nach zehnj\u00e4hriger Obmannschaft von Philipp Achammer der Parlamentsabgeordnete Dieter Steger zu seinem Nachfolger gew\u00e4hlt. Hauptgastredner war der italienische Au\u00dfenminister Antonio Tajani, der als fr\u00fcheres Mitglied einer monarchistischen Partei, die mit dem MSI fusionierte, noch immer Sympathien f\u00fcr den faschistischen Diktator Benito Mussolini hegt, Separatistinnen [&hellip;]<\/p>","protected":false},"author":1,"featured_media":0,"comment_status":"open","ping_status":"open","sticky":false,"template":"","format":"standard","meta":{"_crdt_document":"","ngg_post_thumbnail":0,"_jetpack_memberships_contains_paid_content":false,"footnotes":""},"categories":[1],"tags":[],"class_list":["post-85539","post","type-post","status-publish","format-standard","hentry","category-allgemein","entity-evp","entity-fdi","entity-fi","entity-msi","entity-pdl","entity-sd","entity-svp","entity-vox","issue-europawahl-2024","issue-italianizzazione","location-europa","location-italy","location-sudtirolo","language-deutsch","medium-aa","person-antonio-tajani","person-benito-mussolini","person-dieter-steger","person-giorgia-meloni","person-herbert-dorfmann","person-philipp-achammer","person-silvio-berlusconi","topic-nationalismus","topic-politik"],"jetpack_featured_media_url":"","jetpack_sharing_enabled":true,"_links":{"self":[{"href":"https:\/\/www.brennerbasisdemokratie.eu\/index.php?rest_route=\/wp\/v2\/posts\/85539","targetHints":{"allow":["GET"]}}],"collection":[{"href":"https:\/\/www.brennerbasisdemokratie.eu\/index.php?rest_route=\/wp\/v2\/posts"}],"about":[{"href":"https:\/\/www.brennerbasisdemokratie.eu\/index.php?rest_route=\/wp\/v2\/types\/post"}],"author":[{"embeddable":true,"href":"https:\/\/www.brennerbasisdemokratie.eu\/index.php?rest_route=\/wp\/v2\/users\/1"}],"replies":[{"embeddable":true,"href":"https:\/\/www.brennerbasisdemokratie.eu\/index.php?rest_route=%2Fwp%2Fv2%2Fcomments&post=85539"}],"version-history":[{"count":8,"href":"https:\/\/www.brennerbasisdemokratie.eu\/index.php?rest_route=\/wp\/v2\/posts\/85539\/revisions"}],"predecessor-version":[{"id":89985,"href":"https:\/\/www.brennerbasisdemokratie.eu\/index.php?rest_route=\/wp\/v2\/posts\/85539\/revisions\/89985"}],"wp:attachment":[{"href":"https:\/\/www.brennerbasisdemokratie.eu\/index.php?rest_route=%2Fwp%2Fv2%2Fmedia&parent=85539"}],"wp:term":[{"taxonomy":"category","embeddable":true,"href":"https:\/\/www.brennerbasisdemokratie.eu\/index.php?rest_route=%2Fwp%2Fv2%2Fcategories&post=85539"},{"taxonomy":"post_tag","embeddable":true,"href":"https:\/\/www.brennerbasisdemokratie.eu\/index.php?rest_route=%2Fwp%2Fv2%2Ftags&post=85539"}],"curies":[{"name":"wp","href":"https:\/\/api.w.org\/{rel}","templated":true}]}}