{"id":85853,"date":"2024-05-22T10:55:56","date_gmt":"2024-05-22T08:55:56","guid":{"rendered":"https:\/\/www.brennerbasisdemokratie.eu\/?p=85853"},"modified":"2024-05-22T23:02:01","modified_gmt":"2024-05-22T21:02:01","slug":"eu-84-fur-minderheitenschutz","status":"publish","type":"post","link":"https:\/\/www.brennerbasisdemokratie.eu\/?p=85853","title":{"rendered":"EU: 84% f\u00fcr Minderheitenschutz."},"content":{"rendered":"<p>Die EU-Kommission hat soeben den <a title=\"Eurobarometer: Die Europ\u00e4er und ihre Sprachen.\" href=\"https:\/\/www.brennerbasisdemokratie.eu\/wp-content\/uploads\/2024\/05\/eurobarometer-spezial540-sprachen.pdf\">Bericht<\/a> <em>Die Europ\u00e4er und ihre Sprachen<\/em> ver\u00f6ffentlicht, der auf Befragungen im Zeitraum September-Oktober 2023 zur\u00fcckgeht. Dabei wurde unter anderem die Meinung zum Schutz von Minderheitensprachen erhoben \u2014 und der Befund ist \u00e4u\u00dferst positiv: Im Durchschnitt sprechen sich demnach 84% der B\u00fcrgerinnen f\u00fcr den Schutz von regionalen und Minderheitensprachen aus, nur 12% da dagegen, w\u00e4hrend 4% keine diesbez\u00fcgliche Meinung zum Ausdruck gebracht haben.<\/p>\n<p>Dabei ist der Unterschied zwischen dem minderheitenfreundlichsten und dem minderheitenfeindlichsten Land (Malta, 97% &#8211; Bulgarien, 68%) zwar betr\u00e4chtlich, doch in allen L\u00e4ndern \u00fcberwiegen die Bef\u00fcrworterinnen von Minderheitenschutz eindeutig. Und w\u00e4hrend Frankreich<sup id=\"mfn-content-00000000000043bc0000000000000000_85853-1\" class=\"modern-footnotes-footnote modern-footnotes-footnote--hover-on-desktop \" data-mfn=\"1\" data-mfn-post-scope=\"00000000000043bc0000000000000000_85853\"><a href=\"javascript:void(0)\"  role=\"button\" aria-pressed=\"false\" aria-describedby=\"mfn-content-00000000000043bc0000000000000000_85853-1\">1<\/a><\/sup><span role=\"tooltip\" class=\"modern-footnotes-footnote__note\" tabindex=\"0\" data-mfn=\"1\">84% f\u00fcr Minderheitenschutz, 12% dagegen<\/span> genau im EU-Durchschnitt liegt, befinden sich Italien<sup id=\"mfn-content-00000000000043bc0000000000000000_85853-2\" class=\"modern-footnotes-footnote modern-footnotes-footnote--hover-on-desktop \" data-mfn=\"2\" data-mfn-post-scope=\"00000000000043bc0000000000000000_85853\"><a href=\"javascript:void(0)\"  role=\"button\" aria-pressed=\"false\" aria-describedby=\"mfn-content-00000000000043bc0000000000000000_85853-2\">2<\/a><\/sup><span role=\"tooltip\" class=\"modern-footnotes-footnote__note\" tabindex=\"0\" data-mfn=\"2\">84% f\u00fcr Minderheitenschutz, 13% dagegen<\/span>, Deutschland<sup id=\"mfn-content-00000000000043bc0000000000000000_85853-3\" class=\"modern-footnotes-footnote modern-footnotes-footnote--hover-on-desktop \" data-mfn=\"3\" data-mfn-post-scope=\"00000000000043bc0000000000000000_85853\"><a href=\"javascript:void(0)\"  role=\"button\" aria-pressed=\"false\" aria-describedby=\"mfn-content-00000000000043bc0000000000000000_85853-3\">3<\/a><\/sup><span role=\"tooltip\" class=\"modern-footnotes-footnote__note\" tabindex=\"0\" data-mfn=\"3\">83% f\u00fcr Minderheitenschutz, 11% dagegen<\/span> und \u00d6sterreich<sup id=\"mfn-content-00000000000043bc0000000000000000_85853-4\" class=\"modern-footnotes-footnote modern-footnotes-footnote--hover-on-desktop \" data-mfn=\"4\" data-mfn-post-scope=\"00000000000043bc0000000000000000_85853\"><a href=\"javascript:void(0)\"  role=\"button\" aria-pressed=\"false\" aria-describedby=\"mfn-content-00000000000043bc0000000000000000_85853-4\">4<\/a><\/sup><span role=\"tooltip\" class=\"modern-footnotes-footnote__note\" tabindex=\"0\" data-mfn=\"4\">77% f\u00fcr Minderheitenschutz, 18% dagegen<\/span> darunter.<\/p>\n<p>Im allgemeinen erreicht der Minderheitenschutz unter Befragten zwischen 25 und 54 Jahren etwas h\u00f6here Zustimmungswerte (84-85%) als bei den j\u00fcngeren (15-24 Jahre) und \u00e4lteren (\u00fcber 55 Jahre), die den Schutz von Regional- und Minderheitensprachen jeweils zu 82% bef\u00fcrworten. Besser ausgebildete sind tendenziell minderheitenfreundlicher als schlechter ausgebildete und Menschen, die gerade eine neue Sprache erlernen, bef\u00fcrworten den Minderheitenschutz eher als einsprachige. Doch auch diesbez\u00fcglich kann man sagen: In allen Gruppen \u00fcberwiegen ganz eindeutig diejenigen, die sich <em>f\u00fcr<\/em> Schutzma\u00dfnahmen aussprechen.<\/p>\n<p>W\u00e4hrend der demokratische Wille, wiewohl \u00bbMinderheitenschutz\u00ab ein sehr dehnbarer Begriff ist, offenbar vorhanden w\u00e4re, sieht die Realit\u00e4t noch immer ziemlich d\u00fcster aus. Sowohl die EU (<a title=\"EU sch\u00fctzt Minderheiten nicht.\" href=\"https:\/\/www.brennerbasisdemokratie.eu\/?p=63051\">vgl.<\/a>) als auch ihre Mitgliedsstaaten vernachl\u00e4ssigen den Minderheitenschutz str\u00e4flich. Mehrere L\u00e4nder, zu denen auch Italien geh\u00f6rt, haben noch nicht einmal die <a title=\"Die Charta der Minderheitensprachen.\" href=\"https:\/\/www.brennerbasisdemokratie.eu\/?p=1348\"><em>Charta der Regional- oder Minderheitensprachen<\/em><\/a> ratifiziert und umgesetzt.<\/p>\n<p><strong><span style=\"font-family: Helvetica, Arial, sans-serif; text-transform: uppercase;\">C\u00ebla enghe:<\/span><\/strong> <a title=\"MSPI: EuG deckt Unt\u00e4tigkeit der Kommission.\" href=\"https:\/\/www.brennerbasisdemokratie.eu\/?p=74760\"><code>01<\/code><\/a> <a title=\"EU-Wahlportal: Wieder kein Deutsch f\u00fcr S\u00fcdtirol.\" href=\"https:\/\/www.brennerbasisdemokratie.eu\/?p=85443\"><code>02<\/code><\/a> <a title=\"EU: Spanien beantragte Anerkennung von Baskisch, Galicisch und Katalanisch.\" href=\"https:\/\/www.brennerbasisdemokratie.eu\/?p=80240\"><code>03<\/code><\/a> <a title=\"Minderheiten brauchen endlich internationalen Schutz.\" href=\"https:\/\/www.brennerbasisdemokratie.eu\/?p=75226\"><code>04<\/code><\/a> <a title=\"Geoblocking: Minderheitenklausel verabschiedet.\" href=\"https:\/\/www.brennerbasisdemokratie.eu\/?p=82850\"><code>05<\/code><\/a> <a title=\"Zwei Drittel der Minderheiten schrumpfen.\" href=\"https:\/\/www.brennerbasisdemokratie.eu\/?p=75337\"><code>06<\/code><\/a><\/p>\n<ul class=\"modern-footnotes-list modern-footnotes-list--show-only-for-print\"><li id=\"footnote-00000000000043bc0000000000000000_85853-1\"><span>1<\/span><div>84% f\u00fcr Minderheitenschutz, 12% dagegen <a href=\"#mfn-content-00000000000043bc0000000000000000_85853-1\" class=\"modern-footnotes-scroll-to-footnote\" aria-label=\"Back to reference 1 in text\">\u21a9\ufe0e<\/a><\/div><\/li><li id=\"footnote-00000000000043bc0000000000000000_85853-2\"><span>2<\/span><div>84% f\u00fcr Minderheitenschutz, 13% dagegen <a href=\"#mfn-content-00000000000043bc0000000000000000_85853-2\" class=\"modern-footnotes-scroll-to-footnote\" aria-label=\"Back to reference 2 in text\">\u21a9\ufe0e<\/a><\/div><\/li><li id=\"footnote-00000000000043bc0000000000000000_85853-3\"><span>3<\/span><div>83% f\u00fcr Minderheitenschutz, 11% dagegen <a href=\"#mfn-content-00000000000043bc0000000000000000_85853-3\" class=\"modern-footnotes-scroll-to-footnote\" aria-label=\"Back to reference 3 in text\">\u21a9\ufe0e<\/a><\/div><\/li><li id=\"footnote-00000000000043bc0000000000000000_85853-4\"><span>4<\/span><div>77% f\u00fcr Minderheitenschutz, 18% dagegen <a href=\"#mfn-content-00000000000043bc0000000000000000_85853-4\" class=\"modern-footnotes-scroll-to-footnote\" aria-label=\"Back to reference 4 in text\">\u21a9\ufe0e<\/a><\/div><\/li><\/ul>","protected":false},"excerpt":{"rendered":"<p>Die EU-Kommission hat soeben den Bericht Die Europ\u00e4er und ihre Sprachen ver\u00f6ffentlicht, der auf Befragungen im Zeitraum September-Oktober 2023 zur\u00fcckgeht. Dabei wurde unter anderem die Meinung zum Schutz von Minderheitensprachen erhoben \u2014 und der Befund ist \u00e4u\u00dferst positiv: Im Durchschnitt sprechen sich demnach 84% der B\u00fcrgerinnen f\u00fcr den Schutz von regionalen und Minderheitensprachen aus, nur [&hellip;]<\/p>","protected":false},"author":1,"featured_media":0,"comment_status":"open","ping_status":"open","sticky":false,"template":"","format":"standard","meta":{"ngg_post_thumbnail":0,"_jetpack_newsletter_access":"","_jetpack_dont_email_post_to_subs":false,"_jetpack_newsletter_tier_id":0,"_jetpack_memberships_contains_paywalled_content":false,"_jetpack_memberships_contains_paid_content":false,"footnotes":""},"categories":[1],"tags":[],"class_list":["post-85853","post","type-post","status-publish","format-standard","hentry","category-allgemein","entity-eu-kommission","entity-eu","entity-europarat","issue-charta-der-minderheitensprachen","issue-good-news","location-deutschland","location-europa","location-france","location-italy","location-malta","location-osterreich","language-deutsch","topic-grundrechte","topic-minderheitenschutz","topic-plurilinguism","topic-politik","topic-publikationen","topic-statistik"],"yoast_head":"<!-- This site is optimized with the Yoast SEO plugin v28.3 - https:\/\/yoast.com\/product\/yoast-seo-wordpress\/ -->\n<title>EU: 84% f\u00fcr Minderheitenschutz. - BBD<\/title>\n<meta name=\"robots\" content=\"index, follow, max-snippet:-1, max-image-preview:large, max-video-preview:-1\" \/>\n<link rel=\"canonical\" href=\"https:\/\/www.brennerbasisdemokratie.eu\/?p=85853\" \/>\n<meta property=\"og:locale\" content=\"en_GB\" \/>\n<meta property=\"og:type\" content=\"article\" \/>\n<meta property=\"og:title\" content=\"EU: 84% f\u00fcr Minderheitenschutz. - BBD\" \/>\n<meta property=\"og:description\" content=\"Die EU-Kommission hat soeben den Bericht Die Europ\u00e4er und ihre Sprachen ver\u00f6ffentlicht, der auf Befragungen im Zeitraum September-Oktober 2023 zur\u00fcckgeht. Dabei wurde unter anderem die Meinung zum Schutz von Minderheitensprachen erhoben \u2014 und der Befund ist \u00e4u\u00dferst positiv: Im Durchschnitt sprechen sich demnach 84% der B\u00fcrgerinnen f\u00fcr den Schutz von regionalen und Minderheitensprachen aus, nur [&hellip;]\" \/>\n<meta property=\"og:url\" content=\"https:\/\/www.brennerbasisdemokratie.eu\/?p=85853\" \/>\n<meta property=\"og:site_name\" content=\"BBD\" \/>\n<meta property=\"article:publisher\" content=\"https:\/\/www.facebook.com\/Brennerbasisdemokratie\/\" \/>\n<meta property=\"article:published_time\" content=\"2024-05-22T08:55:56+00:00\" \/>\n<meta property=\"article:modified_time\" content=\"2024-05-22T21:02:01+00:00\" \/>\n<meta property=\"og:image\" content=\"https:\/\/www.brennerbasisdemokratie.eu\/wp-content\/uploads\/2026\/08\/bbd-defaultimage.png\" \/>\n\t<meta property=\"og:image:width\" content=\"1200\" \/>\n\t<meta property=\"og:image:height\" content=\"630\" \/>\n\t<meta property=\"og:image:type\" content=\"image\/png\" \/>\n<meta name=\"author\" content=\"Simon Constantini\" \/>\n<meta name=\"twitter:card\" content=\"summary_large_image\" \/>\n<meta name=\"twitter:creator\" content=\"@31bbd\" \/>\n<meta name=\"twitter:site\" content=\"@31bbd\" \/>\n<meta name=\"twitter:label1\" content=\"Written by\" \/>\n\t<meta name=\"twitter:data1\" content=\"Simon Constantini\" \/>\n\t<meta name=\"twitter:label2\" content=\"Estimated reading time\" \/>\n\t<meta name=\"twitter:data2\" content=\"1 minute\" \/>\n<script type=\"application\/ld+json\" class=\"yoast-schema-graph\">{\"@context\":\"https:\\\/\\\/schema.org\",\"@graph\":[{\"@type\":\"Article\",\"@id\":\"https:\\\/\\\/www.brennerbasisdemokratie.eu\\\/?p=85853#article\",\"isPartOf\":{\"@id\":\"https:\\\/\\\/www.brennerbasisdemokratie.eu\\\/?p=85853\"},\"author\":{\"name\":\"Simon Constantini\",\"@id\":\"https:\\\/\\\/www.brennerbasisdemokratie.eu\\\/#\\\/schema\\\/person\\\/d02c4d1a3c6c3b2c70d7c7f27eb857ec\"},\"headline\":\"EU: 84% f\u00fcr Minderheitenschutz.\",\"datePublished\":\"2024-05-22T08:55:56+00:00\",\"dateModified\":\"2024-05-22T21:02:01+00:00\",\"mainEntityOfPage\":{\"@id\":\"https:\\\/\\\/www.brennerbasisdemokratie.eu\\\/?p=85853\"},\"wordCount\":287,\"commentCount\":0,\"publisher\":{\"@id\":\"https:\\\/\\\/www.brennerbasisdemokratie.eu\\\/#organization\"},\"articleSection\":[\"BBD\"],\"inLanguage\":\"en-GB\",\"potentialAction\":[{\"@type\":\"CommentAction\",\"name\":\"Comment\",\"target\":[\"https:\\\/\\\/www.brennerbasisdemokratie.eu\\\/?p=85853#respond\"]}]},{\"@type\":\"WebPage\",\"@id\":\"https:\\\/\\\/www.brennerbasisdemokratie.eu\\\/?p=85853\",\"url\":\"https:\\\/\\\/www.brennerbasisdemokratie.eu\\\/?p=85853\",\"name\":\"EU: 84% f\u00fcr Minderheitenschutz. - BBD\",\"isPartOf\":{\"@id\":\"https:\\\/\\\/www.brennerbasisdemokratie.eu\\\/#website\"},\"datePublished\":\"2024-05-22T08:55:56+00:00\",\"dateModified\":\"2024-05-22T21:02:01+00:00\",\"breadcrumb\":{\"@id\":\"https:\\\/\\\/www.brennerbasisdemokratie.eu\\\/?p=85853#breadcrumb\"},\"inLanguage\":\"en-GB\",\"potentialAction\":[{\"@type\":\"ReadAction\",\"target\":[\"https:\\\/\\\/www.brennerbasisdemokratie.eu\\\/?p=85853\"]}]},{\"@type\":\"BreadcrumbList\",\"@id\":\"https:\\\/\\\/www.brennerbasisdemokratie.eu\\\/?p=85853#breadcrumb\",\"itemListElement\":[{\"@type\":\"ListItem\",\"position\":1,\"name\":\"Home\",\"item\":\"https:\\\/\\\/www.brennerbasisdemokratie.eu\\\/\"},{\"@type\":\"ListItem\",\"position\":2,\"name\":\"EU: 84% f\u00fcr Minderheitenschutz.\"}]},{\"@type\":\"WebSite\",\"@id\":\"https:\\\/\\\/www.brennerbasisdemokratie.eu\\\/#website\",\"url\":\"https:\\\/\\\/www.brennerbasisdemokratie.eu\\\/\",\"name\":\"Brennerbasisdemokratie\",\"description\":\"linksgr\u00fcnversiffter Separatismus\",\"publisher\":{\"@id\":\"https:\\\/\\\/www.brennerbasisdemokratie.eu\\\/#organization\"},\"alternateName\":\"BBD\",\"potentialAction\":[{\"@type\":\"SearchAction\",\"target\":{\"@type\":\"EntryPoint\",\"urlTemplate\":\"https:\\\/\\\/www.brennerbasisdemokratie.eu\\\/?s={search_term_string}\"},\"query-input\":{\"@type\":\"PropertyValueSpecification\",\"valueRequired\":true,\"valueName\":\"search_term_string\"}}],\"inLanguage\":\"en-GB\"},{\"@type\":\"Organization\",\"@id\":\"https:\\\/\\\/www.brennerbasisdemokratie.eu\\\/#organization\",\"name\":\"BBD\",\"url\":\"https:\\\/\\\/www.brennerbasisdemokratie.eu\\\/\",\"logo\":{\"@type\":\"ImageObject\",\"inLanguage\":\"en-GB\",\"@id\":\"https:\\\/\\\/www.brennerbasisdemokratie.eu\\\/#\\\/schema\\\/logo\\\/image\\\/\",\"url\":\"\",\"contentUrl\":\"\",\"caption\":\"BBD\"},\"image\":{\"@id\":\"https:\\\/\\\/www.brennerbasisdemokratie.eu\\\/#\\\/schema\\\/logo\\\/image\\\/\"},\"sameAs\":[\"https:\\\/\\\/www.facebook.com\\\/Brennerbasisdemokratie\\\/\",\"https:\\\/\\\/x.com\\\/31bbd\",\"https:\\\/\\\/bsky.app\\\/profile\\\/31bbd.bsky.social\",\"https:\\\/\\\/tyrol.social\\\/@bbd\"]},{\"@type\":\"Person\",\"@id\":\"https:\\\/\\\/www.brennerbasisdemokratie.eu\\\/#\\\/schema\\\/person\\\/d02c4d1a3c6c3b2c70d7c7f27eb857ec\",\"name\":\"Simon Constantini\",\"image\":{\"@type\":\"ImageObject\",\"inLanguage\":\"en-GB\",\"@id\":\"https:\\\/\\\/secure.gravatar.com\\\/avatar\\\/48c8e5a626e54792d47a47aaa2dfe3ad32a7e03bd56f76114a8ecaae23e227ff?s=96&d=identicon&r=r\",\"url\":\"https:\\\/\\\/secure.gravatar.com\\\/avatar\\\/48c8e5a626e54792d47a47aaa2dfe3ad32a7e03bd56f76114a8ecaae23e227ff?s=96&d=identicon&r=r\",\"contentUrl\":\"https:\\\/\\\/secure.gravatar.com\\\/avatar\\\/48c8e5a626e54792d47a47aaa2dfe3ad32a7e03bd56f76114a8ecaae23e227ff?s=96&d=identicon&r=r\",\"caption\":\"Simon Constantini\"},\"sameAs\":[\"http:\\\/\\\/www.brennerbasisdemokratie.eu\\\/?author=1\"],\"url\":\"https:\\\/\\\/www.brennerbasisdemokratie.eu\\\/?author=1\"}]}<\/script>\n<!-- \/ Yoast SEO plugin. -->","yoast_head_json":{"title":"EU: 84% f\u00fcr Minderheitenschutz. - BBD","robots":{"index":"index","follow":"follow","max-snippet":"max-snippet:-1","max-image-preview":"max-image-preview:large","max-video-preview":"max-video-preview:-1"},"canonical":"https:\/\/www.brennerbasisdemokratie.eu\/?p=85853","og_locale":"en_GB","og_type":"article","og_title":"EU: 84% f\u00fcr Minderheitenschutz. - BBD","og_description":"Die EU-Kommission hat soeben den Bericht Die Europ\u00e4er und ihre Sprachen ver\u00f6ffentlicht, der auf Befragungen im Zeitraum September-Oktober 2023 zur\u00fcckgeht. Dabei wurde unter anderem die Meinung zum Schutz von Minderheitensprachen erhoben \u2014 und der Befund ist \u00e4u\u00dferst positiv: Im Durchschnitt sprechen sich demnach 84% der B\u00fcrgerinnen f\u00fcr den Schutz von regionalen und Minderheitensprachen aus, nur [&hellip;]","og_url":"https:\/\/www.brennerbasisdemokratie.eu\/?p=85853","og_site_name":"BBD","article_publisher":"https:\/\/www.facebook.com\/Brennerbasisdemokratie\/","article_published_time":"2024-05-22T08:55:56+00:00","article_modified_time":"2024-05-22T21:02:01+00:00","og_image":[{"width":1200,"height":630,"url":"https:\/\/www.brennerbasisdemokratie.eu\/wp-content\/uploads\/2026\/08\/bbd-defaultimage.png","type":"image\/png"}],"author":"Simon Constantini","twitter_card":"summary_large_image","twitter_creator":"@31bbd","twitter_site":"@31bbd","twitter_misc":{"Written by":"Simon Constantini","Estimated reading time":"1 minute"},"schema":{"@context":"https:\/\/schema.org","@graph":[{"@type":"Article","@id":"https:\/\/www.brennerbasisdemokratie.eu\/?p=85853#article","isPartOf":{"@id":"https:\/\/www.brennerbasisdemokratie.eu\/?p=85853"},"author":{"name":"Simon Constantini","@id":"https:\/\/www.brennerbasisdemokratie.eu\/#\/schema\/person\/d02c4d1a3c6c3b2c70d7c7f27eb857ec"},"headline":"EU: 84% f\u00fcr Minderheitenschutz.","datePublished":"2024-05-22T08:55:56+00:00","dateModified":"2024-05-22T21:02:01+00:00","mainEntityOfPage":{"@id":"https:\/\/www.brennerbasisdemokratie.eu\/?p=85853"},"wordCount":287,"commentCount":0,"publisher":{"@id":"https:\/\/www.brennerbasisdemokratie.eu\/#organization"},"articleSection":["BBD"],"inLanguage":"en-GB","potentialAction":[{"@type":"CommentAction","name":"Comment","target":["https:\/\/www.brennerbasisdemokratie.eu\/?p=85853#respond"]}]},{"@type":"WebPage","@id":"https:\/\/www.brennerbasisdemokratie.eu\/?p=85853","url":"https:\/\/www.brennerbasisdemokratie.eu\/?p=85853","name":"EU: 84% f\u00fcr Minderheitenschutz. - BBD","isPartOf":{"@id":"https:\/\/www.brennerbasisdemokratie.eu\/#website"},"datePublished":"2024-05-22T08:55:56+00:00","dateModified":"2024-05-22T21:02:01+00:00","breadcrumb":{"@id":"https:\/\/www.brennerbasisdemokratie.eu\/?p=85853#breadcrumb"},"inLanguage":"en-GB","potentialAction":[{"@type":"ReadAction","target":["https:\/\/www.brennerbasisdemokratie.eu\/?p=85853"]}]},{"@type":"BreadcrumbList","@id":"https:\/\/www.brennerbasisdemokratie.eu\/?p=85853#breadcrumb","itemListElement":[{"@type":"ListItem","position":1,"name":"Home","item":"https:\/\/www.brennerbasisdemokratie.eu\/"},{"@type":"ListItem","position":2,"name":"EU: 84% f\u00fcr Minderheitenschutz."}]},{"@type":"WebSite","@id":"https:\/\/www.brennerbasisdemokratie.eu\/#website","url":"https:\/\/www.brennerbasisdemokratie.eu\/","name":"Brennerbasisdemokratie","description":"linksgr\u00fcnversiffter Separatismus","publisher":{"@id":"https:\/\/www.brennerbasisdemokratie.eu\/#organization"},"alternateName":"BBD","potentialAction":[{"@type":"SearchAction","target":{"@type":"EntryPoint","urlTemplate":"https:\/\/www.brennerbasisdemokratie.eu\/?s={search_term_string}"},"query-input":{"@type":"PropertyValueSpecification","valueRequired":true,"valueName":"search_term_string"}}],"inLanguage":"en-GB"},{"@type":"Organization","@id":"https:\/\/www.brennerbasisdemokratie.eu\/#organization","name":"BBD","url":"https:\/\/www.brennerbasisdemokratie.eu\/","logo":{"@type":"ImageObject","inLanguage":"en-GB","@id":"https:\/\/www.brennerbasisdemokratie.eu\/#\/schema\/logo\/image\/","url":"","contentUrl":"","caption":"BBD"},"image":{"@id":"https:\/\/www.brennerbasisdemokratie.eu\/#\/schema\/logo\/image\/"},"sameAs":["https:\/\/www.facebook.com\/Brennerbasisdemokratie\/","https:\/\/x.com\/31bbd","https:\/\/bsky.app\/profile\/31bbd.bsky.social","https:\/\/tyrol.social\/@bbd"]},{"@type":"Person","@id":"https:\/\/www.brennerbasisdemokratie.eu\/#\/schema\/person\/d02c4d1a3c6c3b2c70d7c7f27eb857ec","name":"Simon Constantini","image":{"@type":"ImageObject","inLanguage":"en-GB","@id":"https:\/\/secure.gravatar.com\/avatar\/48c8e5a626e54792d47a47aaa2dfe3ad32a7e03bd56f76114a8ecaae23e227ff?s=96&d=identicon&r=r","url":"https:\/\/secure.gravatar.com\/avatar\/48c8e5a626e54792d47a47aaa2dfe3ad32a7e03bd56f76114a8ecaae23e227ff?s=96&d=identicon&r=r","contentUrl":"https:\/\/secure.gravatar.com\/avatar\/48c8e5a626e54792d47a47aaa2dfe3ad32a7e03bd56f76114a8ecaae23e227ff?s=96&d=identicon&r=r","caption":"Simon Constantini"},"sameAs":["http:\/\/www.brennerbasisdemokratie.eu\/?author=1"],"url":"https:\/\/www.brennerbasisdemokratie.eu\/?author=1"}]}},"jetpack_sharing_enabled":true,"jetpack_featured_media_url":"","_links":{"self":[{"href":"https:\/\/www.brennerbasisdemokratie.eu\/index.php?rest_route=\/wp\/v2\/posts\/85853","targetHints":{"allow":["GET"]}}],"collection":[{"href":"https:\/\/www.brennerbasisdemokratie.eu\/index.php?rest_route=\/wp\/v2\/posts"}],"about":[{"href":"https:\/\/www.brennerbasisdemokratie.eu\/index.php?rest_route=\/wp\/v2\/types\/post"}],"author":[{"embeddable":true,"href":"https:\/\/www.brennerbasisdemokratie.eu\/index.php?rest_route=\/wp\/v2\/users\/1"}],"replies":[{"embeddable":true,"href":"https:\/\/www.brennerbasisdemokratie.eu\/index.php?rest_route=%2Fwp%2Fv2%2Fcomments&post=85853"}],"version-history":[{"count":8,"href":"https:\/\/www.brennerbasisdemokratie.eu\/index.php?rest_route=\/wp\/v2\/posts\/85853\/revisions"}],"predecessor-version":[{"id":85884,"href":"https:\/\/www.brennerbasisdemokratie.eu\/index.php?rest_route=\/wp\/v2\/posts\/85853\/revisions\/85884"}],"wp:attachment":[{"href":"https:\/\/www.brennerbasisdemokratie.eu\/index.php?rest_route=%2Fwp%2Fv2%2Fmedia&parent=85853"}],"wp:term":[{"taxonomy":"category","embeddable":true,"href":"https:\/\/www.brennerbasisdemokratie.eu\/index.php?rest_route=%2Fwp%2Fv2%2Fcategories&post=85853"},{"taxonomy":"post_tag","embeddable":true,"href":"https:\/\/www.brennerbasisdemokratie.eu\/index.php?rest_route=%2Fwp%2Fv2%2Ftags&post=85853"}],"curies":[{"name":"wp","href":"https:\/\/api.w.org\/{rel}","templated":true}]}}