{"id":86020,"date":"2024-05-28T22:46:10","date_gmt":"2024-05-28T20:46:10","guid":{"rendered":"https:\/\/www.brennerbasisdemokratie.eu\/?p=86020"},"modified":"2026-01-29T10:29:47","modified_gmt":"2026-01-29T09:29:47","slug":"le-fioriere-antisecessione","status":"publish","type":"post","link":"https:\/\/www.brennerbasisdemokratie.eu\/?p=86020","title":{"rendered":"Le fioriere antisecessione."},"content":{"rendered":"<p>Oggi sull&#8217;inserto sudtirolese del <em>Corriere<\/em> \u00e8 apparso un articolo di Marco Angelucci nel quale analizza l&#8217;esito delle elezioni comunali a Leifers, Lana e St. Martin in Passeier, poco incoraggiante per i partiti \u00abitaliani\u00bb. Dopo aver ripetuto <a title=\"Pallaver, Statistik ist ein Bauchgef\u00fchl.\" href=\"https:\/\/www.brennerbasisdemokratie.eu\/?p=32312\">la verit\u00e0 alternativa degli italiani che avrebbero \u00abprogressivamente lasciato le valli\u00bb<\/a>&nbsp;ha anche banalizzato la politica a livello comunale affermando che:<\/p>\n<blockquote><p>Quando si tratta di decidere quali strade rattoppare o quali fioriere cambiare, essere di destra o di sinistra non fa differenza: allora perch\u00e8 presentare ben tre liste a Lana di cui due non fanno nemmeno un eletto? In gioco c&#8217;\u00e8 l&#8217;interesse di una comunit\u00e0 o le velleit\u00e0 di protagonismo dei singoli?<\/p>\n<p><em><small>\u2013 Marco Angelucci<\/small><\/em><\/p><\/blockquote>\n<p>Come se nei comuni non ci si occupasse di politica sociale, di accoglienza o di urbanistica. Ad ogni modo sembra strano che non faccia differenza essere di destra o di sinistra, mentre par di capire che, per rattoppare le strade, essere italiano o tedesco lo sia.<\/p>\n<blockquote><p>Se invece gli italiani usciranno definitivamente di scena dalle amministrazioni locali allora non c&#8217;\u00e8 da stupirsi se nella popolazione sudtirolese aumenter\u00e0 la voglia di secessione. In fin dei conti se gli italiani non portano nulla che senso ha rimanere in Italia?<\/p>\n<p><em><small>\u2013 Marco Angelucci<\/small><\/em><\/p><\/blockquote>\n<p>Non fa una grinza. Tutti sanno infatti che la ragione principale per <em>non<\/em> chiedere la secessione \u00e8 il fondamentale apporto dei consiglieri comunali italiani quando si tratta di decidere quali fioriere sostituire. Senza questo sostegno \u2014 e senza il costante impegno di alcuni per la pacifica convivenza (cfr. <a title=\"FdI und Gemeindebedienstete markieren die Grenze.\" href=\"https:\/\/www.brennerbasisdemokratie.eu\/?p=77295\"><code>01<\/code><\/a> <a title=\"Kranzniederlegung in Burgeis.\" href=\"https:\/\/www.brennerbasisdemokratie.eu\/?p=69132\"><code>02<\/code><\/a>) \u2014 veramente rimanere in Italia perderebbe senso.<\/p>\n<p>(Per chi se lo fosse perso, Angelucci comunque <a title=\"Deutschsprachige \u00c4rztinnen: Sezessionsgefahr.\" href=\"https:\/\/www.brennerbasisdemokratie.eu\/?p=51680\">aveva gi\u00e0 avvertito<\/a> che anche dare ai medici di lingua tedesca gli stessi diritti che hanno quelli di lingua italiana avrebbe favorito la secessione. Non c&#8217;\u00e8 da scherzare, la sacra unit\u00e0 nazionale \u00e8 costantemente in pericolo).<\/p>","protected":false},"excerpt":{"rendered":"<p>Oggi sull&#8217;inserto sudtirolese del Corriere \u00e8 apparso un articolo di Marco Angelucci nel quale analizza l&#8217;esito delle elezioni comunali a Leifers, Lana e St. Martin in Passeier, poco incoraggiante per i partiti \u00abitaliani\u00bb. Dopo aver ripetuto la verit\u00e0 alternativa degli italiani che avrebbero \u00abprogressivamente lasciato le valli\u00bb&nbsp;ha anche banalizzato la politica a livello comunale affermando [&hellip;]<\/p>","protected":false},"author":1,"featured_media":0,"comment_status":"open","ping_status":"open","sticky":false,"template":"","format":"standard","meta":{"_crdt_document":"","ngg_post_thumbnail":0,"_jetpack_memberships_contains_paid_content":false,"footnotes":""},"categories":[1],"tags":[],"class_list":["post-86020","post","type-post","status-publish","format-standard","hentry","category-allgemein","issue-gemeindewahl-2024","issue-medienkritik","issue-zitac","location-sudtirolo","language-italiano","medium-corriere","person-marco-angelucci","topic-kohasion","topic-politik","topic-selbstbestimmung"],"jetpack_featured_media_url":"","jetpack_sharing_enabled":true,"_links":{"self":[{"href":"https:\/\/www.brennerbasisdemokratie.eu\/index.php?rest_route=\/wp\/v2\/posts\/86020","targetHints":{"allow":["GET"]}}],"collection":[{"href":"https:\/\/www.brennerbasisdemokratie.eu\/index.php?rest_route=\/wp\/v2\/posts"}],"about":[{"href":"https:\/\/www.brennerbasisdemokratie.eu\/index.php?rest_route=\/wp\/v2\/types\/post"}],"author":[{"embeddable":true,"href":"https:\/\/www.brennerbasisdemokratie.eu\/index.php?rest_route=\/wp\/v2\/users\/1"}],"replies":[{"embeddable":true,"href":"https:\/\/www.brennerbasisdemokratie.eu\/index.php?rest_route=%2Fwp%2Fv2%2Fcomments&post=86020"}],"version-history":[{"count":9,"href":"https:\/\/www.brennerbasisdemokratie.eu\/index.php?rest_route=\/wp\/v2\/posts\/86020\/revisions"}],"predecessor-version":[{"id":86031,"href":"https:\/\/www.brennerbasisdemokratie.eu\/index.php?rest_route=\/wp\/v2\/posts\/86020\/revisions\/86031"}],"wp:attachment":[{"href":"https:\/\/www.brennerbasisdemokratie.eu\/index.php?rest_route=%2Fwp%2Fv2%2Fmedia&parent=86020"}],"wp:term":[{"taxonomy":"category","embeddable":true,"href":"https:\/\/www.brennerbasisdemokratie.eu\/index.php?rest_route=%2Fwp%2Fv2%2Fcategories&post=86020"},{"taxonomy":"post_tag","embeddable":true,"href":"https:\/\/www.brennerbasisdemokratie.eu\/index.php?rest_route=%2Fwp%2Fv2%2Ftags&post=86020"}],"curies":[{"name":"wp","href":"https:\/\/api.w.org\/{rel}","templated":true}]}}