{"id":86120,"date":"2024-06-03T22:24:44","date_gmt":"2024-06-03T20:24:44","guid":{"rendered":"https:\/\/www.brennerbasisdemokratie.eu\/?p=86120"},"modified":"2024-06-03T22:40:51","modified_gmt":"2024-06-03T20:40:51","slug":"das-erbe-des-faschismus-sichtbar-machen","status":"publish","type":"post","link":"https:\/\/www.brennerbasisdemokratie.eu\/?p=86120","title":{"rendered":"Das Erbe des Faschismus sichtbar machen?"},"content":{"rendered":"<p>Die Fakult\u00e4t f\u00fcr Design und K\u00fcnste der <em>Freien Universit\u00e4t Bozen<\/em> (FUB) f\u00fchrt ein interdisziplin\u00e4res Forschungsprojekt mit dem Titel <em>Der Umgang mit Bozens faschistischem Erbe. Eine nachhaltige Auseinandersetzung mit dem widerspr\u00fcchlichen Verm\u00e4chtnis der Stadt<\/em> durch, in dessen Rahmen die Seminarreihe<\/p>\n<p style=\"text-align: center;\"><strong>Inhabited Dissonance. Bozen-Bolzano 1922-2024<\/strong><\/p>\n<p>die erste \u00f6ffentliche Veranstaltung darstellt. Um den Dialog zwischen historischer Forschung und k\u00fcnstlerischen Methoden zu f\u00f6rdern, nehmen an den drei geplanten Abenden je eine Wissenschaftlerin und eine K\u00fcnstlerin teil:<\/p>\n<ul>\n<li><strong>On Fascism, Nature and Soil<\/strong> (5. Juni &#8211; H\u00f6rsaal D1.01, in englischer Sprache) \u2013 mit der Umwelthistorikerin Roberta Biasillo <em>(Universit\u00e4t Utrecht)<\/em> und der K\u00fcnstlerin Ela Spalding.<\/li>\n<li><strong>Denkm\u00e4ler und \u00f6ffentlicher Raum<\/strong> (6. Juni &#8211; H\u00f6rsaal D1.02, in deutscher\/italienischer Sprache mit Simultan\u00fcbersetzung) \u2013 mit der Kunsthistorikerin Carmen Belmonte <em>(Universit\u00e4t Roma Tre\/Bibliotheca Hertziana)<\/em> und dem Wiener K\u00fcnstler Eduard Freudmann.<\/li>\n<li><strong>Antike Simulakren und Erinnerungskonflikte: Der Faschismus und die Geschichte<\/strong> (7. Juni &#8211; H\u00f6rsaal D1.02, in italienischer Sprache mit Simultan\u00fcbersetzung) \u2013 mit der Zeithistorikerin Paola Salvatori <em>(Scuola Normale Superiore)<\/em> und dem K\u00fcnstler Stefano Graziani.<\/li>\n<\/ul>\n<p>Alle Veranstaltungen finden<strong> von 18.30 Uhr bis 20.00 Uhr<\/strong> am <strong>Campus Bozen<\/strong> statt. N\u00e4here Informationen gibt es <a title=\"FUB: Das Erbe des Faschismus sichtbar machen?\" href=\"https:\/\/www.unibz.it\/de\/news\/article\/mostrare-leredita-del-fascismo-il-ciclo-di-seminari-di-unibz\" target=\"_blank\" rel=\"noopener\">hier.<\/a><\/p>\n<p><strong><span style=\"font-family: Helvetica, Arial, sans-serif; text-transform: uppercase;\">C\u00ebla enghe:<\/span><\/strong> <a title=\"Postcolonial Italy \u2013 Mapping Colonial Heritage.\" href=\"https:\/\/www.brennerbasisdemokratie.eu\/?p=58321\"><code>01<\/code><\/a> <a title=\"Black Lives Matter und der italienische Kolonialismus in S\u00fcdtirol.\" href=\"https:\/\/www.brennerbasisdemokratie.eu\/?p=79753\"><code>02<\/code><\/a> <a title=\"Eine Topographie des Grauens.\" href=\"https:\/\/www.brennerbasisdemokratie.eu\/?p=63617\"><code>03<\/code><\/a> <a title=\"Darum kolonial.\" href=\"https:\/\/www.brennerbasisdemokratie.eu\/?p=85968\"><code>04<\/code><\/a><\/p>","protected":false},"excerpt":{"rendered":"<p>Die Fakult\u00e4t f\u00fcr Design und K\u00fcnste der Freien Universit\u00e4t Bozen (FUB) f\u00fchrt ein interdisziplin\u00e4res Forschungsprojekt mit dem Titel Der Umgang mit Bozens faschistischem Erbe. Eine nachhaltige Auseinandersetzung mit dem widerspr\u00fcchlichen Verm\u00e4chtnis der Stadt durch, in dessen Rahmen die Seminarreihe Inhabited Dissonance. Bozen-Bolzano 1922-2024 die erste \u00f6ffentliche Veranstaltung darstellt. Um den Dialog zwischen historischer Forschung und [&hellip;]<\/p>","protected":false},"author":1,"featured_media":0,"comment_status":"open","ping_status":"open","sticky":false,"template":"","format":"standard","meta":{"_crdt_document":"","ngg_post_thumbnail":0,"_jetpack_memberships_contains_paid_content":false,"footnotes":""},"categories":[1],"tags":[],"class_list":["post-86120","post","type-post","status-publish","format-standard","hentry","category-allgemein","entity-fub","issue-faschistische-relikte","issue-geschichtsaufarbeitung","location-sudtirolo","language-deutsch","topic-arch","topic-faschismen","topic-geschichte","topic-kunst","topic-termin","topic-wissenschaft"],"jetpack_featured_media_url":"","jetpack_sharing_enabled":true,"_links":{"self":[{"href":"https:\/\/www.brennerbasisdemokratie.eu\/index.php?rest_route=\/wp\/v2\/posts\/86120","targetHints":{"allow":["GET"]}}],"collection":[{"href":"https:\/\/www.brennerbasisdemokratie.eu\/index.php?rest_route=\/wp\/v2\/posts"}],"about":[{"href":"https:\/\/www.brennerbasisdemokratie.eu\/index.php?rest_route=\/wp\/v2\/types\/post"}],"author":[{"embeddable":true,"href":"https:\/\/www.brennerbasisdemokratie.eu\/index.php?rest_route=\/wp\/v2\/users\/1"}],"replies":[{"embeddable":true,"href":"https:\/\/www.brennerbasisdemokratie.eu\/index.php?rest_route=%2Fwp%2Fv2%2Fcomments&post=86120"}],"version-history":[{"count":6,"href":"https:\/\/www.brennerbasisdemokratie.eu\/index.php?rest_route=\/wp\/v2\/posts\/86120\/revisions"}],"predecessor-version":[{"id":86128,"href":"https:\/\/www.brennerbasisdemokratie.eu\/index.php?rest_route=\/wp\/v2\/posts\/86120\/revisions\/86128"}],"wp:attachment":[{"href":"https:\/\/www.brennerbasisdemokratie.eu\/index.php?rest_route=%2Fwp%2Fv2%2Fmedia&parent=86120"}],"wp:term":[{"taxonomy":"category","embeddable":true,"href":"https:\/\/www.brennerbasisdemokratie.eu\/index.php?rest_route=%2Fwp%2Fv2%2Fcategories&post=86120"},{"taxonomy":"post_tag","embeddable":true,"href":"https:\/\/www.brennerbasisdemokratie.eu\/index.php?rest_route=%2Fwp%2Fv2%2Ftags&post=86120"}],"curies":[{"name":"wp","href":"https:\/\/api.w.org\/{rel}","templated":true}]}}