{"id":86168,"date":"2024-06-06T20:09:26","date_gmt":"2024-06-06T18:09:26","guid":{"rendered":"https:\/\/www.brennerbasisdemokratie.eu\/?p=86168"},"modified":"2026-02-03T09:43:21","modified_gmt":"2026-02-03T08:43:21","slug":"landtag-wieder-gegen-regierungskommissariat","status":"publish","type":"post","link":"https:\/\/www.brennerbasisdemokratie.eu\/?p=86168","title":{"rendered":"Landtag wieder gegen Regierungskommissariat."},"content":{"rendered":"<p>Heute wurde im S\u00fcdtiroler Landtag einmal mehr \u00fcber einen Antrag (Nr. 7\/23 der <abbr title=\"S\u00fcd-Tiroler Freiheit\">STF<\/abbr>) abgestimmt, mit dem die Abschaffung des Regierungskommissariats gefordert und die Landesregierung beauftragt wird, in Verhandlungen mit der italienischen Regierung f\u00fcr die Umsetzung dieses Anliegens zu sorgen. Die Zust\u00e4ndigkeiten sollen analog zur Situation in Aosta an das Land S\u00fcdtirol \u00fcbergehen.<\/p>\n<p>Die Vorlage wurde mit 10 Stimmen bei 5 Enthaltungen angenommen, Gegenstimmen gab es bemerkenswerterweise gar keine.<\/p>\n<p>Insgesamt 19 Abgeordnete haben an der Abstimmung nicht teilgenommen, darunter die <em>Team-K-<\/em> und die <abbr title=\"S\u00fcdtiroler Volkspartei\">SVP<\/abbr>-Mandatarinnen. Die <em>Volkspartei<\/em> wollte damit vorgeblich \u00bbein Zeichen setzen\u00ab, da der Landtag \u00e4hnlich lautende Antr\u00e4ge schon mehrmals verabschiedet habe und der entsprechende Auftrag noch immer gelte. Man k\u00f6nnte nat\u00fcrlich auch unterstellen, dass die SVP vor ihren Koalitionspartnerinnen der italienischen Recht(sextrem)en gekuscht hat.<\/p>\n<p>Wie dem auch sei: Das Landesparlament hat zum wiederholten Mal zum Ausdruck gebracht, dass eine gro\u00dfe Mehrheit der Abgeordneten den Abzug des institutionalisierten r\u00f6mischen Wachhunds w\u00fcnscht. Die SVP gab an, weiterhin \u00bbklar und deutlich hinter der beim letzten Mal ge\u00e4u\u00dferten Meinung\u00ab \u2014 als sie <em>f\u00fcr<\/em> einen \u00e4hnlich lautenden Antrag gestimmt hatte \u2014 zu stehen. <a title=\"SVP will Pr\u00e4fektur nicht abschaffen.\" href=\"https:\/\/www.brennerbasisdemokratie.eu\/?p=39243\">Eine gewisse Wankelm\u00fctigkeit<\/a> muss man der sogenannten Sammelpartei jedoch attestieren.<\/p>\n<p><strong><span style=\"font-family: Helvetica, Arial, sans-serif; text-transform: uppercase;\">C\u00ebla enghe:<\/span><\/strong> <a title=\"Prefettura, chiesto il passaggio di competenze.\" href=\"https:\/\/www.brennerbasisdemokratie.eu\/?p=49810\"><code>01<\/code><\/a> <a title=\"\u00bbWachhund weg!\u00ab\" href=\"https:\/\/www.brennerbasisdemokratie.eu\/?p=18814\"><code>02<\/code><\/a> <a title=\"Zwei ziemlich reformbed\u00fcrftige Institutionen.\" href=\"https:\/\/www.brennerbasisdemokratie.eu\/?p=27107\"><code>03<\/code><\/a> <a title=\"Darum kolonial.\" href=\"https:\/\/www.brennerbasisdemokratie.eu\/?p=85968\"><code>04<\/code><\/a> <a title=\"Democrazia e prefetto si repugnano.\" href=\"https:\/\/www.brennerbasisdemokratie.eu\/?p=61517\"><code>05<\/code><\/a> <span style=\"font-family: Helvetica, Arial, sans-serif; font-weight: normal;\">||<\/span> <a title=\"Zur geforderten Abschaffung des Regierungskommissariats.\" href=\"https:\/\/www.brennerbasisdemokratie.eu\/?p=86178\"><span style=\"color:#ff8c00; text-decoration:underline; text-decoration-color:#ff8c00; text-decoration-thickness:3px;\"><code>01<\/code><\/span><\/a><\/p>","protected":false},"excerpt":{"rendered":"<p>Heute wurde im S\u00fcdtiroler Landtag einmal mehr \u00fcber einen Antrag (Nr. 7\/23 der STF) abgestimmt, mit dem die Abschaffung des Regierungskommissariats gefordert und die Landesregierung beauftragt wird, in Verhandlungen mit der italienischen Regierung f\u00fcr die Umsetzung dieses Anliegens zu sorgen. Die Zust\u00e4ndigkeiten sollen analog zur Situation in Aosta an das Land S\u00fcdtirol \u00fcbergehen. Die Vorlage [&hellip;]<\/p>","protected":false},"author":1,"featured_media":0,"comment_status":"open","ping_status":"open","sticky":false,"template":"","format":"standard","meta":{"_crdt_document":"","ngg_post_thumbnail":0,"_jetpack_memberships_contains_paid_content":false,"footnotes":""},"categories":[1],"tags":[],"class_list":["post-86168","post","type-post","status-publish","format-standard","hentry","category-allgemein","entity-regierungskommissariat","entity-staat-italien","entity-stf","entity-sudtiroler-landtag","entity-svp","entity-tk","issue-good-news","location-aouta","location-italy","location-sudtirolo","language-deutsch","topic-politik","topic-vorzeigeautonomie","topic-zentralismus","topic-zustaendigkeiten"],"jetpack_featured_media_url":"","jetpack_sharing_enabled":true,"_links":{"self":[{"href":"https:\/\/www.brennerbasisdemokratie.eu\/index.php?rest_route=\/wp\/v2\/posts\/86168","targetHints":{"allow":["GET"]}}],"collection":[{"href":"https:\/\/www.brennerbasisdemokratie.eu\/index.php?rest_route=\/wp\/v2\/posts"}],"about":[{"href":"https:\/\/www.brennerbasisdemokratie.eu\/index.php?rest_route=\/wp\/v2\/types\/post"}],"author":[{"embeddable":true,"href":"https:\/\/www.brennerbasisdemokratie.eu\/index.php?rest_route=\/wp\/v2\/users\/1"}],"replies":[{"embeddable":true,"href":"https:\/\/www.brennerbasisdemokratie.eu\/index.php?rest_route=%2Fwp%2Fv2%2Fcomments&post=86168"}],"version-history":[{"count":6,"href":"https:\/\/www.brennerbasisdemokratie.eu\/index.php?rest_route=\/wp\/v2\/posts\/86168\/revisions"}],"predecessor-version":[{"id":97907,"href":"https:\/\/www.brennerbasisdemokratie.eu\/index.php?rest_route=\/wp\/v2\/posts\/86168\/revisions\/97907"}],"wp:attachment":[{"href":"https:\/\/www.brennerbasisdemokratie.eu\/index.php?rest_route=%2Fwp%2Fv2%2Fmedia&parent=86168"}],"wp:term":[{"taxonomy":"category","embeddable":true,"href":"https:\/\/www.brennerbasisdemokratie.eu\/index.php?rest_route=%2Fwp%2Fv2%2Fcategories&post=86168"},{"taxonomy":"post_tag","embeddable":true,"href":"https:\/\/www.brennerbasisdemokratie.eu\/index.php?rest_route=%2Fwp%2Fv2%2Ftags&post=86168"}],"curies":[{"name":"wp","href":"https:\/\/api.w.org\/{rel}","templated":true}]}}