{"id":86270,"date":"2024-06-12T00:18:48","date_gmt":"2024-06-11T22:18:48","guid":{"rendered":"https:\/\/www.brennerbasisdemokratie.eu\/?p=86270"},"modified":"2026-02-02T08:31:39","modified_gmt":"2026-02-02T07:31:39","slug":"die-projizierte-aufarbeitung","status":"publish","type":"post","link":"https:\/\/www.brennerbasisdemokratie.eu\/?p=86270","title":{"rendered":"Die projizierte Aufarbeitung."},"content":{"rendered":"<p>An einer Schule in Bozen wurde mit einem Rollenspiel die faschistische Kolonialherrschaft in \u00c4thiopien aufgearbeitet. Das ist wichtig. Das ist gut. Und das ist \u00fcberf\u00e4llig. Einem <a title=\"Salto: 17 Jahre Haft\u2026\" href=\"https:\/\/salto.bz\/de\/article\/11062024\/17-jahre-haft-und-wiedergutmachung\" target=\"_blank\" rel=\"noopener\">Bericht<\/a>&nbsp;auf <em>Salto<\/em> ist aber interessanterweise zu entnehmen, dass die Aufarbeitung italienischer Verbrechen an einer italienischen Schule ausgerechnet am Beispiel eines deutschsprachigen S\u00fcdtirolers stattgefunden hat, der im Kolonialheer Karriere gemacht und Verbrechen begangen hat \u2014 wof\u00fcr er dann in Italien ausgezeichnet wurde. Es sei belegt, \u00bbdass Italien unter Mussolini mit unverh\u00e4ltnism\u00e4\u00dfiger Gewalt gegen den abessinischen Widerstand vorging und dabei auch vor der Zivilbev\u00f6lkerung nicht Halt machte\u00ab. Es gibt also auch verh\u00e4ltnism\u00e4\u00dfige Kolonialgewalt.<\/p>\n<p>Als Quelle daf\u00fcr, dass der S\u00fcdtiroler Soldat \u00bbvon seinen Landsleuten als Kriegsheld gefeiert\u00ab worden sei, muss \u00fcberdies gerade die faschistische <em><a title=\"Wiki: Alpenzeitung.\" href=\"https:\/\/de.wikipedia.org\/wiki\/Alpenzeitung\" target=\"_blank\" rel=\"noopener\">Alpenzeitung<\/a><\/em> herhalten, die daf\u00fcr bekannt war, die Zustimmung der S\u00fcdtirolerinnen zum Regime und zu seinen Taten ungeniert herbeizuschreiben.<\/p>\n<p>Ich will hier die Verbrechen des mir unbekannten und namentlich nicht genannten \u00bbLeiters eines Maschinengewehr-Bataillons\u00ab, der von den Sch\u00fclerinnen der <em>Pascoli<\/em>-Schule im Rollenspiel vorbildlich zu 17 Jahren Haft verurteilt wurde, in keinster Weise relativieren oder kleinreden \u2014 schon gar nicht leugnen.<\/p>\n<p>Es erstaunt nur etwas, dass die Kolonialgeschichte Italiens (exemplarisch!) ausschlie\u00dflich anhand eines Exponenten der deutschen Minderheit aufgearbeitet wird, die damals ihrerseits <a title=\"Innere und \u00e4u\u00dfere Kolonien.\" href=\"https:\/\/www.brennerbasisdemokratie.eu\/?p=64527\">in einem kolonialen Verh\u00e4ltnis zu Italien stand<\/a> und einer brutalen Assimilierungspolitik ausgesetzt war. Zahlreiche S\u00fcdtiroler wurden f\u00fcr den Einsatz in Abessinien zwangsverpflichtet. All das schm\u00e4lert selbstredend die Schuld, die Kollaborateure auf sich geladen haben, nicht im Mindesten. Gerade im Wissen, dass in Italien ohnehin nach wie vor die M\u00e4r vom <em>cattivo tedesco, bravo italiano<\/em> vorherrscht, stellt sich die Frage nach den Gr\u00fcnden f\u00fcr diese Auswahl aber fast von allein.<\/p>\n<p>Repr\u00e4sentativ f\u00fcr die aufzuarbeitende Epoche und die italienischen Verbrechen in Afrika ist ein deutschsprachiger S\u00fcdtiroler wohl eher nicht.<\/p>\n<p><strong><span style=\"font-family: Helvetica, Arial, sans-serif; text-transform: uppercase;\">C\u00ebla enghe:<\/span><\/strong> <a title=\"Bravo italiano-cattivo tedesco im Geschichtsbuch.\" href=\"https:\/\/www.brennerbasisdemokratie.eu\/?p=60299\"><code>01<\/code><\/a> <a title=\"Kolonie und Einverleibung.\" href=\"https:\/\/www.brennerbasisdemokratie.eu\/?p=72810\"><code>02<\/code><\/a> <a title=\"Revisionismus im Unterhaltungsfernsehen.\" href=\"https:\/\/www.brennerbasisdemokratie.eu\/?p=85679\"><code>03<\/code><\/a> <span style=\"font-family: Helvetica, Arial, sans-serif; font-weight: normal;\">||<\/span> <a title=\"Zur projizierten Aufarbeitung.\" href=\"https:\/\/www.brennerbasisdemokratie.eu\/?p=86360\"><span style=\"color:#ff8c00; text-decoration:underline; text-decoration-color:#ff8c00; text-decoration-thickness:3px;\"><code>01<\/code><\/span><\/a><\/p>","protected":false},"excerpt":{"rendered":"<p>An einer Schule in Bozen wurde mit einem Rollenspiel die faschistische Kolonialherrschaft in \u00c4thiopien aufgearbeitet. Das ist wichtig. Das ist gut. Und das ist \u00fcberf\u00e4llig. Einem Bericht&nbsp;auf Salto ist aber interessanterweise zu entnehmen, dass die Aufarbeitung italienischer Verbrechen an einer italienischen Schule ausgerechnet am Beispiel eines deutschsprachigen S\u00fcdtirolers stattgefunden hat, der im Kolonialheer Karriere gemacht [&hellip;]<\/p>","protected":false},"author":1,"featured_media":0,"comment_status":"open","ping_status":"open","sticky":false,"template":"","format":"standard","meta":{"_crdt_document":"","ngg_post_thumbnail":0,"_jetpack_memberships_contains_paid_content":false,"footnotes":""},"categories":[1],"tags":[],"class_list":["post-86270","post","type-post","status-publish","format-standard","hentry","category-allgemein","entity-oew","entity-staat-italien","issue-geschichtsaufarbeitung","location-afrika","location-italy","location-sudtirolo","language-deutsch","medium-salto","topic-colonialismi","topic-faschismen","topic-geschichte","topic-krieg","topic-scola"],"jetpack_featured_media_url":"","jetpack_sharing_enabled":true,"_links":{"self":[{"href":"https:\/\/www.brennerbasisdemokratie.eu\/index.php?rest_route=\/wp\/v2\/posts\/86270","targetHints":{"allow":["GET"]}}],"collection":[{"href":"https:\/\/www.brennerbasisdemokratie.eu\/index.php?rest_route=\/wp\/v2\/posts"}],"about":[{"href":"https:\/\/www.brennerbasisdemokratie.eu\/index.php?rest_route=\/wp\/v2\/types\/post"}],"author":[{"embeddable":true,"href":"https:\/\/www.brennerbasisdemokratie.eu\/index.php?rest_route=\/wp\/v2\/users\/1"}],"replies":[{"embeddable":true,"href":"https:\/\/www.brennerbasisdemokratie.eu\/index.php?rest_route=%2Fwp%2Fv2%2Fcomments&post=86270"}],"version-history":[{"count":12,"href":"https:\/\/www.brennerbasisdemokratie.eu\/index.php?rest_route=\/wp\/v2\/posts\/86270\/revisions"}],"predecessor-version":[{"id":97858,"href":"https:\/\/www.brennerbasisdemokratie.eu\/index.php?rest_route=\/wp\/v2\/posts\/86270\/revisions\/97858"}],"wp:attachment":[{"href":"https:\/\/www.brennerbasisdemokratie.eu\/index.php?rest_route=%2Fwp%2Fv2%2Fmedia&parent=86270"}],"wp:term":[{"taxonomy":"category","embeddable":true,"href":"https:\/\/www.brennerbasisdemokratie.eu\/index.php?rest_route=%2Fwp%2Fv2%2Fcategories&post=86270"},{"taxonomy":"post_tag","embeddable":true,"href":"https:\/\/www.brennerbasisdemokratie.eu\/index.php?rest_route=%2Fwp%2Fv2%2Ftags&post=86270"}],"curies":[{"name":"wp","href":"https:\/\/api.w.org\/{rel}","templated":true}]}}