{"id":86283,"date":"2024-06-16T12:24:08","date_gmt":"2024-06-16T10:24:08","guid":{"rendered":"https:\/\/www.brennerbasisdemokratie.eu\/?p=86283"},"modified":"2025-02-24T10:22:44","modified_gmt":"2025-02-24T09:22:44","slug":"postkoloniale-grunde","status":"publish","type":"post","link":"https:\/\/www.brennerbasisdemokratie.eu\/?p=86283","title":{"rendered":"Postkoloniale Gr\u00fcnde."},"content":{"rendered":"<p>In letzter Zeit ist der aufsehenerregende Fall von Roberto S. durch die S\u00fcdtiroler Medien geschwirrt. Es handelt sich dabei um einen Bauern, dem vom Land im Zusammenhang mit der Errichtung des <em>Brennerbasistunnels<\/em> (BBT) Gr\u00fcnde enteignet wurden. Laut Umweltvertr\u00e4glichkeitspr\u00fcfung soll es sich dabei um den geeignetsten Ablagerungsort f\u00fcr das Material handeln, das aus dem Berg geholt wird.<\/p>\n<p>Nach einem Rekurs sprach die Au\u00dfenstelle Bozen des Trienter Oberlandesgerichts S. f\u00fcr die gut 25 Hektar enteigneten Grundes eine sagenhafte Entsch\u00e4digungssumme von 24,5 Millionen Euro<sup class=\"modern-footnotes-footnote modern-footnotes-footnote--hover-on-desktop \" data-mfn=\"1\" data-mfn-post-scope=\"00000000000007e30000000000000000_86283\"><a href=\"javascript:void(0)\"  role=\"button\" aria-pressed=\"false\" aria-describedby=\"mfn-content-00000000000007e30000000000000000_86283-1\">1<\/a><\/sup><span id=\"mfn-content-00000000000007e30000000000000000_86283-1\" role=\"tooltip\" class=\"modern-footnotes-footnote__note\" tabindex=\"0\" data-mfn=\"1\">Enteignung (20,8 Mio.) + Schadenersatz + Zinsen<\/span> zu. Doch damit gibt sich der Bauer nicht zufrieden. Er will erstens noch viel mehr Geld (48,5 Millionen) und zieht deshalb vor die Kassation. Mithilfe seines Anwalts Igor Janes, der im politischen Milieu der italienischen Rechten verortet ist, will er aber auch den <em>Europ\u00e4ischen Gerichtshof f\u00fcr Menschenrechte<\/em> (EGMR) mit dem Fall befassen. Es geht ihm offenbar nicht nur ums Geld, sondern \u2014 wie er selbst sagt \u2014 vor allem ums Prinzip.<\/p>\n<p>Ein kleines Detail fehlt jedoch erstaunlicherweise in den meisten Medienberichten, die \u00fcber die Angelegenheit erschienen sind: Die aus Venetien stammende Familie S. hatte den Hof in den 1930ern im Zuge der faschistischen Italianisierungspolitik vom Staat erhalten, genauer gesagt vom <em>\u00bbBodenraubinstitut\u00ab,<\/em> wie Claus Gatterer die \u00bbStaatliche Beh\u00f6rde f\u00fcr die [sogenannten] Drei Venetien\u00ab <em>(Ente Nazionale delle Tre Venezie<\/em> \u2013 ENTV) eing\u00e4ngig getauft hat. So schildert es Alexander van Gerven in <em>ff<\/em> Nr. 17\/2024. Aufgabe der neuen Kolonisten aus dem S\u00fcden war es, ihren Beitrag zur Entnationalisierung zu leisten.<\/p>\n<p>Anstatt in Schwierigkeiten geratenen Landwirtschaftbetrieben unter die Arme zu greifen, nutzte der faschistische Staat jede Notlage ungeniert aus: Er lie\u00df die H\u00f6fe billig aufkaufen und sorgte daf\u00fcr, dass sie zu bevorzugten Konditionen an regimetreue Italienerinnen \u00fcbergingen. Familie S. war also Nutznie\u00dferin der brutalen faschistischen Assimilierungspolitik. Robertos Vater Luigi S.<\/p>\n<blockquote><p>sahnte Auszeichnungen von der r\u00f6mischen Regierung ab, schaffte sich als einer der Ersten in der Gegend einen M\u00e4hdrescher an, z\u00fcchtete Weizensorten. Noch 1955 besuchte der italienische Ministerpr\u00e4sident Antonio Segni die Familie S[.], um sie zu begl\u00fcckw\u00fcnschen.<\/p>\n<p><em><small>\u2013 Alexander van Gerven (ff Nr. 17\/2024)<\/small><\/em><\/p><\/blockquote>\n<p>Schon Luigi, kein Parteimitglied, aber von den Ideen des Faschismus \u00fcberzeugt, habe einen Hang zum Prozessieren gehabt. Mit dem BBT sei Sohn Roberto in seine Fu\u00dfstapfen getreten.<\/p>\n<blockquote><p>Heute sagt Roberto S[.]: \u201eMir geht es ums Prinzip.\u201c Er sei nun mal nicht wie die anderen Bauern, die sich von Autorit\u00e4ten einsch\u00fcchtern lassen und kuschen. Seinen Hof abrei\u00dfen und anderswo wieder aufbauen, das will er nicht.<\/p>\n<p><em><small>\u2013 Alexander van Gerven (ff Nr. 17\/2024)<\/small><\/em><\/p><\/blockquote>\n<p>Verhandlungen zwischen dem Land und ihm \u2014 selbst Landeshauptmann Arno Kompatscher (<abbr title=\"S\u00fcdtiroler Volkspartei\">SVP<\/abbr>) sei hingepilgert \u2014 scheiterten, weshalb der Weg der Enteignung erst beschritten werden musste. S. k\u00f6nne seine Gr\u00fcnde nach Abschluss der Arbeiten zur\u00fcckkaufen.<\/p>\n<p>Anders als die, denen das ENTV Land und H\u00f6fe weggenommen hatte, stehen ihm aber auch s\u00e4mtliche Mittel des Rechtsstaats zur Verf\u00fcgung, um sich gegen ungerechte Behandlung zur Wehr zu setzen. W\u00fcrde er aus einer objektiven Notlage heraus handeln, w\u00e4re das absolut verst\u00e4ndlich. Wenn S. aber angeblich Prinzipien so wichtig sind, w\u00e4re vielleicht auch etwas Selbstreflexion und Bescheidenheit nicht fehl am Platz \u2014 doch ich werde den Eindruck nicht los, dass da jemand noch immer aus einem Sendungsbewusstsein heraus handelt.<\/p>\n<p>Abermillionen \u00f6ffentlichen Geldes aus einem Eigentum pressen zu wollen, zu dem man in einer Diktatur unter \u2014 euphemistisch ausgedr\u00fcckt \u2014 fragw\u00fcrdigen Umst\u00e4nden gekommen ist, hat einen schrecklichen Beigeschmack.<\/p>\n<p>Vielleicht interessiert sich ja wenigstens der EGMR auch daf\u00fcr, wie Familie S. einst an die Gr\u00fcnde gekommen ist, um die gestritten wird. Dazu m\u00fcsste das aber freilich erst Gegenstand des Verfahrens werden.<\/p>\n<p><strong><span style=\"font-family: Helvetica, Arial, sans-serif; text-transform: uppercase;\">C\u00ebla enghe:<\/span><\/strong> <a title=\"Profit aus faschistischem Unrecht.\" href=\"https:\/\/www.brennerbasisdemokratie.eu\/?p=42331\"><code>01<\/code><\/a> <a title=\"Ricettazione, il CAI dice no.\" href=\"https:\/\/www.brennerbasisdemokratie.eu\/?p=10699\"><code>02<\/code><\/a> <a title=\"Darum kolonial.\" href=\"https:\/\/www.brennerbasisdemokratie.eu\/?p=85968\"><code>03<\/code><\/a> <span style=\"font-family: Helvetica, Arial, sans-serif; font-weight: normal;\">||<\/span> <a title=\"Kann S\u00fcdtirol etwa doch nicht Staat?\" href=\"https:\/\/www.brennerbasisdemokratie.eu\/?p=90498\"><span style=\"color: #ff8c00\"><code>01<\/code><\/span><\/a><\/p>\n<ul class=\"modern-footnotes-list modern-footnotes-list--show-only-for-print\"><li><span>1<\/span><div>Enteignung (20,8 Mio.) + Schadenersatz + Zinsen<\/div><\/li><\/ul>","protected":false},"excerpt":{"rendered":"<p>In letzter Zeit ist der aufsehenerregende Fall von Roberto S. durch die S\u00fcdtiroler Medien geschwirrt. Es handelt sich dabei um einen Bauern, dem vom Land im Zusammenhang mit der Errichtung des Brennerbasistunnels (BBT) Gr\u00fcnde enteignet wurden. Laut Umweltvertr\u00e4glichkeitspr\u00fcfung soll es sich dabei um den geeignetsten Ablagerungsort f\u00fcr das Material handeln, das aus dem Berg geholt [&hellip;]<\/p>","protected":false},"author":1,"featured_media":0,"comment_status":"open","ping_status":"open","sticky":false,"template":"","format":"standard","meta":{"_crdt_document":"","ngg_post_thumbnail":0,"_jetpack_memberships_contains_paid_content":false,"footnotes":""},"categories":[1],"tags":[],"class_list":["post-86283","post","type-post","status-publish","format-standard","hentry","category-allgemein","entity-egmr","entity-staat-italien","issue-geschichtsaufarbeitung","issue-italianizzazione","issue-zitac","location-italy","location-sudtirolo","location-venetien","language-deutsch","medium-ff","person-arno-kompatscher","topic-colonialismi","topic-faschismen","topic-geschichte","topic-grundrechte","topic-landwirtschaft","topic-mobilitaet","topic-recht","topic-wirtschaft"],"jetpack_featured_media_url":"","jetpack_sharing_enabled":true,"_links":{"self":[{"href":"https:\/\/www.brennerbasisdemokratie.eu\/index.php?rest_route=\/wp\/v2\/posts\/86283","targetHints":{"allow":["GET"]}}],"collection":[{"href":"https:\/\/www.brennerbasisdemokratie.eu\/index.php?rest_route=\/wp\/v2\/posts"}],"about":[{"href":"https:\/\/www.brennerbasisdemokratie.eu\/index.php?rest_route=\/wp\/v2\/types\/post"}],"author":[{"embeddable":true,"href":"https:\/\/www.brennerbasisdemokratie.eu\/index.php?rest_route=\/wp\/v2\/users\/1"}],"replies":[{"embeddable":true,"href":"https:\/\/www.brennerbasisdemokratie.eu\/index.php?rest_route=%2Fwp%2Fv2%2Fcomments&post=86283"}],"version-history":[{"count":17,"href":"https:\/\/www.brennerbasisdemokratie.eu\/index.php?rest_route=\/wp\/v2\/posts\/86283\/revisions"}],"predecessor-version":[{"id":90511,"href":"https:\/\/www.brennerbasisdemokratie.eu\/index.php?rest_route=\/wp\/v2\/posts\/86283\/revisions\/90511"}],"wp:attachment":[{"href":"https:\/\/www.brennerbasisdemokratie.eu\/index.php?rest_route=%2Fwp%2Fv2%2Fmedia&parent=86283"}],"wp:term":[{"taxonomy":"category","embeddable":true,"href":"https:\/\/www.brennerbasisdemokratie.eu\/index.php?rest_route=%2Fwp%2Fv2%2Fcategories&post=86283"},{"taxonomy":"post_tag","embeddable":true,"href":"https:\/\/www.brennerbasisdemokratie.eu\/index.php?rest_route=%2Fwp%2Fv2%2Ftags&post=86283"}],"curies":[{"name":"wp","href":"https:\/\/api.w.org\/{rel}","templated":true}]}}