{"id":86360,"date":"2024-06-16T16:28:24","date_gmt":"2024-06-16T14:28:24","guid":{"rendered":"https:\/\/www.brennerbasisdemokratie.eu\/?p=86360"},"modified":"2024-06-17T19:22:20","modified_gmt":"2024-06-17T17:22:20","slug":"zur-projizierten-aufarbeitung","status":"publish","type":"post","link":"https:\/\/www.brennerbasisdemokratie.eu\/?p=86360","title":{"rendered":"Zur projizierten Aufarbeitung."},"content":{"rendered":"<!-- Snippets by WebberZone Snippetz --><div class=\"ata_snippets\"><hr style=\"height: 20px; border: none; margin-top: 0em; background-color: darkred;\"\/><\/div><p><em><a title=\"Wiki: Martha Stocker.\" href=\"https:\/\/de.wikipedia.org\/wiki\/Martha_Stocker\" target=\"_blank\" rel=\"noopener\">Martha Stocker<\/a> hat uns folgende Stellungnahme mit der Bitte um Ver\u00f6ffentlichung geschickt, der wir gerne nachkommen:<\/em><\/p>\n<p>Beim Lesen des <a title=\"Salto: 17 Jahre Haft und Wiedergutmachung.\" href=\"https:\/\/salto.bz\/de\/article\/11062024\/17-jahre-haft-und-wiedergutmachung\" target=\"_blank\" rel=\"noopener\">Berichtes<\/a> auf <em>Salto<\/em> zur Aufarbeitung der Kolonialherrschaft in \u00c4thiopien ging es mir wohl \u00e4hnlich wie anderen auch, so wie gesehen <a title=\"Die projizierte Aufarbeitung.\" href=\"https:\/\/www.brennerbasisdemokratie.eu\/?p=86270\">bei Euch<\/a> auf <img class=\"bbdlogo\" src=\"https:\/\/www.brennerbasisdemokratie.eu\/wp-content\/uploads\/bbdsmileys\/bbde.png\">. Ich dachte zuerst: lobenswert, dass dies an einer italienischen Schule gemacht wird. Die Befassung mit der italienischen Kolonialherrschaft in \u00c4thiopien\/Abessinien erfolgt und erfolgte in Italien n\u00e4mlich sehr zur\u00fcckhaltend und die ersten, die sich damit besch\u00e4ftigten, waren eher als Nestbeschmutzer gesehen, wie z.B. Angelo Del Boca. Dabei geh\u00f6rt die Kolonialherrschaft in \u00c4thiopien mit dem Einsatz von damals schon ge\u00e4chtetem Giftgas, der Hinmetzelung von Zivilpersonen mit zum Grausamsten.<\/p>\n<p>Mit etwas Verwunderung stellte ich fest: die Aufarbeitung erfolgt anscheinend anhand eines deutschsprachigen S\u00fcdtirolers, der im Kolonialheer Karriere gemacht hat. Auch gut, und wohl auch angemessen, ihn anhand des vorliegenden Materials (das ich allerdings nicht kenne) in einem Rollenspiel zu 17 Jahren Haft zu verurteilen. Stutzig machte mich, dass bei den vielen Italienern, \u00fcberzeugten Faschisten anscheinend keiner von denen abgehandelt oder \u00bbverurteilt\u00ab wurde. Jedenfalls konnte ich davon nichts lesen. Bleibt nur die Hoffnung, dass der Artikel auf <em>Salto<\/em> nur bruchst\u00fcckhaft Verhandeltes widergibt, denn dass f\u00fcr die Aufarbeitung der Verbrechen in Afrika ein deutschsprachiger S\u00fcdtiroler repr\u00e4sentativ sein soll, kann wohl nicht Bildungstransfer heutzutage in S\u00fcdtirol sein. Dies auch weil zudem, gerade wegen dieses so bef\u00fcrchteten Kriegseinsatzes, z.B. viele Pusterer fahnenfl\u00fcchtig geworden sind.<\/p>\n<!-- Snippets by WebberZone Snippetz --><div class=\"ata_snippets\"><hr style=\"height: 10px;border: none;margin-top: 0px;background-color: darkred\" \/>\r\n\r\n<div style=\"background-color: none;padding: 0px;font-size: 14px;font-family: Helvetica,Arial;margin: 10px 0px 0px 0px\"><span style=\"color: darkred\"><strong><small>Autor:innen- und Gastbeitr\u00e4ge widerspiegeln nicht notwendigerweise die Meinung oder die Position von BBD, so wie die jeweiligen Verfasser:innen nicht notwendigerweise die Ziele von BBD unterst\u00fctzen.<\/small><\/strong><small>\u00b7 I contributi esterni non necessariamente riflettono le opinioni o la posizione di BBD, come a loro volta le autrici\/gli autori non necessariamente condividono gli obiettivi di BBD. \u2014 <a href=\"http:\/\/www.brennerbasisdemokratie.eu\/?page_id=11356#copyleft\"><strong>\u00a9<\/strong><\/a><\/small><\/span><\/div><\/div>","protected":false},"excerpt":{"rendered":"<p>Martha Stocker hat uns folgende Stellungnahme mit der Bitte um Ver\u00f6ffentlichung geschickt, der wir gerne nachkommen: Beim Lesen des Berichtes auf Salto zur Aufarbeitung der Kolonialherrschaft in \u00c4thiopien ging es mir wohl \u00e4hnlich wie anderen auch, so wie gesehen bei Euch auf . Ich dachte zuerst: lobenswert, dass dies an einer italienischen Schule gemacht wird. [&hellip;]<\/p>","protected":false},"author":10,"featured_media":0,"comment_status":"open","ping_status":"open","sticky":false,"template":"","format":"standard","meta":{"_crdt_document":"","ngg_post_thumbnail":0,"_jetpack_memberships_contains_paid_content":false,"footnotes":""},"categories":[14],"tags":[],"class_list":["post-86360","post","type-post","status-publish","format-standard","hentry","category-autorinnen","entity-alpini","entity-staat-italien","issue-geschichtsaufarbeitung","location-afrika","location-italy","location-sudtirolo","language-deutsch","medium-salto","person-martha-stocker","topic-colonialismi","topic-faschismen","topic-geschichte","topic-krieg","topic-politik","topic-scola"],"jetpack_featured_media_url":"","jetpack_sharing_enabled":true,"_links":{"self":[{"href":"https:\/\/www.brennerbasisdemokratie.eu\/index.php?rest_route=\/wp\/v2\/posts\/86360","targetHints":{"allow":["GET"]}}],"collection":[{"href":"https:\/\/www.brennerbasisdemokratie.eu\/index.php?rest_route=\/wp\/v2\/posts"}],"about":[{"href":"https:\/\/www.brennerbasisdemokratie.eu\/index.php?rest_route=\/wp\/v2\/types\/post"}],"author":[{"embeddable":true,"href":"https:\/\/www.brennerbasisdemokratie.eu\/index.php?rest_route=\/wp\/v2\/users\/10"}],"replies":[{"embeddable":true,"href":"https:\/\/www.brennerbasisdemokratie.eu\/index.php?rest_route=%2Fwp%2Fv2%2Fcomments&post=86360"}],"version-history":[{"count":2,"href":"https:\/\/www.brennerbasisdemokratie.eu\/index.php?rest_route=\/wp\/v2\/posts\/86360\/revisions"}],"predecessor-version":[{"id":86362,"href":"https:\/\/www.brennerbasisdemokratie.eu\/index.php?rest_route=\/wp\/v2\/posts\/86360\/revisions\/86362"}],"wp:attachment":[{"href":"https:\/\/www.brennerbasisdemokratie.eu\/index.php?rest_route=%2Fwp%2Fv2%2Fmedia&parent=86360"}],"wp:term":[{"taxonomy":"category","embeddable":true,"href":"https:\/\/www.brennerbasisdemokratie.eu\/index.php?rest_route=%2Fwp%2Fv2%2Fcategories&post=86360"},{"taxonomy":"post_tag","embeddable":true,"href":"https:\/\/www.brennerbasisdemokratie.eu\/index.php?rest_route=%2Fwp%2Fv2%2Ftags&post=86360"}],"curies":[{"name":"wp","href":"https:\/\/api.w.org\/{rel}","templated":true}]}}