{"id":86470,"date":"2024-06-19T09:52:25","date_gmt":"2024-06-19T07:52:25","guid":{"rendered":"https:\/\/www.brennerbasisdemokratie.eu\/?p=86470"},"modified":"2024-10-22T20:15:07","modified_gmt":"2024-10-22T18:15:07","slug":"autoritare-verfassungsreform-svp-gegen-sudtirol","status":"publish","type":"post","link":"https:\/\/www.brennerbasisdemokratie.eu\/?p=86470","title":{"rendered":"Autorit\u00e4re Verfassungsreform: SVP gegen S\u00fcdtirol."},"content":{"rendered":"<p>Gestern hat der italienische Senat in erster Lesung der autorit\u00e4ren Verfassungsreform der Regierung Meloni zugestimmt, mit der die Rolle der Premierministerin gest\u00e4rkt und die der Staatspr\u00e4sidentin und des Parlaments geschw\u00e4cht wird. Das institutionelle Gleichgewicht wird also ungeniert auf die starke Frau oder den starken Mann zugeschnitten. Doch auch innerhalb des Parlaments wird die Rolle der Mehrheit gest\u00e4rkt und jene der Opposition gestutzt, da ein Bonus daf\u00fcr sorgt, dass die siegreiche Koalition selbst dann \u00fcber eine satte Mehrheit verf\u00fcgt, wenn sie in der W\u00e4hlergunst nur knapp vorne liegt.<\/p>\n<p>All das ist schlecht f\u00fcr die Demokratie und f\u00fcr die Grundrechte \u2014 und es ist noch einmal viel problematischer f\u00fcr eine Minderheitenregion mit einer schwachen Autonomie, wie S\u00fcdtirol eine ist. Schon heute regiert der Zentralstaat konstant in die Belange S\u00fcdtirols hinein und das wird nat\u00fcrlich in einem starken, autorit\u00e4r ausgerichteten Staat nicht besser, ganz im Gegenteil. Dagegen bietet die Autonomie \u2014 wenn \u00fcberhaupt \u2014 nur in wenigen Bereichen einen ausreichenden Schutz, der zudem st\u00e4ndig unter dem Damoklesschwert eines schon heute zentralistisch ausgerichteten Verfassungsgerichts steht.<\/p>\n<p>Eine starke Zentralregierung mit einer satten Mehrheit im Parlament wird \u00fcberdies nur wenig Anlass f\u00fcr Verhandlungen auf Augenh\u00f6he sehen. Und w\u00e4hrend die Parlamentarierinnen aus S\u00fcdtirol in der Vergangenheit oft in der Lage waren, trotz ihrer kleinen Anzahl etwas f\u00fcr S\u00fcdtirol herauszuholen, weil knappe Mehrheiten auf ihre Unterst\u00fctzung (oder zumindest auf ihre Enthaltung) angewiesen waren, wird dies in Zukunft nicht mehr der Fall sein.<\/p>\n<p>Deshalb ist es v\u00f6llig unverst\u00e4ndlich \u2014 ja inakzeptabel \u2014 dass die <abbr title=\"S\u00fcdtiroler Volkspartei\">SVP<\/abbr> entschieden hat, nicht gegen die undemokratische Reform zu stimmen, sondern sich zu enthalten. Parteiobmann Dieter Steger rechtfertigt dies mit dem Verst\u00e4ndnis daf\u00fcr, dass f\u00fcr stabilere Regierungen gesorgt werden soll. Mehr Stabilit\u00e4t kann auf viele Wege erreicht werden, doch mit der hier in Aussicht stehenden Demokratur wird das Kind mit dem Bade ausgesch\u00fcttet. \u00dcberspitzt formuliert: Eine Diktatur w\u00e4re noch stabiler.<\/p>\n<p>Die <em>Volkspartei<\/em> hat sich offenbar auf Gedeih und Verderb an die <a title=\"Fanpage-Enth\u00fcllung: Wo ist die rote Linie?\" href=\"https:\/\/www.brennerbasisdemokratie.eu\/?p=86389\">neofaschistische<\/a> Regierungsmehrheit gebunden und ist bereit, f\u00fcr einen m\u00f6glichen kurzfristigen Erfolg bei der Wiederherstellung der Autonomie den autorit\u00e4ren Umbau des Staates mitzutragen. Die damit verbundene Bedingung, dass die Vertretung S\u00fcdtirols auch im neuen Parlament erhalten bleibt, ist geradezu l\u00e4cherlich: Gegen\u00fcber einer \u00fcberm\u00e4chtigen Mehrheit werden die paar Abgeordneten aus unserem Land so gut wie gar nichts mehr ausrichten k\u00f6nnen, gerade wenn sie nicht Teil der regierenden Koalition sind.<\/p>\n<p>Meinetwegen kann sich die SVP aufgrund ihrer etwaigen Wahlerfolge weiterhin als Partei der deutschen und der ladinischen Minderheit darstellen. <em>De facto<\/em> ist sie das aber inhaltlich nicht mehr, wenn sie sich diesem undemokratischen Umbau des Staates nicht mit aller Kraft widersetzt.<\/p>\n<p><strong><span style=\"font-family: Helvetica, Arial, sans-serif; text-transform: uppercase;\">C\u00ebla enghe:<\/span><\/strong> <a title=\"Internationale Vorf\u00fchrung.\" href=\"https:\/\/www.brennerbasisdemokratie.eu\/?p=86375\"><code>01<\/code><\/a> <a title=\"SVP kuschelt mit Faschistinnen.\" href=\"https:\/\/www.brennerbasisdemokratie.eu\/?p=74588\"><code>02<\/code><\/a> <a title=\"Besser kein Einvernehmen als dieses.\" href=\"https:\/\/www.brennerbasisdemokratie.eu\/?p=86098\"><code>03<\/code><\/a> <span style=\"font-family: Helvetica, Arial, sans-serif; font-weight: normal;\">||<\/span> <a title=\"Immer autorit\u00e4rere Entwicklung.\" href=\"https:\/\/www.brennerbasisdemokratie.eu\/?p=88246\"><span style=\"color: #ff8c00\"><code>01<\/code><\/span><\/a> <a title=\"Zwei Jahre Abbau von Demokratie und Grundfreiheiten.\" href=\"https:\/\/www.brennerbasisdemokratie.eu\/?p=88586\"><span style=\"color: #ff8c00\"><code>02<\/code><\/span><\/a><\/p>","protected":false},"excerpt":{"rendered":"<p>Gestern hat der italienische Senat in erster Lesung der autorit\u00e4ren Verfassungsreform der Regierung Meloni zugestimmt, mit der die Rolle der Premierministerin gest\u00e4rkt und die der Staatspr\u00e4sidentin und des Parlaments geschw\u00e4cht wird. Das institutionelle Gleichgewicht wird also ungeniert auf die starke Frau oder den starken Mann zugeschnitten. Doch auch innerhalb des Parlaments wird die Rolle der [&hellip;]<\/p>","protected":false},"author":1,"featured_media":0,"comment_status":"open","ping_status":"open","sticky":false,"template":"","format":"standard","meta":{"_crdt_document":"","ngg_post_thumbnail":0,"_jetpack_memberships_contains_paid_content":false,"footnotes":""},"categories":[1],"tags":[],"class_list":["post-86470","post","type-post","status-publish","format-standard","hentry","category-allgemein","entity-fdi","entity-staat-italien","entity-svp","entity-verfassungsgericht","location-italy","location-sudtirolo","language-deutsch","person-dieter-steger","person-giorgia-meloni","topic-democrazia","topic-faschismen","topic-grundrechte","topic-politik","topic-zentralismus"],"jetpack_featured_media_url":"","jetpack_sharing_enabled":true,"_links":{"self":[{"href":"https:\/\/www.brennerbasisdemokratie.eu\/index.php?rest_route=\/wp\/v2\/posts\/86470","targetHints":{"allow":["GET"]}}],"collection":[{"href":"https:\/\/www.brennerbasisdemokratie.eu\/index.php?rest_route=\/wp\/v2\/posts"}],"about":[{"href":"https:\/\/www.brennerbasisdemokratie.eu\/index.php?rest_route=\/wp\/v2\/types\/post"}],"author":[{"embeddable":true,"href":"https:\/\/www.brennerbasisdemokratie.eu\/index.php?rest_route=\/wp\/v2\/users\/1"}],"replies":[{"embeddable":true,"href":"https:\/\/www.brennerbasisdemokratie.eu\/index.php?rest_route=%2Fwp%2Fv2%2Fcomments&post=86470"}],"version-history":[{"count":8,"href":"https:\/\/www.brennerbasisdemokratie.eu\/index.php?rest_route=\/wp\/v2\/posts\/86470\/revisions"}],"predecessor-version":[{"id":88594,"href":"https:\/\/www.brennerbasisdemokratie.eu\/index.php?rest_route=\/wp\/v2\/posts\/86470\/revisions\/88594"}],"wp:attachment":[{"href":"https:\/\/www.brennerbasisdemokratie.eu\/index.php?rest_route=%2Fwp%2Fv2%2Fmedia&parent=86470"}],"wp:term":[{"taxonomy":"category","embeddable":true,"href":"https:\/\/www.brennerbasisdemokratie.eu\/index.php?rest_route=%2Fwp%2Fv2%2Fcategories&post=86470"},{"taxonomy":"post_tag","embeddable":true,"href":"https:\/\/www.brennerbasisdemokratie.eu\/index.php?rest_route=%2Fwp%2Fv2%2Ftags&post=86470"}],"curies":[{"name":"wp","href":"https:\/\/api.w.org\/{rel}","templated":true}]}}