{"id":86506,"date":"2024-06-24T23:06:33","date_gmt":"2024-06-24T21:06:33","guid":{"rendered":"https:\/\/www.brennerbasisdemokratie.eu\/?p=86506"},"modified":"2025-09-11T18:21:17","modified_gmt":"2025-09-11T16:21:17","slug":"autodeterminazione-giustifica-la-societa-democratica","status":"publish","type":"post","link":"https:\/\/www.brennerbasisdemokratie.eu\/?p=86506","title":{"rendered":"L&#8217;autodeterminazione giustifica la societ\u00e0 democratica."},"content":{"rendered":"<blockquote><p>[Il diritto all&#8217;autodeterminazione] sta alla base della Carta delle Nazioni Unite \u2014 articolo 1 della Carta \u2014 e questo diritto \u00e8 stato sviluppato in seno all&#8217;ONU nel processo di decolonizzazione. E naturalmente la decolonizzazione \u00e8 stata in qualche modo percepita dagli stati europei come un processo rivolto contro di loro. Questa \u00e8 la ragione perch\u00e9 in Europa abbiamo difficolt\u00e0 a comprendere che tale concetto di diritto all&#8217;autodeterminazione dei popoli non \u00e8 solamente un concetto legato alla decolonizzazione, ma un concetto fondamentale che sta alla base del principio democratico. L&#8217;autodeterminazione \u00e8 ci\u00f2 che crea la giustificazione di una societ\u00e0 democratica.<\/p><\/blockquote>\n<p><em>Nicolas Levrat (<a title=\"Twitter: Coppieters.\" href=\"https:\/\/www.twitter.com\/ideasforeurope\/status\/1181951506775511041?s=46&amp;t=xG2zobCH6STFqpduxRm_Ww\" target=\"_blank\" rel=\"noopener\">per fondazione Coppieters<\/a>, 2019), professore di diritto internazionale ed europeo; direttore del Dipartimento di diritto internazionale presso l&#8217;Universit\u00e0 di Ginevra. Odierno relatore speciale sulle minoranze dell&#8217;ONU (dal 1 novembre 2023)<\/em><\/p>\n<details>\n<summary><em><small>Traduzione mia (<span style=\"text-decoration: underline;\">visualizza l&#8217;originale<\/span>)<\/small><\/em><\/summary>\n<p style=\"padding-left: 40px;\">[The right to self-determination] is at the foundation of the UN Charter \u2014 article 1st of the Charter \u2014 and this right has been developed within the UN in the process of decolonization. And naturally, decolonization was somehow felt by European states as a process against European states. This is the reason why in Europe we have difficulties to understand that this concept of people&#8217;s right to self-determination is not only a concept linked to decolonization, but it&#8217;s a fundamental concept at the foundation of the democratic principle. Self-determination is what creates the justification for democratic society.<\/p>\n<p style=\"padding-left: 40px;\"><em><small>(my transcription)<\/small><\/em><\/p>\n<\/details>\n<p><strong><span style=\"font-family: Helvetica, Arial, sans-serif; text-transform: uppercase;\">C\u00ebla enghe:<\/span><\/strong> <a title=\"UN-Berichterstatter bef\u00fcrwortet Amnestie und Selbstbestimmung.\" href=\"https:\/\/www.brennerbasisdemokratie.eu\/?p=86458\"><code>01<\/code><\/a> <a title=\"Un nuovo \u00abdiritto civile\u00bb.\" href=\"https:\/\/www.brennerbasisdemokratie.eu\/?p=29879\"><code>02<\/code><\/a> <a title=\"De Zayas on Catalonia and international law.\" href=\"https:\/\/www.brennerbasisdemokratie.eu\/?p=46593\"><code>03<\/code><\/a> <a title=\"Politische Assoziationsfreiheit \u2014 ein Grundrecht.\" href=\"https:\/\/www.brennerbasisdemokratie.eu\/?p=44743\"><code>04<\/code><\/a> <a title=\"Unbequeme Forderungen in einer reifen Demokratie.\" href=\"https:\/\/www.brennerbasisdemokratie.eu\/?p=80552\"><code>05<\/code><\/a> <a title=\"Entscheidungsrecht ist legitim.\" href=\"https:\/\/www.brennerbasisdemokratie.eu\/?p=36089\"><code>06<\/code><\/a> <span style=\"font-family: Helvetica, Arial, sans-serif; font-weight: normal;\">||<\/span> <a title=\"Nicolas Levrat im makellosen S\u00fcdtirol.\" href=\"https:\/\/www.brennerbasisdemokratie.eu\/?p=86837\"><span style=\"color: #ff8c00\"><code>01<\/code><\/span><\/a> <a title=\"Kommt Korsika auf die Entkolonialisierungsliste?\" href=\"https:\/\/www.brennerbasisdemokratie.eu\/?p=87251\"><span style=\"color: #ff8c00\"><code>02<\/code><\/span><\/a> <a title=\"Cymru: Diskussion \u00fcber Unabh\u00e4ngigkeit erw\u00fcnscht.\" href=\"https:\/\/www.brennerbasisdemokratie.eu\/?p=92826\"><span style=\"color: #ff8c00\"><code>03<\/code><\/span><\/a> <a title=\"Un fenomeno illegittimo che diventa legittimo.\" href=\"https:\/\/www.brennerbasisdemokratie.eu\/?p=94459\"><span style=\"color: #ff8c00\"><code>04<\/code><\/span><\/a><\/p>","protected":false},"excerpt":{"rendered":"<p>[Il diritto all&#8217;autodeterminazione] sta alla base della Carta delle Nazioni Unite \u2014 articolo 1 della Carta \u2014 e questo diritto \u00e8 stato sviluppato in seno all&#8217;ONU nel processo di decolonizzazione. E naturalmente la decolonizzazione \u00e8 stata in qualche modo percepita dagli stati europei come un processo rivolto contro di loro. Questa \u00e8 la ragione perch\u00e9 [&hellip;]<\/p>","protected":false},"author":1,"featured_media":0,"comment_status":"open","ping_status":"open","sticky":false,"template":"","format":"standard","meta":{"_crdt_document":"","ngg_post_thumbnail":0,"_jetpack_memberships_contains_paid_content":false,"footnotes":""},"categories":[1],"tags":[],"class_list":["post-86506","post","type-post","status-publish","format-standard","hentry","category-allgemein","entity-efa","entity-uno","issue-quotation","location-europa","location-svizra","language-italiano","topic-colonialismi","topic-democrazia","topic-selbstbestimmung","topic-wissenschaft"],"jetpack_featured_media_url":"","jetpack_sharing_enabled":true,"_links":{"self":[{"href":"https:\/\/www.brennerbasisdemokratie.eu\/index.php?rest_route=\/wp\/v2\/posts\/86506","targetHints":{"allow":["GET"]}}],"collection":[{"href":"https:\/\/www.brennerbasisdemokratie.eu\/index.php?rest_route=\/wp\/v2\/posts"}],"about":[{"href":"https:\/\/www.brennerbasisdemokratie.eu\/index.php?rest_route=\/wp\/v2\/types\/post"}],"author":[{"embeddable":true,"href":"https:\/\/www.brennerbasisdemokratie.eu\/index.php?rest_route=\/wp\/v2\/users\/1"}],"replies":[{"embeddable":true,"href":"https:\/\/www.brennerbasisdemokratie.eu\/index.php?rest_route=%2Fwp%2Fv2%2Fcomments&post=86506"}],"version-history":[{"count":15,"href":"https:\/\/www.brennerbasisdemokratie.eu\/index.php?rest_route=\/wp\/v2\/posts\/86506\/revisions"}],"predecessor-version":[{"id":94466,"href":"https:\/\/www.brennerbasisdemokratie.eu\/index.php?rest_route=\/wp\/v2\/posts\/86506\/revisions\/94466"}],"wp:attachment":[{"href":"https:\/\/www.brennerbasisdemokratie.eu\/index.php?rest_route=%2Fwp%2Fv2%2Fmedia&parent=86506"}],"wp:term":[{"taxonomy":"category","embeddable":true,"href":"https:\/\/www.brennerbasisdemokratie.eu\/index.php?rest_route=%2Fwp%2Fv2%2Fcategories&post=86506"},{"taxonomy":"post_tag","embeddable":true,"href":"https:\/\/www.brennerbasisdemokratie.eu\/index.php?rest_route=%2Fwp%2Fv2%2Ftags&post=86506"}],"curies":[{"name":"wp","href":"https:\/\/api.w.org\/{rel}","templated":true}]}}