{"id":86730,"date":"2024-07-05T07:07:10","date_gmt":"2024-07-05T05:07:10","guid":{"rendered":"https:\/\/www.brennerbasisdemokratie.eu\/?p=86730"},"modified":"2024-07-11T21:39:17","modified_gmt":"2024-07-11T19:39:17","slug":"links-wahlen-rechts-regieren","status":"publish","type":"post","link":"https:\/\/www.brennerbasisdemokratie.eu\/?p=86730","title":{"rendered":"Links w\u00e4hlen, rechts regieren."},"content":{"rendered":"<!-- Snippets by WebberZone Snippetz --><div class=\"ata_snippets\"><hr style=\"height: 20px; border: none; margin-top: 0em; background-color: darkred;\"\/><\/div><p>Giovanni Seppi (<abbr title=\"S\u00fcdtiroler Volkspartei\">SVP<\/abbr>) wurde in Leifers bei den Stichwahlen mit den italienischen Mitte-Links-Stimmen zum B\u00fcrgermeister gew\u00e4hlt. Trotzdem bildete Seppi mit den italienischen Rechten den Gemeindeausschuss. Warum eigentlich?<\/p>\n<p>Giovanni Seppi punktete bereits beim ersten Wahlgang, er und seine SVP holten sich \u00fcberraschend ein Drittel der Stimmen. Deutlich mehr, als es Angeh\u00f6rige der deutschen Sprachgruppe gibt, 25 Prozent. Offensichtlich kreuzten auch <a href=\"https:\/\/salto.bz\/de\/article\/27052024\/400-bis-500-italienische-stimmen\">italienischsprachige Leiferer:innen die SVP<\/a> und ihren Spitzenkandidaten an.<\/p>\n<p>Nicht nur die SVP wunderte sich \u00fcber diesen Erfolg. Wohl auch das rechte italienische Lager, das auf 31 Prozent kam. Nicht die \u00fcbliche Stichwahl stand deshalb an, italienisch links gegen italienisch rechts, sondern SVP gegen italienisch rechts. Die italienischen Linksparteien empfahlen ihren W\u00e4hler:innen, bei der Stichwahl f\u00fcr Seppi zu stimmen. Sie taten es, Seppi setzte sich gegen seine italienische rechte Konkurrentin Furlani deutlich durch, mit 58 zu 41 Prozent.<\/p>\n<h6>Mit Mitte-Links zum Wahlsieg<\/h6>\n<p>\u00bbAus den Analysen der Wahlergebnisse geht klar hervor, dass uns die Wahlempfehlung von Mitte-links durchaus geholfen hat\u00ab, sagte Seppi <a href=\"https:\/\/www.tageszeitung.it\/2024\/06\/14\/viele-gemeinsamkeiten\/\">der <em>Neuen S\u00fcdtiroler Tageszeitung<\/em><\/a>. Nicht nur \u00bbdurchaus\u00ab, das klingt abschw\u00e4chend, sondern effizient geholfen. Denn woher h\u00e4tten denn die vielen Stimmen f\u00fcr Seppi noch kommen k\u00f6nnen?<\/p>\n<p>\u00c4rgerte sich deshalb Alessandro Urz\u00ec, Kammerabgeordneter der <em>Fratelli d&#8217;Italia<\/em> von Vicenza und langj\u00e4hriger rechtsrechter Landtagsabgeordneter, so ma\u00dflos \u00fcber Seppis Sieg? Urz\u00ec empfand Seppis Wahl als eines der <a href=\"https:\/\/www.rainews.it\/tgr\/tagesschau\/articoli\/2024\/06\/svp-burgermeister-in-leifers-eines-der-schlimmsten-kapitel-der-lokalpolitik-64a963bd-9540-487c-b0b9-2ceeb0dceda9.html\">schlimmsten Kapitel der Lokalpolitik<\/a>. Ob dieser Sager des Giorgia-Meloni-Vertrauten im Kopf des SVP-Obmannes nachhallte? Als Ansage, trotzdem mit der italienischen Rechten zu koalieren?<\/p>\n<p>Das italienische Rechtsb\u00fcndnis in Leifers hatte im Vorfeld an die italienische W\u00e4hlerschaft appelliert, geschlossen zu bleiben und daf\u00fcr zu sorgen, dass <a href=\"https:\/\/www.meraner.eu\/so-gesehen\/die-schlimmen-momente-der-lokalpolitik.2816?page=?nocache\">Leifers weiterhin \u00bbitalienisch\u00ab regiert<\/a> wird. Eine unmissverst\u00e4ndliche Botschaft, die im SVP-Sitz in der Bozner Brennerstra\u00dfe schallend laut ankam.<\/p>\n<h6>Der Wahlbetrug von Leifers<\/h6>\n<p>Was machte Seppi? Er k\u00fcndigte nach der siegreichen Wahl Gespr\u00e4che mit Vertretern aller Parteien an, um dann mit den rechten Wahlverlierern einen Gemeindeausschuss zu bilden. <a href=\"https:\/\/salto.bz\/de\/comment\/146700\">\u00bbDreimal rechts\u00ab<\/a>, kommentierte <em>Salto<\/em> die Entscheidung Seppis, links und rechts zu blinken, um dann letztlich rechts abzubiegen. Seppi bildet eine \u00bbStadtregierung\u00ab mit den italienischen Rechten, obwohl er dank der linken Stimmen die Stichwahl gewann. Ein Betrug an den linken italienischsprachigen W\u00e4hler:innen? Eindeutig ja.<span class=\"Apple-converted-space\">&nbsp;<\/span><\/p>\n<p>Seppi brach sein eigenes Versprechen, \u00bballe\u00ab mit einbeziehen zu wollen. Linke wie Rechte. Dagegen gab es offensichtlich ein Veto aus der SVP-Zentrale. Ein Veto unter dem Motto \u00bbnur nicht provozieren\u00ab? Wird dem Kuschelkurs gegen\u00fcber den <em>Fratelli<\/em> alles untergeordnet? Auch die Gemeindepolitik, um die gro\u00dfe Sanierung der besch\u00e4digten Autonomie nicht zu gef\u00e4hrden?<span class=\"Apple-converted-space\">&nbsp;<\/span><\/p>\n<p>Warum machte sich Seppi nicht den ehemaligen Brunecker B\u00fcrgermeister Christian Tschurtschenthaler (SVP) zum Vorbild? Dieser bildete in seiner Amtszeit von 2000 bis 2013 mit Vertretern von italienisch links und italienisch rechts eine Stadtregierung. Er wollte damit die italienische W\u00e4hlerschaft ernst nehmen und deren Vertretungen in die Gemeindepolitik einbinden. Der Mix damals ist gut gelungen, bewertet Tschurtschenthaler nachtr\u00e4glich sein Experiment.<\/p>\n<p>Warum grenzt aber Seppi einen Teil seiner W\u00e4hlerschaft aus? Ausgerechnet jene, die ihm zum Sieg verhalfen? Muss Seppi kuschen, wie es der aktuelle SVP-Kuschelkurs vorsieht? Das w\u00fcrde hei\u00dfen, das Koalitionsmodell der Landesregierung muss k\u00fcnftig in allen Gemeinden kopiert werden. Klingt unvorstellbar bis abenteuerlich. Aber wer h\u00e4tte sich je gedacht, dass die SVP mit den <em>Fratelli d&#8217;Italia,<\/em> den Enkeln des <em>Movimento Sociale Italiano,<\/em> eine Landesregierung bildet?<\/p>\n<!-- Snippets by WebberZone Snippetz --><div class=\"ata_snippets\"><hr style=\"height: 10px;border: none;margin-top: 0px;background-color: darkred\" \/>\r\n\r\n<div style=\"background-color: none;padding: 0px;font-size: 14px;font-family: Helvetica,Arial;margin: 10px 0px 0px 0px\"><span style=\"color: darkred\"><strong><small>Autor:innen- und Gastbeitr\u00e4ge widerspiegeln nicht notwendigerweise die Meinung oder die Position von BBD, so wie die jeweiligen Verfasser:innen nicht notwendigerweise die Ziele von BBD unterst\u00fctzen.<\/small><\/strong><small>\u00b7 I contributi esterni non necessariamente riflettono le opinioni o la posizione di BBD, come a loro volta le autrici\/gli autori non necessariamente condividono gli obiettivi di BBD. \u2014 <a href=\"http:\/\/www.brennerbasisdemokratie.eu\/?page_id=11356#copyleft\"><strong>\u00a9<\/strong><\/a><\/small><\/span><\/div><\/div>","protected":false},"excerpt":{"rendered":"<p>Giovanni Seppi (SVP) wurde in Leifers bei den Stichwahlen mit den italienischen Mitte-Links-Stimmen zum B\u00fcrgermeister gew\u00e4hlt. Trotzdem bildete Seppi mit den italienischen Rechten den Gemeindeausschuss. Warum eigentlich? Giovanni Seppi punktete bereits beim ersten Wahlgang, er und seine SVP holten sich \u00fcberraschend ein Drittel der Stimmen. Deutlich mehr, als es Angeh\u00f6rige der deutschen Sprachgruppe gibt, 25 [&hellip;]<\/p>","protected":false},"author":14,"featured_media":0,"comment_status":"open","ping_status":"open","sticky":false,"template":"","format":"standard","meta":{"_crdt_document":"","ngg_post_thumbnail":0,"_jetpack_memberships_contains_paid_content":false,"footnotes":""},"categories":[14],"tags":[],"class_list":["post-86730","post","type-post","status-publish","format-standard","hentry","category-autorinnen","entity-fdi","entity-msi","entity-pd","entity-pdl","entity-svp","issue-gemeindewahl-2024","issue-zitac","location-sudtirolo","language-deutsch","medium-salto","medium-taz","person-alessandro-urzi","topic-democrazia","topic-politik"],"jetpack_featured_media_url":"","jetpack_sharing_enabled":true,"_links":{"self":[{"href":"https:\/\/www.brennerbasisdemokratie.eu\/index.php?rest_route=\/wp\/v2\/posts\/86730","targetHints":{"allow":["GET"]}}],"collection":[{"href":"https:\/\/www.brennerbasisdemokratie.eu\/index.php?rest_route=\/wp\/v2\/posts"}],"about":[{"href":"https:\/\/www.brennerbasisdemokratie.eu\/index.php?rest_route=\/wp\/v2\/types\/post"}],"author":[{"embeddable":true,"href":"https:\/\/www.brennerbasisdemokratie.eu\/index.php?rest_route=\/wp\/v2\/users\/14"}],"replies":[{"embeddable":true,"href":"https:\/\/www.brennerbasisdemokratie.eu\/index.php?rest_route=%2Fwp%2Fv2%2Fcomments&post=86730"}],"version-history":[{"count":3,"href":"https:\/\/www.brennerbasisdemokratie.eu\/index.php?rest_route=\/wp\/v2\/posts\/86730\/revisions"}],"predecessor-version":[{"id":86733,"href":"https:\/\/www.brennerbasisdemokratie.eu\/index.php?rest_route=\/wp\/v2\/posts\/86730\/revisions\/86733"}],"wp:attachment":[{"href":"https:\/\/www.brennerbasisdemokratie.eu\/index.php?rest_route=%2Fwp%2Fv2%2Fmedia&parent=86730"}],"wp:term":[{"taxonomy":"category","embeddable":true,"href":"https:\/\/www.brennerbasisdemokratie.eu\/index.php?rest_route=%2Fwp%2Fv2%2Fcategories&post=86730"},{"taxonomy":"post_tag","embeddable":true,"href":"https:\/\/www.brennerbasisdemokratie.eu\/index.php?rest_route=%2Fwp%2Fv2%2Ftags&post=86730"}],"curies":[{"name":"wp","href":"https:\/\/api.w.org\/{rel}","templated":true}]}}