{"id":86785,"date":"2024-07-07T19:13:09","date_gmt":"2024-07-07T17:13:09","guid":{"rendered":"https:\/\/www.brennerbasisdemokratie.eu\/?p=86785"},"modified":"2025-03-11T17:31:13","modified_gmt":"2025-03-11T16:31:13","slug":"das-haydn-orchester-italianisieren","status":"publish","type":"post","link":"https:\/\/www.brennerbasisdemokratie.eu\/?p=86785","title":{"rendered":"Das Haydn-Orchester italianisieren."},"content":{"rendered":"<p>S\u00fcdtirol hat ein italienisches Kulturressort, ein italienisches Kulturzentrum und einen italienischen Kulturbeirat, was zwar aufgrund der Trennung der Institutionen nach Sprachgruppen verst\u00e4ndlich, aber eigentlich absurd ist. Katalonien, Baskenland und Galicien f\u00f6rdern nicht die spanische, Cymru\/Wales und Qu\u00e9bec nicht die englische, \u00c5land nicht die finnische und Ostbelgien nicht die fl\u00e4mische oder die franz\u00f6sische Kultur \u2014 sondern nach dem Prinzip der <em>Affirmative action<\/em> jeweils in erster Linie die der jeweiligen Minderheit.<\/p>\n<p>Seit wenigen Monaten ist mit Marco Galateo ein Vertreter der neofaschistischen <em>Fratelli d&#8217;Italia<\/em> Landesrat f\u00fcr italienische Kultur in S\u00fcdtirol. Im April hat er unter anderem die Dirigentin Beatrice Venezi in den italienischen Kulturbeirat des Landes berufen. Seitdem hat die sich in mehreren Zeitungsinterviews daf\u00fcr ausgesprochen, das musikalische Angebot in S\u00fcdtirol und insbesondere das Repertoire des <em>Haydn<\/em>-Orchesters zu italianisieren. Sie habe zwar nichts gegen dessen mitteleurop\u00e4ische Ausrichtung, will sie aber offenbar trotzdem italienischer gestalten.<\/p>\n<p>Dabei ist das <em>Haydn<\/em>-Orchester ein Gemeinschaftsprojekt von Bozen und Trient, S\u00fcdtirol und Trentino. Das ist ein Gebiet, in dem mehrheitlich Italienisch gesprochen wird und wo von einer \u00bbdeutschen\u00ab Hegemonie nicht die Rede sein kann.<\/p>\n<blockquote><p>Meine k\u00fcnstlerische Vergangenheit verbindet mich mit dem Haydn-Orchester, das zweifellos ein Juwel der Region darstellt, mit dem man meiner Meinung nach \u00fcber Kultur sprechen kann und muss, speziell \u00fcber italienische Kultur. Ich habe viel mit ihnen gearbeitet und habe heraussragende Profis vorgefunden. Orchesterprofessoren, die nicht nur k\u00fcnstlerisch f\u00e4hig sind, sondern auch auf ihre Identit\u00e4t und auf den Stolz, einer so wichtigen Institution wie dem Haydn-Orchester anzugeh\u00f6ren, achten und mit denen man an der Verbreitung der italienischen Kultur arbeiten kann.<\/p>\n<p><em>\u2013 Beatrice Venezi, Corriere dell&#8217;A.A. (18. Juni 2024)<\/em><\/p><\/blockquote>\n<blockquote><p>Gerade weil ich die M\u00f6glichkeit hatte, es mit meinen Augen zu sehen, ist meine Schlussfolgerung, nachdem ich in S\u00fcdtirol gearbeitet habe, dass die Kultur der gehobenen italienischen Musik \u2014 auch wenn es mir nicht gef\u00e4llt, sie so zu nennen \u2014 bislang wenig verfolgt wurde. Dem mitteleurop\u00e4ischen Symphonismus und der experimentellen zeitgen\u00f6ssischen Oper wurde mehr Platz einger\u00e4umt. Ich bin nicht gegen diese Angebote, doch man k\u00f6nnte daran arbeiten, das gro\u00dfe Repertroire der unterschiedlichen Verdi, Puccini und Donizetti wiederzuentdecken. Aber immer mit einem ausmerksamen und offenen Blick f\u00fcr die Gegenwart, jedoch auf der Suche nach einer rein italienischen Kunstsprache.<\/p>\n<p><em>\u2013 Beatrice Venezi, Corriere dell&#8217;A.A. (18. Juni 2024)<\/em><\/p><\/blockquote>\n<details>\n<summary><em><small>\u00dcbersetzung von mir (<span style=\"text-decoration: underline;\">Original anzeigen<\/span>)<\/small><\/em><\/summary>\n<p style=\"padding-left: 40px;\">Ho un passato artistico con l&#8217;orchestra Haydn che \u00e8 sicuramente un&#8217;eccellenza del territorio con cui si pu\u00f2 e si deve parlare di cultura, secondo me, e in modo specifico di cultura italiana. Ho lavorato molto con loro e ho trovato dei professionisti straordinari. Dei professori d&#8217;orchestra non solo capaci artisticamente, ma attenti alla loro identit\u00e0 e all&#8217;orgoglio di appartenere ad un ente importante come la Haydn e con i quali si pu\u00f2 lavorare nella divulgazione della cultura italiana. [\u2026] Proprio perch\u00e9 ho avuto modo di testarlo con i miei occhi, l&#8217;analisi che ho fatto, dopo aver lavorato in Alto Adige, \u00e8 che fino a questo momento la cultura della musica italiana colta, anche se non mi piace definirla cos\u00ec, \u00e8 stata poco frequentata. Si \u00e8 dato maggior spazio al sinfonismo mitteleuropeo e all&#8217;opera sperimentale contemporanea. Non sono contraria a queste proposte, ma si potrebbe fare un lavoro per il recupero del grande repertorio dei vari Verdi, Rossini, Puccini e Donizzetti. Sempre per\u00f2 con un occhio attento ed aperto alla contemporaneit\u00e0, ricercando per\u00f2 un linguaggio artistico prettamente italiano.<\/p>\n<p style=\"padding-left: 40px;\"><em>\u2013 Beatrice Venezi<\/em><\/p>\n<\/details>\n<p>Venezis Absichten als kulturimperialistisch zu bezeichnen, d\u00fcrfte angesichts dieser klaren Aussagen und ihrer politischen Gesinnung nicht allzu weit hergeholt sein. Ihr Vater, von dem sie sich nie distanziert hat, war f\u00fchrendes Mitglied der neonazistischen <em>Forza Nuova,<\/em> f\u00fcr die er im Jahr 2007 auch zum Gemeinderat in ihrer toskanischen Heimatstadt Lucca kandidierte. Sie selbst lie\u00df sich im Jahr 2021 beim Parteifest der neofaschistischen <em>Fratelli d&#8217;Italia<\/em> mit dem <em>Atreju<\/em>-Preis auszeichnen und wurde sp\u00e4ter von Giorgia Melonis <abbr title=\"Fratelli d\u2019Italia\">FdI<\/abbr>-Kulturminister, Gennaro Sangiuliano (ehemals <abbr title=\"Movimento Sociale Italiano\">MSI<\/abbr>), mit dem sie pers\u00f6nlich befreundet ist, als Musikberaterin beauftragt. Wie die italienische Ministerpr\u00e4sidentin verabscheut sich nicht nur das Gendern, sondern sogar weibliche bezeichnungen, weshalb sie ausschlie\u00dflich in der m\u00e4nnlichen Form (Direktor, Dirigent, Meister) angesprochen werden will.<\/p>\n<p>Zum 100. Todesjahr von Giacomo Puccini, dessen Werk sie ja auch vom <em>Haydn<\/em>-Orchester \u00bbwiederentdecken\u00ab lassen m\u00f6chte, dirigierte sie bei einem Konzert in Lucca \u2014 obschon sie von den Organisatoren ausdr\u00fccklich dazu aufgefordert worden war, es zu unterlassen \u2014 herausfordernd dessen nationalistische <em>Hymne auf Rom,<\/em> die nicht nur vom faschistischen Regime vereinnahmt worden, sondern sp\u00e4ter auch zur Parteihymne des MSI aufgestiegen war.<\/p>\n<p>Indem die <abbr title=\"S\u00fcdtiroler Volkspartei\">SVP<\/abbr> die Recht(sextremist)en in die Landesregierung geholt hat, hat sie dazu beigetragen, S\u00fcdtirol auch solchen Pers\u00f6nlichkeiten auszuliefern, die ihre Spuren zu hinterlassen wissen werden. Rote Linien, die es \u2014 wie wir inzwischen wissen \u2014 ohnehin nur <a title=\"Eine rote Linie als Farce.\" href=\"https:\/\/www.brennerbasisdemokratie.eu\/?p=85603\">als Farce<\/a> zu geben scheint, w\u00e4ren nicht nur gegen\u00fcber den Koalitionspartnern selbst, sondern auch gegen\u00fcber einer fast un\u00fcberschaubaren Entourage zu \u00fcberwachen, was faktisch unm\u00f6glich ist.<\/p>\n<p><strong><span style=\"font-family: Helvetica, Arial, sans-serif; text-transform: uppercase;\">C\u00ebla enghe:<\/span><\/strong> <a title=\"S\u00fcdtirol im Land der Zitronen.\" href=\"https:\/\/www.brennerbasisdemokratie.eu\/?p=90670\"><span style=\"color: #ff8c00\"><code>01<\/code><\/span><\/a><\/p>","protected":false},"excerpt":{"rendered":"<p>S\u00fcdtirol hat ein italienisches Kulturressort, ein italienisches Kulturzentrum und einen italienischen Kulturbeirat, was zwar aufgrund der Trennung der Institutionen nach Sprachgruppen verst\u00e4ndlich, aber eigentlich absurd ist. Katalonien, Baskenland und Galicien f\u00f6rdern nicht die spanische, Cymru\/Wales und Qu\u00e9bec nicht die englische, \u00c5land nicht die finnische und Ostbelgien nicht die fl\u00e4mische oder die franz\u00f6sische Kultur \u2014 sondern [&hellip;]<\/p>","protected":false},"author":1,"featured_media":0,"comment_status":"open","ping_status":"open","sticky":false,"template":"","format":"standard","meta":{"_crdt_document":"","ngg_post_thumbnail":0,"_jetpack_memberships_contains_paid_content":false,"footnotes":""},"categories":[1],"tags":[],"class_list":["post-86785","post","type-post","status-publish","format-standard","hentry","category-allgemein","entity-fdi","entity-landesregierung","entity-msi","entity-svp","issue-affirmative-action","issue-italianizzazione","issue-zitac","location-italy","location-sudtirolo","location-trentino","language-deutsch","medium-corriere","person-marco-galateo","topic-colonialismi","topic-comparatio","topic-kunstcultura","topic-faschismen","topic-kunst","topic-minorisaziun","topic-politik"],"jetpack_featured_media_url":"","jetpack_sharing_enabled":true,"_links":{"self":[{"href":"https:\/\/www.brennerbasisdemokratie.eu\/index.php?rest_route=\/wp\/v2\/posts\/86785","targetHints":{"allow":["GET"]}}],"collection":[{"href":"https:\/\/www.brennerbasisdemokratie.eu\/index.php?rest_route=\/wp\/v2\/posts"}],"about":[{"href":"https:\/\/www.brennerbasisdemokratie.eu\/index.php?rest_route=\/wp\/v2\/types\/post"}],"author":[{"embeddable":true,"href":"https:\/\/www.brennerbasisdemokratie.eu\/index.php?rest_route=\/wp\/v2\/users\/1"}],"replies":[{"embeddable":true,"href":"https:\/\/www.brennerbasisdemokratie.eu\/index.php?rest_route=%2Fwp%2Fv2%2Fcomments&post=86785"}],"version-history":[{"count":7,"href":"https:\/\/www.brennerbasisdemokratie.eu\/index.php?rest_route=\/wp\/v2\/posts\/86785\/revisions"}],"predecessor-version":[{"id":90678,"href":"https:\/\/www.brennerbasisdemokratie.eu\/index.php?rest_route=\/wp\/v2\/posts\/86785\/revisions\/90678"}],"wp:attachment":[{"href":"https:\/\/www.brennerbasisdemokratie.eu\/index.php?rest_route=%2Fwp%2Fv2%2Fmedia&parent=86785"}],"wp:term":[{"taxonomy":"category","embeddable":true,"href":"https:\/\/www.brennerbasisdemokratie.eu\/index.php?rest_route=%2Fwp%2Fv2%2Fcategories&post=86785"},{"taxonomy":"post_tag","embeddable":true,"href":"https:\/\/www.brennerbasisdemokratie.eu\/index.php?rest_route=%2Fwp%2Fv2%2Ftags&post=86785"}],"curies":[{"name":"wp","href":"https:\/\/api.w.org\/{rel}","templated":true}]}}