{"id":86939,"date":"2024-07-19T10:14:53","date_gmt":"2024-07-19T08:14:53","guid":{"rendered":"https:\/\/www.brennerbasisdemokratie.eu\/?p=86939"},"modified":"2025-03-16T17:48:28","modified_gmt":"2025-03-16T16:48:28","slug":"jugendring-schliest-junge-stf-aus","status":"publish","type":"post","link":"https:\/\/www.brennerbasisdemokratie.eu\/?p=86939","title":{"rendered":"Jugendring schlie\u00dft Junge STF aus."},"content":{"rendered":"<p>Wegen ihrer regelm\u00e4\u00dfigen Hetze gegen Migrantinnen wurde die <em>Junge S\u00fcd-Tiroler Freiheit<\/em> jetzt von der Dachorganisation der Kinder- und Jugendverb\u00e4nde S\u00fcdtirols, dem <em>Jugendring,<\/em> ausgeschlossen. Der berief sich bei seiner Entscheidung <a title=\"Rai S\u00fcdtirol: Ein Rausschmiss\u2026\" href=\"https:\/\/www.rainews.it\/tgr\/tagesschau\/articoli\/2024\/07\/ein-rausschmiss-sorgt-fur-diskussionen-282f2b50-76c4-4076-97c8-2ac6896b1003.html\" target=\"_blank\" rel=\"noopener\">laut <em>Rai S\u00fcdtirol<\/em><\/a> auf seine Werte und argumentierte, dass sich die Ausrichtung der <em>Jungen<\/em> <abbr title=\"S\u00fcd-Tiroler Freiheit\">STF<\/abbr> w\u00e4hrend des Landtagswahlkampfs 2023 stark ver\u00e4ndert habe. Die Vorsitzende Tanja Rainer wird damit zitiert, dass der <em>Jugendring<\/em> kulturelle Vielfalt unterst\u00fctze und Ber\u00fchrungs\u00e4ngste und Vorurteile abbauen wolle. Wenn eine Mitgliedsorganisation laufend gegen Migrantinnen Stimmung mache, dann entspreche das nicht mehr den Werten des <em>Jugendrings.<\/em><\/p>\n<p>Die zunehmende Radikalisierung der STF haben wir auch auf <img class=\"bbdlogo\" src=\"https:\/\/www.brennerbasisdemokratie.eu\/wp-content\/uploads\/bbdsmileys\/bbde.png\"> immer wieder beobachtet und aufgezeigt. Insbesondere auch die Landesjugendsprecherin der inzwischen sehr weit nach rechts abgedrifteten Partei, Melanie Mair, hat mehrfach mit bedenklichen \u00c4u\u00dferungen und Aktionen auf sich aufmerksam gemacht:<\/p>\n<ul>\n<li>Letzten Herbst <a title=\"Schiffbruch im sonnigen S\u00fcden.\" href=\"https:\/\/www.brennerbasisdemokratie.eu\/?p=80786\">war sie<\/a> demonstrativ beim Treffen der <em>Deutschen Burschenschaft<\/em> in Marling anwesend.<\/li>\n<li>Im J\u00e4nner <a title=\"Alternative f\u00fcr S\u00fcd-Tirol.\" href=\"https:\/\/www.brennerbasisdemokratie.eu\/?p=83052\">postete sie<\/a> auf <em>Instagram<\/em> eine Rede von Parteichef Sven Knoll, die sie mit dem Hashtag <em>#remigration<\/em> versah \u2014 ein rechtsextremes Codewort f\u00fcr die Deportation von Zugewanderten.<\/li>\n<li>Im M\u00e4rz <a title=\"Ungebremste Radikalisierung.\" href=\"https:\/\/www.brennerbasisdemokratie.eu\/?p=84450\">outete<\/a> sich Mair dann als Leserin des Buches <em>Remigration \u2013 Ein Vorschlag<\/em> von Neonazi Martin Sellner.<\/li>\n<li>Im April <a title=\"Melanie Mair im Identit\u00e4ren-Kampfblatt.\" href=\"https:\/\/www.brennerbasisdemokratie.eu\/?p=85064\">erschien<\/a> im <em>Identit\u00e4ren<\/em>-Kampfblatt <em>Heimatkurier<\/em> ein Interview mit ihr.<\/li>\n<li>Zuletzt <a title=\"Rechtsau\u00dfen \u2014 mit \u00dcberzeugung.\" href=\"https:\/\/www.brennerbasisdemokratie.eu\/?p=86734\">verortete sie sich<\/a> in einem Debattenformat auf <em>Rai S\u00fcdtirol<\/em> selbst in der extremen Rechten.<\/li>\n<\/ul>\n<p>Die Mutterpartei machte im Landtagswahlkampf <a title=\"Rassistischer STF-Wahlkampf.\" href=\"https:\/\/www.brennerbasisdemokratie.eu\/?p=81020\">mit einem rassistischen Plakat<\/a> von sich reden und lud einen <abbr title=\"Alternative f\u00fcr Deutschland\">AfD<\/abbr>-Vertreter <a title=\"AfD mit STF im S\u00fcdtiroler Landtag.\" href=\"https:\/\/www.brennerbasisdemokratie.eu\/?p=84855\">in den S\u00fcdtiroler Landtag<\/a> ein.<\/p>\n<p>Angesichts dieser Entwicklungen, die die Parteijugend in mindestens gleichem Ma\u00dfe wie die STF als Ganzes zu betreffen scheinen, ist der Schritt des <em>Jugendringes<\/em> im Sinne des <a title=\"Das Toleranz-Paradoxon.\" href=\"https:\/\/www.brennerbasisdemokratie.eu\/?p=51444\">Toleranz-Paradoxons<\/a> nicht nur verst\u00e4ndlich, sondern ausdr\u00fccklich zu begr\u00fc\u00dfen. Eine konsequente Abgrenzung von Parteien, Bewegungen und Vereinen, die versuchen, Rassismus und Rechtsextremismus zu normalisieren und in zivilgesellschaftliche Organisationen zu tragen, ist h\u00f6chst \u00fcberf\u00e4llig, wenn wir die freiheitlich-demokratische Grundordnung retten wollen.<\/p>\n<p>Vielmehr w\u00e4re zu hoffen, dass auch andere \u2014 einschlie\u00dflich der demokratischen Parteien im Lande \u2014 sich am beherzten Schritt des <em>Jugendrings<\/em> ein Vorbild nehmen.<\/p>\n<p><strong><span style=\"font-family: Helvetica, Arial, sans-serif; text-transform: uppercase;\">C\u00ebla enghe:<\/span><\/strong> <a title=\"Die Bedeutung der Grenzparteien.\" href=\"https:\/\/www.brennerbasisdemokratie.eu\/?p=84032\"><code>01<\/code><\/a> <a title=\"Nicht gleichberechtigt nebeneinander.\" href=\"https:\/\/www.brennerbasisdemokratie.eu\/?p=39031\"><code>02<\/code><\/a> <a title=\"Eine rote Linie als Farce.\" href=\"https:\/\/www.brennerbasisdemokratie.eu\/?p=85603\"><code>03<\/code><\/a> <a title=\"No Excuses: Offener Brief an den Landeshauptmann.\" href=\"https:\/\/www.brennerbasisdemokratie.eu\/?p=86694\"><code>04<\/code><\/a> <span style=\"font-family: Helvetica, Arial, sans-serif; font-weight: normal;\">||<\/span> <a title=\"Rechtsextremist bei STF-Landesversammlung.\" href=\"https:\/\/www.brennerbasisdemokratie.eu\/?p=88694\"><span style=\"color: #ff8c00\"><code>01<\/code><\/span><\/a> <a title=\"S\u00fcd-Tiroler Unmenschlichkeit.\" href=\"https:\/\/www.brennerbasisdemokratie.eu\/?p=90737\"><span style=\"color: #ff8c00\"><code>02<\/code><\/span><\/a><\/p>","protected":false},"excerpt":{"rendered":"<p>Wegen ihrer regelm\u00e4\u00dfigen Hetze gegen Migrantinnen wurde die Junge S\u00fcd-Tiroler Freiheit jetzt von der Dachorganisation der Kinder- und Jugendverb\u00e4nde S\u00fcdtirols, dem Jugendring, ausgeschlossen. Der berief sich bei seiner Entscheidung laut Rai S\u00fcdtirol auf seine Werte und argumentierte, dass sich die Ausrichtung der Jungen STF w\u00e4hrend des Landtagswahlkampfs 2023 stark ver\u00e4ndert habe. Die Vorsitzende Tanja Rainer [&hellip;]<\/p>","protected":false},"author":1,"featured_media":0,"comment_status":"open","ping_status":"open","sticky":false,"template":"","format":"standard","meta":{"_crdt_document":"","ngg_post_thumbnail":0,"_jetpack_memberships_contains_paid_content":false,"footnotes":""},"categories":[1],"tags":[],"class_list":["post-86939","post","type-post","status-publish","format-standard","hentry","category-allgemein","entity-afd","entity-identitare-bewegung","entity-jugendring","entity-stf","issue-good-news","issue-landtagswahl-2023","location-sudtirolo","language-deutsch","medium-rai","medium-socialmedia","person-melanie-mair","person-sven-knoll","topic-faschismen","topic-politik","topic-racism"],"jetpack_featured_media_url":"","jetpack_sharing_enabled":true,"_links":{"self":[{"href":"https:\/\/www.brennerbasisdemokratie.eu\/index.php?rest_route=\/wp\/v2\/posts\/86939","targetHints":{"allow":["GET"]}}],"collection":[{"href":"https:\/\/www.brennerbasisdemokratie.eu\/index.php?rest_route=\/wp\/v2\/posts"}],"about":[{"href":"https:\/\/www.brennerbasisdemokratie.eu\/index.php?rest_route=\/wp\/v2\/types\/post"}],"author":[{"embeddable":true,"href":"https:\/\/www.brennerbasisdemokratie.eu\/index.php?rest_route=\/wp\/v2\/users\/1"}],"replies":[{"embeddable":true,"href":"https:\/\/www.brennerbasisdemokratie.eu\/index.php?rest_route=%2Fwp%2Fv2%2Fcomments&post=86939"}],"version-history":[{"count":11,"href":"https:\/\/www.brennerbasisdemokratie.eu\/index.php?rest_route=\/wp\/v2\/posts\/86939\/revisions"}],"predecessor-version":[{"id":90751,"href":"https:\/\/www.brennerbasisdemokratie.eu\/index.php?rest_route=\/wp\/v2\/posts\/86939\/revisions\/90751"}],"wp:attachment":[{"href":"https:\/\/www.brennerbasisdemokratie.eu\/index.php?rest_route=%2Fwp%2Fv2%2Fmedia&parent=86939"}],"wp:term":[{"taxonomy":"category","embeddable":true,"href":"https:\/\/www.brennerbasisdemokratie.eu\/index.php?rest_route=%2Fwp%2Fv2%2Fcategories&post=86939"},{"taxonomy":"post_tag","embeddable":true,"href":"https:\/\/www.brennerbasisdemokratie.eu\/index.php?rest_route=%2Fwp%2Fv2%2Ftags&post=86939"}],"curies":[{"name":"wp","href":"https:\/\/api.w.org\/{rel}","templated":true}]}}