{"id":8710,"date":"2011-08-20T16:08:46","date_gmt":"2011-08-20T14:08:46","guid":{"rendered":"http:\/\/www.brennerbasisdemokratie.eu\/?p=8710"},"modified":"2022-01-22T12:46:26","modified_gmt":"2022-01-22T11:46:26","slug":"eine-naive-beobachtung","status":"publish","type":"post","link":"https:\/\/www.brennerbasisdemokratie.eu\/?p=8710","title":{"rendered":"Eine naive Beobachtung."},"content":{"rendered":"<p>Zugegeben. Ich bin ein sehr naiver Zeitgenosse. Nur manchmal glaube ich, dass meine blau\u00e4ugigen Schl\u00fcsse gar nicht einmal so naiv sind. Vor allem dann nicht, wenn die Kritiker meiner Naivit\u00e4t ihre Behauptungen nicht belegen k\u00f6nnen und lediglich kapitalistische \u00bbGlaubenss\u00e4tze\u00ab von sich geben.<\/p>\n<p>\u00bbPrivat ist immer g\u00fcnstiger als \u00f6ffentlich\u00ab ist zum Beispiel so einer.<\/p>\n<p>Im Zuge der Diskussion um Sparma\u00dfnahmen meinte der Bozner Vizeb\u00fcrgermeister Klaus Ladinser laut \u00bbDolomiten\u00ab unl\u00e4ngst: \u00bbIn Zeiten, in denen die \u00f6ffentlichen Haushalte in massiven Schwierigkeiten stecken, muss man \u00fcber Privatisierungen zumindest nachdenken d\u00fcrfen\u00ab und hat dabei SEAB und SASA im Visier.<\/p>\n<p>Vorausgesetzt, dass ein Privater stets mit Gewinnabsicht agiert, wenn er einen Dienst anbietet, die \u00f6ffentliche Hand jedoch ihren Schwerpunkt auf eine faire Tarifgestaltung und einen ausgeglichenen Jahresabschluss legen kann, ergeben sich f\u00fcr mich aus dieser Privatisierungsforderung zwei Schl\u00fcsse:<\/p>\n<ul>\n<li>entweder der Private muss die Tarife erh\u00f6hen bzw. Dienste abbauen \u2014 sprich das Service verschlechtern \u2014 wenn er einen Gewinn erzielen m\u00f6chte, was nicht im Sinne des B\u00fcrgers und auch nicht der Verwaltung sein kann oder<\/li>\n<li>die Verwaltung gesteht somit offen ein, dass sie und ihre Beamten schlichtweg zu bl\u00f6d sind, einen Dienst zu betreiben, wenn es ein Privater bei gleichbleibenden Tarifen und ohne K\u00fcrzungen von Diensten schafft, statt eines Verlustes einen Gewinn einzufahren.<\/li>\n<\/ul>\n<p>In der Folge stellt sich also die Frage, mit welcher Legitimation die \u00f6ffentliche Hand \u00fcberhaupt noch Dienste f\u00fcr den B\u00fcrger anbietet, wenn das doch so viel teurer ist.<\/p>\n<p>Wobei das finanzielle Argument gerade in den F\u00e4llen von SEAB und SASA nicht wirklich greift. Es gibt essentielle Bed\u00fcrfnisse auf deren Befriedigung nach meinem Verst\u00e4ndnis von Politik und Gemeinschaft jeder B\u00fcrger ein Recht hat. Der Anschluss eines einzelnen Bergbauernhofes an das \u00f6ffentliche Trinkwassernetz ist niemals rentabel, ebenso wenig wie die Aufrechterhaltung einer Buslinie bis ins hinterste Tal. Derartige Kosten m\u00fcssen sozialisiert werden. Was Privatisierung in dieser Hinsicht bewirkt, sieht man zum Beispiel bei der Post in \u00d6sterreich.<\/p>\n<p><strong><span style=\"font-family: Helvetica, Arial, sans-serif; text-transform: uppercase;\">C\u00ebla enghe:<\/span><\/strong> <a title=\"Private k\u00f6nnen alles besser. Oder?\" href=\"http:\/\/www.brennerbasisdemokratie.eu\/?p=7757\"><code>01<\/code><\/a><\/p>","protected":false},"excerpt":{"rendered":"<p>Zugegeben. Ich bin ein sehr naiver Zeitgenosse. Nur manchmal glaube ich, dass meine blau\u00e4ugigen Schl\u00fcsse gar nicht einmal so naiv sind. Vor allem dann nicht, wenn die Kritiker meiner Naivit\u00e4t ihre Behauptungen nicht belegen k\u00f6nnen und lediglich kapitalistische \u00bbGlaubenss\u00e4tze\u00ab von sich geben. \u00bbPrivat ist immer g\u00fcnstiger als \u00f6ffentlich\u00ab ist zum Beispiel so einer. Im Zuge [&hellip;]<\/p>","protected":false},"author":8,"featured_media":0,"comment_status":"open","ping_status":"open","sticky":false,"template":"","format":"standard","meta":{"_crdt_document":"","ngg_post_thumbnail":0,"_jetpack_memberships_contains_paid_content":false,"footnotes":""},"categories":[1],"tags":[],"class_list":["post-8710","post","type-post","status-publish","format-standard","hentry","category-allgemein","entity-svp","location-sudtirolo","language-deutsch","medium-dolo","topic-mobilitaet","topic-politik","topic-servicepublic","topic-soziales","topic-wirtschaft"],"jetpack_featured_media_url":"","jetpack_sharing_enabled":true,"_links":{"self":[{"href":"https:\/\/www.brennerbasisdemokratie.eu\/index.php?rest_route=\/wp\/v2\/posts\/8710","targetHints":{"allow":["GET"]}}],"collection":[{"href":"https:\/\/www.brennerbasisdemokratie.eu\/index.php?rest_route=\/wp\/v2\/posts"}],"about":[{"href":"https:\/\/www.brennerbasisdemokratie.eu\/index.php?rest_route=\/wp\/v2\/types\/post"}],"author":[{"embeddable":true,"href":"https:\/\/www.brennerbasisdemokratie.eu\/index.php?rest_route=\/wp\/v2\/users\/8"}],"replies":[{"embeddable":true,"href":"https:\/\/www.brennerbasisdemokratie.eu\/index.php?rest_route=%2Fwp%2Fv2%2Fcomments&post=8710"}],"version-history":[{"count":6,"href":"https:\/\/www.brennerbasisdemokratie.eu\/index.php?rest_route=\/wp\/v2\/posts\/8710\/revisions"}],"predecessor-version":[{"id":25960,"href":"https:\/\/www.brennerbasisdemokratie.eu\/index.php?rest_route=\/wp\/v2\/posts\/8710\/revisions\/25960"}],"wp:attachment":[{"href":"https:\/\/www.brennerbasisdemokratie.eu\/index.php?rest_route=%2Fwp%2Fv2%2Fmedia&parent=8710"}],"wp:term":[{"taxonomy":"category","embeddable":true,"href":"https:\/\/www.brennerbasisdemokratie.eu\/index.php?rest_route=%2Fwp%2Fv2%2Fcategories&post=8710"},{"taxonomy":"post_tag","embeddable":true,"href":"https:\/\/www.brennerbasisdemokratie.eu\/index.php?rest_route=%2Fwp%2Fv2%2Ftags&post=8710"}],"curies":[{"name":"wp","href":"https:\/\/api.w.org\/{rel}","templated":true}]}}