{"id":87112,"date":"2024-07-30T22:43:48","date_gmt":"2024-07-30T20:43:48","guid":{"rendered":"https:\/\/www.brennerbasisdemokratie.eu\/?p=87112"},"modified":"2024-11-13T12:59:16","modified_gmt":"2024-11-13T11:59:16","slug":"die-polizei-anerkennungskompetenz","status":"publish","type":"post","link":"https:\/\/www.brennerbasisdemokratie.eu\/?p=87112","title":{"rendered":"Die Polizei-Anerkennungskompetenz."},"content":{"rendered":"<p>Sicherheitslandesr\u00e4tin Ulli Mair (<abbr title=\"Freiheitliche\">F<\/abbr>) hat sich jetzt in Ermangelung von Kompetenzen offenbar eine weitere T\u00e4tigkeit ausgedacht. Da der Zentralstaat S\u00fcdtirol die Zust\u00e4ndigkeit f\u00fcr \u00f6ffentliche Sicherheit (die <a title=\"Landespolizei oder die Spielzeugautonomie.\" href=\"https:\/\/www.brennerbasisdemokratie.eu\/?p=84928\">viele andere Autonomien<\/a> haben) verweigert, wurden bislang bereits folgende Ersatzbefugnisse ausge\u00fcbt:<\/p>\n<ul>\n<li>Regelm\u00e4\u00dfiges H\u00e4ndesch\u00fctteln mit <a title=\"In Richtung Willk\u00fcrstaat.\" href=\"https:\/\/www.brennerbasisdemokratie.eu\/?p=87075\">Polizeipr\u00e4sident Paolo Sartori.<\/a><\/li>\n<li>Aush\u00e4ndigung des \u00f6ffentlichen Raums <a title=\"Martialisch-mittelalterliche Sicherheitspolitik.\" href=\"https:\/\/www.brennerbasisdemokratie.eu\/?p=83825\">an die italienischen Streitkr\u00e4fte.<\/a><\/li>\n<li>Finanzierung der staatlichen Polizei und zus\u00e4tzliche <a title=\"Reisep\u00e4sse: Landesbedienstete f\u00fcr die Polizei.\" href=\"https:\/\/www.brennerbasisdemokratie.eu\/?p=84511\">Abstellung von Landespersonal.<\/a><\/li>\n<\/ul>\n<p>Gemeinsam mit <abbr title=\"Landeshauptmann\/-frau\">LH<\/abbr>-Stellvertreter Marco Galateo von den neofaschistischen <em>Fratelli d&#8217;Italia<\/em> ist die Sicherheitslandesr\u00e4tin neuerdings aber auch f\u00fcr das <a title=\"LPA: Raub\u00fcberfall vereitelt\u2026\" href=\"https:\/\/news.provinz.bz.it\/de\/news\/raububerfall-vereitelt-land-sudtirol-dankt-carabinieri-beamten\" target=\"_blank\" rel=\"noopener\">\u00dcberreichen von Anerkennungen<\/a> zust\u00e4ndig, wie hier an einen mutigen <em>Carabiniere:<\/em><\/p>\n<blockquote><p><img loading=\"lazy\" decoding=\"async\" class=\"size-full wp-image-87113 aligncenter\" src=\"https:\/\/www.brennerbasisdemokratie.eu\/wp-content\/uploads\/2024\/07\/anerkennung-um-mg-cc.png\" alt=\"\" width=\"800\" height=\"533\" srcset=\"https:\/\/www.brennerbasisdemokratie.eu\/wp-content\/uploads\/2024\/07\/anerkennung-um-mg-cc.png 800w, https:\/\/www.brennerbasisdemokratie.eu\/wp-content\/uploads\/2024\/07\/anerkennung-um-mg-cc-768x512.png 768w\" sizes=\"auto, (max-width: 800px) 100vw, 800px\" \/><\/p><\/blockquote>\n<p><small><em>Quelle: Landespresseamt \u2013 Querbalken von mir<\/em><\/small><\/p>\n<p>Choreografisch sicher eines der autonomistischen Highlights schlechthin.<\/p>\n<p>Mitreden d\u00fcrfen wir als Vorzeigeautonomie zwar weiterhin nicht, doch gegen die Selbstkasteiung unserer Institutionen wird in Rom wohl niemand etwas einzuwenden haben. Als n\u00e4chstes k\u00f6nnte die Landesregierung dem Staat vielleicht eine Urkunde <a title=\"Die Polizei diskriminiert die deutsche Sprache.\" href=\"https:\/\/www.brennerbasisdemokratie.eu\/?p=84691\">f\u00fcr die vorz\u00fcgliche Einhaltung der Zweisprachigkeitspflicht<\/a> \u00fcberreichen.<\/p>\n<p>In einem fr\u00fcheren Leben war Mair \u00fcbrigens Bef\u00fcrworterin eines unabh\u00e4ngigen S\u00fcdtirol \u2014 oder zumindest eines entschiedenen Autonomieausbaus. Doch so sehen eben erfolgreiche politische Karrieren aus, Visionen stehen da nur im Weg.<\/p>\n<p><strong><span style=\"font-family: Helvetica, Arial, sans-serif; text-transform: uppercase;\">C\u00ebla enghe:<\/span><\/strong> <a title=\"F\u00fcr staatliche Grunddienste zahlt S\u00fcdtirol mehrfach.\" href=\"https:\/\/www.brennerbasisdemokratie.eu\/?p=88915\"><span style=\"color: #ff8c00\"><code>01<\/code><\/span><\/a><\/p>","protected":false},"excerpt":{"rendered":"<p>Sicherheitslandesr\u00e4tin Ulli Mair (F) hat sich jetzt in Ermangelung von Kompetenzen offenbar eine weitere T\u00e4tigkeit ausgedacht. Da der Zentralstaat S\u00fcdtirol die Zust\u00e4ndigkeit f\u00fcr \u00f6ffentliche Sicherheit (die viele andere Autonomien haben) verweigert, wurden bislang bereits folgende Ersatzbefugnisse ausge\u00fcbt: Regelm\u00e4\u00dfiges H\u00e4ndesch\u00fctteln mit Polizeipr\u00e4sident Paolo Sartori. Aush\u00e4ndigung des \u00f6ffentlichen Raums an die italienischen Streitkr\u00e4fte. Finanzierung der staatlichen Polizei [&hellip;]<\/p>","protected":false},"author":1,"featured_media":0,"comment_status":"open","ping_status":"open","sticky":false,"template":"","format":"standard","meta":{"_crdt_document":"","ngg_post_thumbnail":0,"_jetpack_memberships_contains_paid_content":false,"footnotes":""},"categories":[1],"tags":[],"class_list":["post-87112","post","type-post","status-publish","format-standard","hentry","category-allgemein","entity-carabinieri","entity-fdi","entity-freiheitliche","entity-landesregierung","entity-staat-italien","entity-staatspolizei","issue-landespolizei","location-italy","location-sudtirolo","language-deutsch","medium-lpa","person-marco-galateo","person-paolo-sartori","person-ulli-mair","topic-militar","topic-politik","topic-polizei","topic-satire","topic-servicepublic","topic-vorzeigeautonomie","topic-zentralismus","topic-zustaendigkeiten"],"jetpack_featured_media_url":"","jetpack_sharing_enabled":true,"_links":{"self":[{"href":"https:\/\/www.brennerbasisdemokratie.eu\/index.php?rest_route=\/wp\/v2\/posts\/87112","targetHints":{"allow":["GET"]}}],"collection":[{"href":"https:\/\/www.brennerbasisdemokratie.eu\/index.php?rest_route=\/wp\/v2\/posts"}],"about":[{"href":"https:\/\/www.brennerbasisdemokratie.eu\/index.php?rest_route=\/wp\/v2\/types\/post"}],"author":[{"embeddable":true,"href":"https:\/\/www.brennerbasisdemokratie.eu\/index.php?rest_route=\/wp\/v2\/users\/1"}],"replies":[{"embeddable":true,"href":"https:\/\/www.brennerbasisdemokratie.eu\/index.php?rest_route=%2Fwp%2Fv2%2Fcomments&post=87112"}],"version-history":[{"count":11,"href":"https:\/\/www.brennerbasisdemokratie.eu\/index.php?rest_route=\/wp\/v2\/posts\/87112\/revisions"}],"predecessor-version":[{"id":88922,"href":"https:\/\/www.brennerbasisdemokratie.eu\/index.php?rest_route=\/wp\/v2\/posts\/87112\/revisions\/88922"}],"wp:attachment":[{"href":"https:\/\/www.brennerbasisdemokratie.eu\/index.php?rest_route=%2Fwp%2Fv2%2Fmedia&parent=87112"}],"wp:term":[{"taxonomy":"category","embeddable":true,"href":"https:\/\/www.brennerbasisdemokratie.eu\/index.php?rest_route=%2Fwp%2Fv2%2Fcategories&post=87112"},{"taxonomy":"post_tag","embeddable":true,"href":"https:\/\/www.brennerbasisdemokratie.eu\/index.php?rest_route=%2Fwp%2Fv2%2Ftags&post=87112"}],"curies":[{"name":"wp","href":"https:\/\/api.w.org\/{rel}","templated":true}]}}