{"id":87124,"date":"2024-07-31T19:20:57","date_gmt":"2024-07-31T17:20:57","guid":{"rendered":"https:\/\/www.brennerbasisdemokratie.eu\/?p=87124"},"modified":"2026-02-02T08:30:50","modified_gmt":"2026-02-02T07:30:50","slug":"verfluchtigte-identitat","status":"publish","type":"post","link":"https:\/\/www.brennerbasisdemokratie.eu\/?p=87124","title":{"rendered":"Verfl\u00fcchtigte Identit\u00e4t."},"content":{"rendered":"<!-- Snippets by WebberZone Snippetz --><div class=\"ata_snippets\"><hr style=\"height: 20px; border: none; margin-top: 0em; background-color: darkred;\"\/><\/div><p><strong>Ich \u2014 Jahrgang 1967, politologisch verbildet \u2014 m\u00f6chte vier kurze Episoden (teils selbst erlebt, teils verb\u00fcrgt berichtet) schildern, die Schlaglichter auf die Entwicklung der \u00bbIdentit\u00e4t\u00ab in S\u00fcdtirol und deren \u00bbR\u00fcckspiegelung\u00ab in Nordtirol werfen<\/strong><\/p>\n<p><em>von Werner Pramstrahler<\/em><\/p>\n<h6>Drei Episoden: \u00bbSpeak Italian or English\u00ab versus \u00bbmedia o grande\u00ab<\/h6>\n<p><strong>Juli 2024: <\/strong>Tag des Tennisspiels zwischen der f\u00fcr Tschechien startenden Barbora Krejcikova und der f\u00fcr Italien startenden Jasmine Paolini. Ich warte in einem renommierten Sterzinger Lebensmittelgesch\u00e4ft auf meine Bestellung. Vor mir bedient die Gesch\u00e4ftsinhaberin die Inhaberin eines benachbarten Gesch\u00e4fts \u2014 beide Frauen sind <em>best-agerinnen<\/em>. Auf die Frage der einen, ob die \u00bbUnsere\u00ab denn das Tennismatch gewonnen habe, kommt die Antwort, dass leider die \u00bbFalsche\u00ab, also nicht die \u00bbUnsere\u00ab, Siegerin geworden sei. Trotz jahrhundertelanger gemeinsamer Geschichte und kultureller N\u00e4he sind die Tschech:innen mittlerweile die \u00bbanderen\u00ab und die \u00bbFalschen\u00ab, die Italiener:innen \u2014 auch die ohne jeglichen S\u00fcdtirolbezug \u2014 ganz offenbar die \u00bbUnsrigen\u00ab. <strong>Sommer 2023:<\/strong> In einer Wipptaler Schutzh\u00fctte nahe der \u00f6sterreichischen Grenze antwortet die Bedienung auf eine in deutscher Sprache vorgetragene Bierbestellung: \u00bbPlease in English or Italian; I don&#8217;t speak German.\u00ab <strong>Juli 2024:<\/strong> Auf einer Schnalser Schutzh\u00fctte ist die Bedienung unverkennbar Norddeutsche. Als italienische G\u00e4ste auf Italienisch \u00bbuna birra bionda, prego\u00ab bestellen, erhalten sie prompt in bundesdeutsch gef\u00e4rbtem Italienisch die Gegenfrage: \u00bbmedia o grande?\u00ab<\/p>\n<h6>Vierte Episode: Ein Sterzinger? Kannst mit dem Deutsch sprechen?<\/h6>\n<p>Meine in der Silberstadt Schwaz wohnende Lebensgef\u00e4hrtin wird nach wie vor in ihrem Nordtiroler Bekanntenkreis gefragt, ob sie denn jetzt Italienisch lerne, um sich mit mir, einem \u00bbSterzinger\u00ab, problemlos unterhalten zu k\u00f6nnen. Sterzing ist in Nordtirol durchaus bekannt und beliebt, wird jedoch als italienischsprachig wahrgenommen. Dieser Eindruck wird durch Verk\u00e4uferinnen und Bedienungen aus \u00bbRestitalien\u00ab verst\u00e4rkt; Arbeitskr\u00e4fte, die oft nur begrenzt oder gar nicht der deutschen Sprache m\u00e4chtig sind. Hinzu mag kommen, dass Nordtiroler:innen italienische Ferieng\u00e4ste und Zweitwohnungsinhaber:innen in Sterzing als \u00bbEinheimische\u00ab wahrnehmen. Die S\u00fcdtiroler:innen k\u00f6nnten zwar Deutsch, spr\u00e4chen aber untereinander vorwiegend Italienisch, so die Meinung, die mir auf meine Nachfragen bereits mehrfach von Nordtiroler:innen er\u00f6ffnet wurde. Obwohl ich es nachvollziehen kann, finde ich es bedauerlich: S\u00fcdtirol ist mittlerweile in Nordtirol bis auf Restbest\u00e4nde keine positiv besetzte Herzensangelegenheit mehr. Individuell werde ich zwar als \u00bbAuch-Tiroler\u00ab akzeptiert, aber das umfasst nicht mehr S\u00fcdtirol.<\/p>\n<h6>Die \u00bbMinoranza dominante in Sud Tirolo\u00ab hat sich verfl\u00fcchtigt<\/h6>\n<p>Pflichtlekt\u00fcre w\u00e4hrend meines Studiums: Flavia Pristingers 1978 erschiene Publikation <em>La minoranza dominante nel Sud Tirolo<\/em>. Darin analysiert Pristinger die Dominanz der deutschsprachigen Bev\u00f6lkerung in politischen, wirtschaftlichen und kulturellen Bereichen nach dem Abschluss des Zweiten Autonomiestatuts. Diese Dominanz manifestierte sich in einer st\u00e4rkeren Vertretung in politischen Institutionen und in einem \u00fcberproportionalen Einfluss auf die regionale Wirtschaft. Ein zentraler Punkt in Pristingers Analyse ist \u2014 ein nach wie vor aktueller Erkl\u00e4rungsansatz \u2014 das Konzept des sozialen Kapitals. Die deutschsprachige Gemeinschaft verf\u00fcg(t)e \u00fcber dichte Netzwerke und starke institutionelle Bindungen, die ihre soziale Koh\u00e4sion und politischen Einfluss st\u00e4rken. Dies f\u00fchr(t)e zu Ungleichheiten, die nicht nur die \u00f6konomische Ressourcen betr\u00e4fen, sondern auch die kulturelle Repr\u00e4sentation und politische Teilhabe. Stichwort: der bis zur intellektuellen Erm\u00fcdung diskutierte \u00bbdisagio degli italiani\u00ab.<\/p>\n<h6>Wiederum episodisch und plakativ<\/h6>\n<p>Ich darf wiederum episodisch und plakativ werden. Mit Bedauern stelle ich eine nahezu fl\u00e4chendeckende Erosion der an Tirol und an \u00d6sterreich orientierten S\u00fcdtiroler Identit\u00e4t fest. Wo ist die S\u00fcdtiroler \u00bbLinke\u00ab, die etwa mit der \u00f6sterreichischen Sozialdemokratie im Austausch ist? Wo sind die grenz\u00fcberschreitenden Initativen f\u00fcr den Schutz des Lebensraumes angesichts der Transitbelastung? In meinem pers\u00f6nlichen Umfeld beobachte ich vielmehr, dass viele S\u00fcdtiroler:innen \u2014 auch meiner Generation \u2014 sich problemlos eine Identit\u00e4t als deutschsprachige Italiener:innen \u00fcberstreifen.<\/p>\n<p>Dies mag \u2014 auch \u2014 eine Folge der Tirol gegen\u00fcber gesch\u00fcrten Ressentiments (\u00bbsture Tiroler Verkehrspolitik\u00ab, \u00bb\u00f6sterreichische Arroganz\u00ab) sein, der Verharmlosung der rechtspopulistischen und nationalistischen <em>Fratelli d\u2019Italia<\/em> durch ma\u00dfgebliche S\u00fcdtiroler Medien und der ungebremsten Italophilie in der Sportberichterstattung \u2014 einem Instrument, das in allen L\u00e4ndern zur Verst\u00e4rkung nationalstaatlicher Identifikationen genutzt wird. Gerade in Zeiten von Fu\u00dfball-Gro\u00dfereignissen gerate ich immer wieder in die paradoxe Situation, dass ich von deutschsprachigen S\u00fcdtiroler:innen als nationalistisch tituliert werde, weil ich eben <strong>nicht <\/strong>ein <em>\u00bbtifoso\u00ab<\/em> der italienischen Nationalmannschaft bin. Mir fehlen die psychologischen Grundkenntnisse, um eine solche Meinungs\u00e4u\u00dferung und die dahinter liegende Haltung angemessen einordnen zu k\u00f6nnen.<\/p>\n<p>Wer es analytischer mag, dem sei die Publikation von Michael Billig,<em> Banal Nationalism <\/em>(London:<em> Sage Publications,<\/em> 1995) ans Herz gelegt. Kurzfassung: Das Konzept des banalen Nationalismus postuliert, dass nationale Identit\u00e4ten und Nationalismus nicht nur in extremen, sichtbaren Formen wie milit\u00e4rischen Paraden oder politischen Demonstrationen existieren, sondern auch in allt\u00e4glichen, scheinbar trivialen Handlungen und Symbolen tief verwurzelt sind. Billig argumentiert, dass dieser allt\u00e4gliche, deshalb \u00bbbanale\u00ab Nationalismus eine subtile, aber pervasive Pr\u00e4senz in unserem t\u00e4glichen Leben hat und wesentlich zur Reproduktion nationaler Identit\u00e4ten beitr\u00e4gt.<\/p>\n<h6>&#8230;wenn der Wille zur Selbsterhaltung nicht abstirbt<\/h6>\n<p>Ich hatte die Ehre, als Obersch\u00fcler den in meiner Nachbarschaft wohnenden Friedl Volgger wenige Male zu sehen und auch mit ihm zu sprechen. Er hat argumentiert, dass die S\u00fcdtirolautonomie eine Grundlage biete, weiterhin als Tiroler leben zu k\u00f6nnen, wenngleich S\u00fcdtirol dem \u00bbfalschen Staat\u00ab angeh\u00f6re. Seine Einschr\u00e4nkung: wenn der Wille zur Selbsterhaltung nicht abstirbt.<\/p>\n<p>Nun scheint es so weit zu sein. Ich gebe zu, dass ich das sehr traurig finde und mich zunehmend als \u00bbletzter Mohikaner\u00ab f\u00fchle.<\/p>\n<p><em><small>Dieser Beitrag wurde auch <a title=\"Salto: Verfl\u00fcchtigte Identit\u00e4t.\" href=\"https:\/\/salto.bz\/de\/article\/31072024\/verfluchtigte-identitat\" target=\"_blank\" rel=\"noopener\">auf Salto<\/a> ver\u00f6ffentlicht.<\/small><\/em><\/p>\n<p><strong><span style=\"font-family: Helvetica, Arial, sans-serif; text-transform: uppercase;\">C\u00ebla enghe:<\/span><\/strong> <a title=\"Folgenreiche nationalistische Sportberichterstattung.\" href=\"https:\/\/www.brennerbasisdemokratie.eu\/?p=84281\"><code>01<\/code><\/a> <a title=\"Banaler Nationalismus.\" href=\"https:\/\/www.brennerbasisdemokratie.eu\/?p=66863\"><code>02<\/code><\/a> <a title=\"Wenn Restaurants die deutsche Sprache marginalisieren.\" href=\"https:\/\/www.brennerbasisdemokratie.eu\/?p=79177\"><code>03<\/code><\/a><\/p>\n<!-- Snippets by WebberZone Snippetz --><div class=\"ata_snippets\"><hr style=\"height: 10px;border: none;margin-top: 0px;background-color: darkred\" \/>\r\n\r\n<div style=\"background-color: none;padding: 0px;font-size: 14px;font-family: Helvetica,Arial;margin: 10px 0px 0px 0px\"><span style=\"color: darkred\"><strong><small>Autor:innen- und Gastbeitr\u00e4ge widerspiegeln nicht notwendigerweise die Meinung oder die Position von BBD, so wie die jeweiligen Verfasser:innen nicht notwendigerweise die Ziele von BBD unterst\u00fctzen.<\/small><\/strong><small>\u00b7 I contributi esterni non necessariamente riflettono le opinioni o la posizione di BBD, come a loro volta le autrici\/gli autori non necessariamente condividono gli obiettivi di BBD. \u2014 <a href=\"http:\/\/www.brennerbasisdemokratie.eu\/?page_id=11356#copyleft\"><strong>\u00a9<\/strong><\/a><\/small><\/span><\/div><\/div>","protected":false},"excerpt":{"rendered":"<p>Ich \u2014 Jahrgang 1967, politologisch verbildet \u2014 m\u00f6chte vier kurze Episoden (teils selbst erlebt, teils verb\u00fcrgt berichtet) schildern, die Schlaglichter auf die Entwicklung der \u00bbIdentit\u00e4t\u00ab in S\u00fcdtirol und deren \u00bbR\u00fcckspiegelung\u00ab in Nordtirol werfen von Werner Pramstrahler Drei Episoden: \u00bbSpeak Italian or English\u00ab versus \u00bbmedia o grande\u00ab Juli 2024: Tag des Tennisspiels zwischen der f\u00fcr Tschechien [&hellip;]<\/p>","protected":false},"author":10,"featured_media":0,"comment_status":"open","ping_status":"open","sticky":false,"template":"","format":"standard","meta":{"_crdt_document":"","ngg_post_thumbnail":0,"_jetpack_memberships_contains_paid_content":false,"footnotes":""},"categories":[751],"tags":[],"class_list":["post-87124","post","type-post","status-publish","format-standard","hentry","category-autorinnen-neu","entity-fdi","entity-spo","issue-assimilierung","issue-banalnationalism","issue-bilinguismo-negato","issue-disagio","location-italy","location-nord-osttirol","location-osterreich","location-sudtirolo","location-tschechien","language-deutsch","topic-kohasion","topic-minderheitenschutz","topic-minorisaziun","topic-nationalismus","topic-plurilinguism","topic-politik","topic-sport","topic-verbraucherinnen"],"jetpack_featured_media_url":"","jetpack_sharing_enabled":true,"_links":{"self":[{"href":"https:\/\/www.brennerbasisdemokratie.eu\/index.php?rest_route=\/wp\/v2\/posts\/87124","targetHints":{"allow":["GET"]}}],"collection":[{"href":"https:\/\/www.brennerbasisdemokratie.eu\/index.php?rest_route=\/wp\/v2\/posts"}],"about":[{"href":"https:\/\/www.brennerbasisdemokratie.eu\/index.php?rest_route=\/wp\/v2\/types\/post"}],"author":[{"embeddable":true,"href":"https:\/\/www.brennerbasisdemokratie.eu\/index.php?rest_route=\/wp\/v2\/users\/10"}],"replies":[{"embeddable":true,"href":"https:\/\/www.brennerbasisdemokratie.eu\/index.php?rest_route=%2Fwp%2Fv2%2Fcomments&post=87124"}],"version-history":[{"count":8,"href":"https:\/\/www.brennerbasisdemokratie.eu\/index.php?rest_route=\/wp\/v2\/posts\/87124\/revisions"}],"predecessor-version":[{"id":87152,"href":"https:\/\/www.brennerbasisdemokratie.eu\/index.php?rest_route=\/wp\/v2\/posts\/87124\/revisions\/87152"}],"wp:attachment":[{"href":"https:\/\/www.brennerbasisdemokratie.eu\/index.php?rest_route=%2Fwp%2Fv2%2Fmedia&parent=87124"}],"wp:term":[{"taxonomy":"category","embeddable":true,"href":"https:\/\/www.brennerbasisdemokratie.eu\/index.php?rest_route=%2Fwp%2Fv2%2Fcategories&post=87124"},{"taxonomy":"post_tag","embeddable":true,"href":"https:\/\/www.brennerbasisdemokratie.eu\/index.php?rest_route=%2Fwp%2Fv2%2Ftags&post=87124"}],"curies":[{"name":"wp","href":"https:\/\/api.w.org\/{rel}","templated":true}]}}