{"id":87223,"date":"2024-08-06T00:15:47","date_gmt":"2024-08-05T22:15:47","guid":{"rendered":"https:\/\/www.brennerbasisdemokratie.eu\/?p=87223"},"modified":"2024-08-06T10:43:21","modified_gmt":"2024-08-06T08:43:21","slug":"rassistischer-brandherd-geloscht","status":"publish","type":"post","link":"https:\/\/www.brennerbasisdemokratie.eu\/?p=87223","title":{"rendered":"Rassistischer Brandherd gel\u00f6scht."},"content":{"rendered":"<p>Immer wieder werden in Deutschland zu <em>L&#8217;amour toujours<\/em> von Gigi D&#8217;Agostino rechtsextreme Ch\u00f6re gesungen, insbesondere ein Vorfall auf Sylt hatte es auch in die \u00fcberregionalen Schlagzeilen geschafft. Veranstalter von Volksfesten und anderen Events sahen sich dadurch bereits veranlasst, das Lied vorbeugend ganz aus ihren Playlists zu verbannen.<\/p>\n<p>Da war es wohl nur eine Frage der Zeit, bis sich auch in S\u00fcdtirol rassistische Nachahmerinnen finden. Und \u00fcbereinstimmenden Medienberichten zufolge war es leider beim Neumarkter Laubenfest am Wochenende so weit: Mehrere Jugendliche sollen den Song in seiner nationalistisch und ausl\u00e4nderfeindlich umgetexteten Version gegr\u00f6lt haben.<\/p>\n<p>Die gute Nachricht ist, dass der Kommandant der Freiwilligen Feuerwehr Neumarkt, Johannes Bertignoll, beherzt eingeschritten ist, um das uns\u00e4gliche Treiben im Keim zu ersticken. Zun\u00e4chst lie\u00df er die Musik abstellen, dann nahm er das Mikrofon in die Hand und verurteilte die Tat mit den klaren Worten, dass solche Parolen inakzeptabel seien und hier bei uns keinen Platz h\u00e4tten.<\/p>\n<p>Leider ist das heute keine Selbstverst\u00e4ndlichkeit mehr; schon sieht sich Bertignoll im Internet Anfeindungen ausgesetzt. Gerade deshalb geb\u00fchrt ihm f\u00fcr seine Zivilcourage ein ganz gro\u00dfes Lob und Dankesch\u00f6n.<\/p>\n<p>Wom\u00f6glich wird der Song jetzt auch in S\u00fcdtirol bei \u00f6ffentlichen Veranstaltungen gemieden.<\/p>","protected":false},"excerpt":{"rendered":"<p>Immer wieder werden in Deutschland zu L&#8217;amour toujours von Gigi D&#8217;Agostino rechtsextreme Ch\u00f6re gesungen, insbesondere ein Vorfall auf Sylt hatte es auch in die \u00fcberregionalen Schlagzeilen geschafft. Veranstalter von Volksfesten und anderen Events sahen sich dadurch bereits veranlasst, das Lied vorbeugend ganz aus ihren Playlists zu verbannen. Da war es wohl nur eine Frage der [&hellip;]<\/p>","protected":false},"author":1,"featured_media":0,"comment_status":"open","ping_status":"open","sticky":false,"template":"","format":"standard","meta":{"_crdt_document":"","ngg_post_thumbnail":0,"_jetpack_memberships_contains_paid_content":false,"footnotes":""},"categories":[1],"tags":[],"class_list":["post-87223","post","type-post","status-publish","format-standard","hentry","category-allgemein","issue-good-news","location-deutschland","location-sudtirolo","language-deutsch","topic-kunstcultura","topic-migraziun","topic-nationalismus","topic-racism"],"jetpack_featured_media_url":"","jetpack_sharing_enabled":true,"_links":{"self":[{"href":"https:\/\/www.brennerbasisdemokratie.eu\/index.php?rest_route=\/wp\/v2\/posts\/87223","targetHints":{"allow":["GET"]}}],"collection":[{"href":"https:\/\/www.brennerbasisdemokratie.eu\/index.php?rest_route=\/wp\/v2\/posts"}],"about":[{"href":"https:\/\/www.brennerbasisdemokratie.eu\/index.php?rest_route=\/wp\/v2\/types\/post"}],"author":[{"embeddable":true,"href":"https:\/\/www.brennerbasisdemokratie.eu\/index.php?rest_route=\/wp\/v2\/users\/1"}],"replies":[{"embeddable":true,"href":"https:\/\/www.brennerbasisdemokratie.eu\/index.php?rest_route=%2Fwp%2Fv2%2Fcomments&post=87223"}],"version-history":[{"count":4,"href":"https:\/\/www.brennerbasisdemokratie.eu\/index.php?rest_route=\/wp\/v2\/posts\/87223\/revisions"}],"predecessor-version":[{"id":87227,"href":"https:\/\/www.brennerbasisdemokratie.eu\/index.php?rest_route=\/wp\/v2\/posts\/87223\/revisions\/87227"}],"wp:attachment":[{"href":"https:\/\/www.brennerbasisdemokratie.eu\/index.php?rest_route=%2Fwp%2Fv2%2Fmedia&parent=87223"}],"wp:term":[{"taxonomy":"category","embeddable":true,"href":"https:\/\/www.brennerbasisdemokratie.eu\/index.php?rest_route=%2Fwp%2Fv2%2Fcategories&post=87223"},{"taxonomy":"post_tag","embeddable":true,"href":"https:\/\/www.brennerbasisdemokratie.eu\/index.php?rest_route=%2Fwp%2Fv2%2Ftags&post=87223"}],"curies":[{"name":"wp","href":"https:\/\/api.w.org\/{rel}","templated":true}]}}