{"id":87297,"date":"2024-08-10T09:51:10","date_gmt":"2024-08-10T07:51:10","guid":{"rendered":"https:\/\/www.brennerbasisdemokratie.eu\/?p=87297"},"modified":"2024-08-10T16:23:11","modified_gmt":"2024-08-10T14:23:11","slug":"gentile-briefmarke-darf-nicht-in-frage-gestellt-werden","status":"publish","type":"post","link":"https:\/\/www.brennerbasisdemokratie.eu\/?p=87297","title":{"rendered":"Gentile-Briefmarke darf nicht in Frage gestellt werden."},"content":{"rendered":"<p>Bez\u00fcglich der Briefmarke, die der Staat <a title=\"Gentile ha fatto anche cose buone.\" href=\"https:\/\/www.brennerbasisdemokratie.eu\/?p=87199\">dem faschistischen Bildungsminister Giovanni Gentile gewidmet hat<\/a>, meldet sich jetzt auch Umberto Croppi, Mitglied des italienischen Landeskulturbeirats zu Wort. Das berichtet der <em>Corriere<\/em> in seiner heutigen S\u00fcdtirolbeilage. Croppi war <abbr title=\"Movimento Sociale Italiano\">MSI<\/abbr>-Mitglied, Kulturreferent des neofaschistischen r\u00f6mischen B\u00fcrgermeisters Gianni Alemanno (PdL), aber auch Fraktionsvorsitzender der <em>Gr\u00fcnen<\/em> im Regionalrat des Latium. Zitiert wird er unter anderem folgenderma\u00dfen:<\/p>\n<blockquote><p>\u00bbAbgesehen von den formalen Aspekten gibt es eine wesentliche Tatsache, die wir ber\u00fccksichtigen m\u00fcssen: Gentile, ob man es nun gut oder schlecht findet, bleibt einer der Eckpfeiler der universellen Kultur, und dass ihm eine Briefmarke gewidmet wird, scheint mir keineswegs eine Verherrlichung des Faschismus zu sein.\u00ab Die \u00c4u\u00dferungen \u00fcber die Figur Gentiles seien legitim, schlie\u00dft Croppi, aber \u00bbdie R\u00fccknahme der Briefmarke zu fordern oder ihre Ausgabe zu kritisieren, ist wirklich unangebracht. Es gibt einen Bereich, in dem es legitim ist, seine Meinung zu \u00e4u\u00dfern, und es gibt einen Bereich der Zust\u00e4ndigkeiten. Der Initiator ist das Ministerium, und es gibt eine Kommission der Post: Wenn sie entschieden haben, dass die Briefmarke ihre Berechtigung hat, darf das nicht in Frage gestellt werden.\u00ab<\/p>\n<p><em><small>\u2013 Corriere (10. August 2024)<\/small><\/em><\/p><\/blockquote>\n<details>\n<summary><em><small>\u00dcbersetzung von mir (<span style=\"text-decoration: underline;\">Original anzeigen<\/span>)<\/small><\/em><\/summary>\n<p style=\"padding-left: 40px;\">\u00abAl di l\u00e0 degli aspetti pi\u00f9 formali, c&#8217;\u00e8 un dato sostanziale di cui dobbiamo tenere conto: Gentile, nel bene e nel male, resta uno dei capisaldi della cultura universale e che gli sia dedicato un francobollo non mi pare certo apologia del fascismo.\u00bb Legittime le dichiarazioni sulla figura di Gentile, conclude Croppi, ma \u00abchiedere il ritiro o contestare l&#8217;emissione del francobollo \u00e8 veramente fuor d&#8217;opera. C&#8217;\u00e8 un ambito in cui \u00e8 legittimo esprimere la propria opinione e c&#8217;\u00e8 un ambito di competenze. Il promotore \u00e8 il ministero e c&#8217;\u00e8 una commissione delle Poste: se hanno deciso che il francobollo aveva una sua legittimit\u00e0, non pu\u00f2 essere messo in discussione.\u00bb<\/p>\n<p style=\"padding-left: 40px;\"><small><em>\u2013 Corriere<br \/>\n<\/em><\/small><\/p>\n<\/details>\n<p>Der Landeshauptmann und der Landesrat f\u00fcr Kultur d\u00fcrfen also \u2014 quasi privat \u2014 eine Meinung zu Gentile haben, doch die Briefmarke in Frage stellen d\u00fcrfen sie nicht, weil irgendwelche formalen Prozeduren und Zust\u00e4ndigkeiten in einem von Neofaschisten und Rechtsradikalen regierten Staat zu ihrer Ausgabe gef\u00fchrt haben. Eine derartige Argumentation ist einfach ungeheuerlich. Auch Gentile hat damals die Abschaffung der deutschen Schule in S\u00fcdtirol legal und unter Einhaltung aller Zust\u00e4ndigkeiten umgesetzt. Die R\u00fccknahme seiner \u00bbReform\u00ab (oder gar der Rassengesetze!) zu fordern, w\u00e4re dann laut Croppi wohl unangemessen gewesen.<\/p>\n<p>Leute mit derart undemokratischen, autorit\u00e4ren Ansichten sitzen jetzt \u2014 von Marco Galateo (<abbr title=\"Fratelli d\u2019Italia\">FdI<\/abbr>) berufen \u2014 dank Koalitionsentscheidung der SVP im italienischen Kulturbeirat.<\/p>\n<p>(Doch wenn er schon so penibel auf die Einhaltung von Zust\u00e4ndigkeiten achtet, sollte Croppi vielleicht in seiner Rolle dem Landeshauptmann auch keine Vorschriften machen.)<\/p>\n<p><strong><span style=\"font-family: Helvetica, Arial, sans-serif; text-transform: uppercase;\">C\u00ebla enghe:<\/span><\/strong> <a title=\"Das Haydn-Orchester italianisieren.\" href=\"https:\/\/www.brennerbasisdemokratie.eu\/?p=86785\"><code>01<\/code><\/a><\/p>","protected":false},"excerpt":{"rendered":"<p>Bez\u00fcglich der Briefmarke, die der Staat dem faschistischen Bildungsminister Giovanni Gentile gewidmet hat, meldet sich jetzt auch Umberto Croppi, Mitglied des italienischen Landeskulturbeirats zu Wort. Das berichtet der Corriere in seiner heutigen S\u00fcdtirolbeilage. Croppi war MSI-Mitglied, Kulturreferent des neofaschistischen r\u00f6mischen B\u00fcrgermeisters Gianni Alemanno (PdL), aber auch Fraktionsvorsitzender der Gr\u00fcnen im Regionalrat des Latium. Zitiert wird [&hellip;]<\/p>","protected":false},"author":1,"featured_media":0,"comment_status":"open","ping_status":"open","sticky":false,"template":"","format":"standard","meta":{"_crdt_document":"","ngg_post_thumbnail":0,"_jetpack_memberships_contains_paid_content":false,"footnotes":""},"categories":[1],"tags":[],"class_list":["post-87297","post","type-post","status-publish","format-standard","hentry","category-allgemein","entity-fdi","entity-land-sudtirol","entity-landesregierung","entity-msi","entity-pdl","entity-staat-italien","entity-svp","entity-verc","issue-geschichtsaufarbeitung","issue-italianizzazione","issue-zitac","location-italy","location-sudtirolo","language-deutsch","medium-corriere","person-arno-kompatscher","person-marco-galateo","person-philipp-achammer","topic-bildung","topic-faschismen","topic-politik","topic-symbolik"],"jetpack_featured_media_url":"","jetpack_sharing_enabled":true,"_links":{"self":[{"href":"https:\/\/www.brennerbasisdemokratie.eu\/index.php?rest_route=\/wp\/v2\/posts\/87297","targetHints":{"allow":["GET"]}}],"collection":[{"href":"https:\/\/www.brennerbasisdemokratie.eu\/index.php?rest_route=\/wp\/v2\/posts"}],"about":[{"href":"https:\/\/www.brennerbasisdemokratie.eu\/index.php?rest_route=\/wp\/v2\/types\/post"}],"author":[{"embeddable":true,"href":"https:\/\/www.brennerbasisdemokratie.eu\/index.php?rest_route=\/wp\/v2\/users\/1"}],"replies":[{"embeddable":true,"href":"https:\/\/www.brennerbasisdemokratie.eu\/index.php?rest_route=%2Fwp%2Fv2%2Fcomments&post=87297"}],"version-history":[{"count":5,"href":"https:\/\/www.brennerbasisdemokratie.eu\/index.php?rest_route=\/wp\/v2\/posts\/87297\/revisions"}],"predecessor-version":[{"id":87302,"href":"https:\/\/www.brennerbasisdemokratie.eu\/index.php?rest_route=\/wp\/v2\/posts\/87297\/revisions\/87302"}],"wp:attachment":[{"href":"https:\/\/www.brennerbasisdemokratie.eu\/index.php?rest_route=%2Fwp%2Fv2%2Fmedia&parent=87297"}],"wp:term":[{"taxonomy":"category","embeddable":true,"href":"https:\/\/www.brennerbasisdemokratie.eu\/index.php?rest_route=%2Fwp%2Fv2%2Fcategories&post=87297"},{"taxonomy":"post_tag","embeddable":true,"href":"https:\/\/www.brennerbasisdemokratie.eu\/index.php?rest_route=%2Fwp%2Fv2%2Ftags&post=87297"}],"curies":[{"name":"wp","href":"https:\/\/api.w.org\/{rel}","templated":true}]}}