{"id":87312,"date":"2024-08-10T13:45:10","date_gmt":"2024-08-10T11:45:10","guid":{"rendered":"https:\/\/www.brennerbasisdemokratie.eu\/?p=87312"},"modified":"2024-10-23T11:07:23","modified_gmt":"2024-10-23T09:07:23","slug":"questore-andrea-valentino","status":"publish","type":"post","link":"https:\/\/www.brennerbasisdemokratie.eu\/?p=87312","title":{"rendered":"Questore Andrea Valentino\u2026"},"content":{"rendered":"<p>A fine marzo <a title=\"Die Polizei diskriminiert die deutsche Sprache.\" href=\"https:\/\/www.brennerbasisdemokratie.eu\/?p=84691\">avevo fatto notare<\/a> che dall&#8217;avvento di Paolo Sartori, la questura di Bozen\/Bolzano non aveva pubblicato nemmeno un unico comunicato stampa in lingua tedesca, mentre quelli in lingua italiana erano ben 52. Oltre quattro mesi pi\u00f9 tardi non solo la situazione non \u00e8 cambiata di una virgola, ma non \u00e8 nemmeno mai stato aggiornato il sito. Mentre nella versione italiana della pagina, come questore, figura correttamente Sartori, dalla versione solo in piccola parte tradotta in tedesco <a title=\"Staatspolizei Bozen: Qu\u00e4stor.\" href=\"https:\/\/questure.poliziadistato.it\/de\/Bolzano\/articolo\/5730dcd77de1c205120028\" target=\"_blank\" rel=\"noopener\">risulta ancora<\/a> il suo predecessore, Andrea Valentino:<\/p>\n<blockquote><p><img loading=\"lazy\" decoding=\"async\" class=\"alignnone size-full wp-image-87314\" src=\"https:\/\/www.brennerbasisdemokratie.eu\/wp-content\/uploads\/2024\/08\/quaestur_web-quaestor.png\" alt=\"\" width=\"950\" height=\"1143\" srcset=\"https:\/\/www.brennerbasisdemokratie.eu\/wp-content\/uploads\/2024\/08\/quaestur_web-quaestor.png 950w, https:\/\/www.brennerbasisdemokratie.eu\/wp-content\/uploads\/2024\/08\/quaestur_web-quaestor-768x924.png 768w\" sizes=\"auto, (max-width: 950px) 100vw, 950px\" \/><\/p><\/blockquote>\n<p><small><em>Screenshot delle versioni in italiano (sopra) e tedesco (sotto) del sito della questura di Bozen\/Bolzano<\/em><\/small><\/p>\n<p>Questo \u2014 oltre ai veri e propri <a title=\"Sudtirolese? Strunz.\" href=\"https:\/\/www.brennerbasisdemokratie.eu\/?p=49711\">insulti<\/a> \u2014 \u00e8 un modo assai effettivo e diretto per far comprendere il totale disprezzo per la popolazione maggioritaria di questa terra e i suoi diritti, proprio mentre il Governo sudtirolese continua a tessere le lodi del nuovo <a title=\"In Richtung Willk\u00fcrstaat.\" href=\"https:\/\/www.brennerbasisdemokratie.eu\/?p=87075\">questore-sceriffo<\/a> (e addirittura a <a title=\"Reisep\u00e4sse: Landesbedienstete f\u00fcr die Polizei.\" href=\"https:\/\/www.brennerbasisdemokratie.eu\/?p=84511\">mettere a disposizione il proprio personale<\/a>, in modo da assicurare un minimo di funzionalit\u00e0 a un servizio ormai fatiscente, invece di esigere il passaggio di competenze).<\/p>\n<p>Al contempo, <a title=\"LPA: Kandeshauptmann Kompatscher trifft\u2026\" href=\"https:\/\/news.provinz.bz.it\/de\/news\/landeshauptmann-kompatscher-trifft-minister-piantedosi-in-rom\" target=\"_blank\" rel=\"noopener\">il <em>Landeshauptmann<\/em><\/a> e <a title=\"LPA: Sicherheitslandesr\u00e4tin\u2026\" href=\"https:\/\/news.provinz.bz.it\/de\/news\/sicherheitslandesratin-mair-fur-verhandlungen-in-rom\" target=\"_blank\" rel=\"noopener\">l&#8217;assessora alla sicurezza<\/a> insistono a chiedere \u2014 come ormai invano da decenni \u2014 pi\u00f9 poliziotti bilingui, quando \u00e8 evidente che da parte dello stato non c&#8217;\u00e8 la bench\u00e9 minima volont\u00e0 di rendere bilingui nemmeno le informazioni pi\u00f9 fondamentali, come appunto quelle \u00abstatiche\u00bb del sito della questura. Oltre alle belle foto con i vari ministri dell&#8217;interno non \u00e8 mai stato raggiunto nulla di sostanziale.<\/p>\n<p>Per quanto riguarda l&#8217;autonomia e il bilinguismo sembra quasi che nessuno abbia il coraggio di dire che ormai il re \u00e8 nudo.<\/p>\n<p><strong><span style=\"font-family: Helvetica, Arial, sans-serif; text-transform: uppercase;\">C\u00ebla enghe:<\/span><\/strong> <a title=\"Die ostbelgische Polizei und die deutsche Sprache.\" href=\"https:\/\/www.brennerbasisdemokratie.eu\/?p=85108\"><code>01<\/code><\/a> <a title=\"Zweisprachige Carabinieri. Und Mossos d\u2019Esquadra.\" href=\"https:\/\/www.brennerbasisdemokratie.eu\/?p=78399\"><code>02<\/code><\/a> <a title=\"Zweisprachige Polizei in Wales.\" href=\"https:\/\/www.brennerbasisdemokratie.eu\/?p=72884\"><code>03<\/code><\/a> <a title=\"Qu\u00e4stor schreibt f\u00fcr \u2018s\u00fcdtirolfeindliches\u2019 Blatt.\" href=\"https:\/\/www.brennerbasisdemokratie.eu\/?p=84172\"><code>04<\/code><\/a> <span style=\"font-family: Helvetica, Arial, sans-serif; font-weight: normal;\">|<\/span> <a title=\"Die Polizei-Anerkennungskompetenz.\" href=\"https:\/\/www.brennerbasisdemokratie.eu\/?p=87112\"><code>05<\/code><\/a> <span style=\"font-family: Helvetica, Arial, sans-serif; font-weight: normal;\">|<\/span> <a title=\"Digitalianisierung \u2013 Digitalianizzazione.\" href=\"https:\/\/www.brennerbasisdemokratie.eu\/?p=69693\"><code>06<\/code><\/a> <span style=\"font-family: Helvetica, Arial, sans-serif; font-weight: normal;\">||<\/span> <a title=\"Nicht der Rassismus ist das Problem.\" href=\"https:\/\/www.brennerbasisdemokratie.eu\/?p=88608\"><span style=\"color: #ff8c00\"><code>01<\/code><\/span><\/a><\/p>","protected":false},"excerpt":{"rendered":"<p>A fine marzo avevo fatto notare che dall&#8217;avvento di Paolo Sartori, la questura di Bozen\/Bolzano non aveva pubblicato nemmeno un unico comunicato stampa in lingua tedesca, mentre quelli in lingua italiana erano ben 52. Oltre quattro mesi pi\u00f9 tardi non solo la situazione non \u00e8 cambiata di una virgola, ma non \u00e8 nemmeno mai stato [&hellip;]<\/p>","protected":false},"author":1,"featured_media":0,"comment_status":"open","ping_status":"open","sticky":false,"template":"","format":"standard","meta":{"_crdt_document":"","ngg_post_thumbnail":0,"_jetpack_memberships_contains_paid_content":false,"footnotes":""},"categories":[1],"tags":[],"class_list":["post-87312","post","type-post","status-publish","format-standard","hentry","category-allgemein","entity-freiheitliche","entity-land-sudtirol","entity-landesregierung","entity-staat-italien","entity-staatspolizei","entity-svp","issue-bilinguismo-negato","issue-italianizzazione","location-italy","location-sudtirolo","language-italiano","person-arno-kompatscher","person-paolo-sartori","person-ulli-mair","topic-colonialismi","topic-minderheitenschutz","topic-minorisaziun","topic-plurilinguism","topic-politik","topic-polizei","topic-racism","topic-servicepublic","topic-tech_com","topic-vorzeigeautonomie","topic-zentralismus","topic-zustaendigkeiten"],"jetpack_featured_media_url":"","jetpack_sharing_enabled":true,"_links":{"self":[{"href":"https:\/\/www.brennerbasisdemokratie.eu\/index.php?rest_route=\/wp\/v2\/posts\/87312","targetHints":{"allow":["GET"]}}],"collection":[{"href":"https:\/\/www.brennerbasisdemokratie.eu\/index.php?rest_route=\/wp\/v2\/posts"}],"about":[{"href":"https:\/\/www.brennerbasisdemokratie.eu\/index.php?rest_route=\/wp\/v2\/types\/post"}],"author":[{"embeddable":true,"href":"https:\/\/www.brennerbasisdemokratie.eu\/index.php?rest_route=\/wp\/v2\/users\/1"}],"replies":[{"embeddable":true,"href":"https:\/\/www.brennerbasisdemokratie.eu\/index.php?rest_route=%2Fwp%2Fv2%2Fcomments&post=87312"}],"version-history":[{"count":7,"href":"https:\/\/www.brennerbasisdemokratie.eu\/index.php?rest_route=\/wp\/v2\/posts\/87312\/revisions"}],"predecessor-version":[{"id":88620,"href":"https:\/\/www.brennerbasisdemokratie.eu\/index.php?rest_route=\/wp\/v2\/posts\/87312\/revisions\/88620"}],"wp:attachment":[{"href":"https:\/\/www.brennerbasisdemokratie.eu\/index.php?rest_route=%2Fwp%2Fv2%2Fmedia&parent=87312"}],"wp:term":[{"taxonomy":"category","embeddable":true,"href":"https:\/\/www.brennerbasisdemokratie.eu\/index.php?rest_route=%2Fwp%2Fv2%2Fcategories&post=87312"},{"taxonomy":"post_tag","embeddable":true,"href":"https:\/\/www.brennerbasisdemokratie.eu\/index.php?rest_route=%2Fwp%2Fv2%2Ftags&post=87312"}],"curies":[{"name":"wp","href":"https:\/\/api.w.org\/{rel}","templated":true}]}}