{"id":87370,"date":"2024-08-13T22:10:50","date_gmt":"2024-08-13T20:10:50","guid":{"rendered":"https:\/\/www.brennerbasisdemokratie.eu\/?p=87370"},"modified":"2024-08-21T17:55:45","modified_gmt":"2024-08-21T15:55:45","slug":"nur-1-700-euro-wert","status":"publish","type":"post","link":"https:\/\/www.brennerbasisdemokratie.eu\/?p=87370","title":{"rendered":"Nur 1.700 Euro wert."},"content":{"rendered":"<!-- Snippets by WebberZone Snippetz --><div class=\"ata_snippets\"><hr style=\"height: 20px; border: none; margin-top: 0em; background-color: darkred;\"\/><\/div><p>Das Pflegegeld f\u00fcr meine kranke Mutter wurde \u00fcberwiesen: 1.700 Euro. F\u00fcr drei Monate. Am 17. Juli 2024. Die Mutter kam nicht mehr in den \u00bbGenuss\u00ab dieses Geldes, weil sie vorher verstarb. Am 27. Februar. Wie von den behandelnden \u00c4rzten vermutet und angedeutet.<\/p>\n<p>Sp\u00e4t, aber immerhin. Als Steuerzahler:innen m\u00fcssen wir p\u00fcnktlich zahlen, als Parks\u00fcnder genauso, ebenso bei schnellem Fahren oder anderem Fehlverhalten. Die \u00f6ffentliche Hand handelt ihrerseits irgendwie willk\u00fcrlich, wenig b\u00fcrgerfreundlich.<\/p>\n<p>Trotz ihrer desolaten Herzklappen \u2014 Aussichten auf irgendeine Verbesserung gab es keine \u2014 erhielt sie nur die Pflegestufe eins. Bisschen mehr als 500 Euro monatlich, weil die Selbst\u00e4ndigkeit wegen der kaputten Herzklappen angeblich nur gering beeintr\u00e4chtigt war. Wie kommt eine Expertenkommission, die <a href=\"https:\/\/www.raibz.rai.it\/de\/index.php?media=Pra1604751120\">ber\u00fchmt-ber\u00fcchtigte Invalidenkommission<\/a>&nbsp;<em>(Rai S\u00fcdtirol,<\/em> 2020), zu einer solchen Einsch\u00e4tzung?<\/p>\n<p>Die Fassade ist herausgeputzt, gl\u00e4nzend, alles \u00fcberstrahlend. Innen sind die Schatten hingegen lang und manchmal auch d\u00fcster: S\u00fcdtirols Sozialsystem.<span class=\"Apple-converted-space\">&nbsp;<\/span><\/p>\n<p>\u00bbKollektiv\u00ab gesehen, laut Statistik, steht der S\u00fcdtiroler Sozialstaat gut da. Im Vergleich zum restlichen Italien. Wohl auch deshalb besorgen sich italienische Staatsb\u00fcrger <a href=\"https:\/\/www.rainews.it\/tgr\/tagesschau\/articoli\/2024\/03\/wohnungsnutzung-in-sudtirol-60-prozent-erstwohnsitze---10-prozent-zweitwohnungen-9e5a4837-a1f5-4356-997f-755ed0fee84f.html\">einen Wohnsitz in S\u00fcdtirol<\/a>, um einen Platz in einem Altenheim zu ergattern, wie Landtagsabgeordnete <a href=\"https:\/\/maria-rieder.com\/suedtirol-zieht-nicht-nur-wegen-seiner-schoenen-landschaft-touristen-an-sondern-auch-wegen-seiner-pflegeeinrichtungen\/\">Maria Rieder vom <em>Team K<\/em><\/a> sagt. Das spricht f\u00fcr S\u00fcdtirols Pflegesystem.<\/p>\n<p>Die Einzelf\u00e4lle machen es aber aus und diese ergeben ein anderes Bild. Und Einzelf\u00e4lle gibt es sehr viele. Wie die \u00fcberlangen Wartelisten. Wir haben unsere Mutter bei gleich vier Pflegeheimen angemeldet, Warteplatz 20 und aufw\u00e4rts.<span class=\"Apple-converted-space\">&nbsp;<\/span><\/p>\n<h6>Es ist nicht alles Gold was gl\u00e4nzt<\/h6>\n<p>Es f\u00e4ngt schon damit an, dass nur <a href=\"https:\/\/www.vds-suedtirol.it\/de\/seniorenbetreuung\">4.400 \u00e4ltere Menschen in Pflegeheimen<\/a> betreut werden. Die Senior:innen \u00fcber 65 stellen bereits ein F\u00fcnftel der Bev\u00f6lkerung, satte 100.000 Menschen. Zwei Drittel davon f\u00fchlen sich fit; und was ist mit den restlichen 30.000? Die schwindeln sich durch ihr restliches Leben. Hinzu kommen 45.000 \u2014 von der <a href=\"https:\/\/www.provinz.bz.it\/familie-soziales-gemeinschaft\/behinderungen\/finanzielle-leistungen\/zivilinvaliden-zivilblinde-gehoerlose.asp\">Invalidenkommission<\/a> best\u00e4tigte \u2014 Zivilinvaliden (m\u00f6glicherweise ist die Zahl in Wirklichkeit h\u00f6her). Was passiert mit ihnen im Alter?<span class=\"Apple-converted-space\">&nbsp;<\/span><\/p>\n<p>Derzeit gelten 16.000 Senior:innen als pflegebed\u00fcrftig. Tendenz steigend. Im Jahr 2021 betrug der Anteil der S\u00fcdtiroler:innen mit mindestens einer chronischen Krankheit an der Gesamtbev\u00f6lkerung mehr als 30 Prozent. Ein Drittel, <a href=\"https:\/\/www.rainews.it\/tgr\/tagesschau\/articoli\/2021\/03\/tag-Chronisch-Kranke-Corona-Impfung-f4474e1c-3ea9-48ab-af80-bbbc506e6651.html\">160.000 Personen<\/a>. Ber\u00fccksichtigt man nur die \u00e4ltere Bev\u00f6lkerung (ab 65 Jahren) so leiden 78 Personen von 100 an mindestens einer chronischen Krankheit.<span class=\"Apple-converted-space\">&nbsp;<\/span><\/p>\n<p>Zu diesen chronisch kranken Seniorinnen z\u00e4hlte auch meine Mutter. Kaputte Herzklappen, irreparabel. Ihr Kardiologe teilte mit, dass es nur mehr darum gehen wird, ihr mit Medikamenten das Leben zu \u00bberleichtern\u00ab. Zitat: \u00bbIn der heutigen, hypertechnologischen Medizin haben wir oft die Schwierigkeit, dass Eingriffe zwar technisch machbar sind, aber das Ziel, die Lebensqualit\u00e4t des Patienten zu verbessern verfehlen.\u00ab<\/p>\n<p>\u00bbDie Entscheidung, welche Prozeduren unter diesem Aspekt auch sinnvoll sind, geh\u00f6rt zu den schwierigsten Aufgaben eines Arztes\u00ab, f\u00fcgte der Arzt noch hinzu.<\/p>\n<p>Was dann folgte war ein <a title=\"Ohnm\u00e4chtig. Weil hilflos.\" href=\"https:\/\/www.brennerbasisdemokratie.eu\/?p=84400\">hilfloser und ohnm\u00e4chtiger \u00bbLauf\u00ab<\/a> durch das Gesundheitssystem in den Tod. Die Vorgeschichte ist keinen Deut besser. Meine Mutter \u00fcberstand 2017 einen Herzinfarkt, die behandelnden \u00c4rzte lie\u00dfen uns wissen, dass ihr nur mehr eine begrenzte Lebenszeit zur Verf\u00fcgung steht. Die Herzklappen funktionierten nur mehr bedingt. Und irgendwann dann nicht mehr.<span class=\"Apple-converted-space\">&nbsp;<\/span><\/p>\n<h6>Nix Rollator!<\/h6>\n<p>Als es dann im letzten Jahr, ohne entsprechende Begleitung des Hausarztes, rapide abw\u00e4rts ging, wurde sie im Krankenhaus zwei lange Monate wieder hochgep\u00e4ppelt. Es schien, als ob. Auf Empfehlung des behandelnden Arztes sollte meine Mutter einen Rollator erhalten. Das zust\u00e4ndige Amt winkte ab, \u00bbso geht das nicht\u00ab, war die nicht sehr patientenfreundliche Antwort der Invaliden-B\u00fcrokraten. Um zu einem Rollator zu kommen, ist das Urteil der Invalidenkommission grundlegende Voraussetzung.<span class=\"Apple-converted-space\">&nbsp;<\/span><\/p>\n<p>Ob die Politik davon wei\u00df, wie <a href=\"https:\/\/www.raibz.rai.it\/de\/index.php?media=Pra1604751120\">dem\u00fctigend der Spie\u00dfrutenlauf<\/a> f\u00fcr die Senior:innen vor dieser Kommission ist? Die meisten alten Menschen werden vom <em>Wei\u00dfen Kreuz<\/em> (oder vom <em>Roten Kreuz)<\/em> zur Kommission gebracht, eben weil sie irgendwie mehr oder weniger invalid sind, weil ihre Selbstst\u00e4ndigkeit stark eingeschr\u00e4nkt ist, weil der \u00bbTransport\u00ab professionell abgewickelt werden muss.<span class=\"Apple-converted-space\">&nbsp;<\/span><\/p>\n<p>Die Anh\u00f6rung gleicht eher einem Verh\u00f6r. Die alten Menschen werden zu Bittstellern degradiert, klein gemacht. Und die Betroffenen spielen auch mit. Denn, wer gibt denn schon gerne zu, arm, gebrechlich, hilflos zu sein? Das Sonntagsgeschwafle \u00fcber die Aufbauleistung der Senior:innen, ein Hohn. Haben sich das die alten Leute verdient?<span class=\"Apple-converted-space\">&nbsp;<\/span><\/p>\n<p>Der Fall meiner Mutter ist einer von vielen. Und trotzdem, niemand traut sich aufzubegehren. Aus Angst vor unbequemen Sanktionen? Warum werden alte Menschen vor dieser Kommission zu Bittstellern degradiert?<\/p>\n<h6>Mit Pflegestufe eins in den Tod<\/h6>\n<p>Meine Mutter konnte nach einem zweimonatigen Krankenhausaufenthalt in eine Scheinnormalit\u00e4t zur\u00fcckkehren, weil \u00bbhergerichtet\u00ab. Und dieser Schein reichte dem Team des Landesamtes f\u00fcr Pflegeeinstufung aus, der 86-j\u00e4hrigen alten Frau \u2014 stark abgemagert und nur mehr bedingt gehf\u00e4hig \u2014 nur die Pflegestufe eins zuzuerkennen. Unfassbar, bei kaputten Herzklappen. Pflegegrad eins bedeutet eine \u00bbgeringe Beeintr\u00e4chtigung der Selbstst\u00e4ndigkeit\u00ab.<\/p>\n<p>Es war ein Spie\u00dfrutenlauf f\u00fcr unsere Mutter und f\u00fcr uns Geschwister, den wir hautnah miterlebt haben. Und zwar von der \u00bbAnh\u00f6rung\u00ab vor der Invalidenkommission bis zum Besuch des Pflegeteams, beantragt beim Landesamt f\u00fcr Pflegeeinstufung, zuhause bei der Mutter. Beides h\u00e4ngt, obwohl organisatorisch getrennt, eng zusammen, scheint verzahnt zu sein, oft sind es aber zwei Systeme \u2014 nicht mit- sondern nebeneinander.<\/p>\n<p><a title=\"Ohnm\u00e4chtig. Weil hilflos.\" href=\"https:\/\/www.brennerbasisdemokratie.eu\/?p=84400\">Doch der Reihe nach:<\/a> Im Sommer 2023 w\u00e4re unsere Mutter \u2014 die Herzklappen funktionierten kaum mehr \u2014 beinahe gestorben, die \u00c4rzt:innen im Krankenhaus in Bozen holten sie wieder zur\u00fcck.<span class=\"Apple-converted-space\">&nbsp;<\/span><\/p>\n<p>Nach der Entlassung aus dem Krankenhaus erhielt unsere Mutter eine weiterf\u00fchrende Betreuung in der <em>Bonvicini<\/em>-Klinik, dort wurde sie aufgep\u00e4ppelt und anschlie\u00dfend nach Hause entlassen. Der Sprengel werde ihr zur Seite stehen, so die Auskunft der Klinik.<\/p>\n<p>Das Versprechen der begleitenden Versorgung zuhause konnte nicht eingel\u00f6st werden. Die von den Krankenhaus\u00e4rzten verschriebenen Hilfsmittel konnten nicht besorgt werden, weil die Invalidenkommission noch nicht befunden hatte, ob die dem Tod entkommene und an nicht funktionierenden Herzklappen leidende alte Frau tats\u00e4chlich invalid ist.<span class=\"Apple-converted-space\">&nbsp;<\/span><\/p>\n<h6>Kontrolle statt Hilfe<\/h6>\n<p>\u00dcberraschend schnell wurde unsere Mutter dann vor die <a href=\"https:\/\/www.provinz.bz.it\/familie-soziales-gemeinschaft\/behinderungen\/finanzielle-leistungen\/zivilinvaliden-zivilblinde-gehoerlose.asp\">Kommission<\/a> zitiert, die die \u00bbAnerkennung der Zivilinvalidit\u00e4t\u00ab feststellte. Die die Mutter begleitende Schwester hatte den Eindruck, es geht mehr um Kontrolle als um Hilfe. \u00bbDas Ergebnis der Untersuchung (die Invalidit\u00e4t) wird der Agentur f\u00fcr soziale und wirtschaftliche Entwicklung \u00fcbermittelt, die die Voraussetzungen f\u00fcr die finanziellen Leistungen \u00fcberpr\u00fcft\u00ab, hei\u00dft es auf der <a href=\"https:\/\/civis.bz.it\/de\/dienste\/dienst.html?id=1014340\">entsprechenden Seite<\/a> des B\u00fcrgernetzes.<\/p>\n<p>Die Invalidenkommission, angesiedelt im <a href=\"https:\/\/www.sabes.it\/de\/rechtsmedizin\">Gesundheitsbetrieb<\/a>, kooperiert mit der entsprechenden <a href=\"https:\/\/aswe.provinz.bz.it\/\">Landesagentur<\/a>. Die Invalidit\u00e4t wurde also festgestellt, offen war noch die Unterst\u00fctzung durch das Pflegegeld. Voraussetzung daf\u00fcr: die Einstufung in eine der vier vorgesehenen Pflegestufen samt <a href=\"https:\/\/civis.bz.it\/de\/dienste\/dienst.html?id=1016144\">Pflegegeld<\/a>. Die Schwester deponierte fr\u00fchzeitig beim <a href=\"https:\/\/home.provinz.bz.it\/de\/kontakte\/5738\">Landesamt f\u00fcr Pflegeeinstufung<\/a> die \u00bbPr\u00fcfung\u00ab.<\/p>\n<p>Einige Zeit sp\u00e4ter meldete sich dann das Pflegeeinstufungsteam bei unserer Mutter. Die Zivilinvalidit\u00e4t war gegeben, festgestellt von der Invalidenkommission, das Team vom Amt f\u00fcr Pflegeeinstufung sollte den Grad der Pflege ermitteln.<span class=\"Apple-converted-space\">&nbsp;<\/span><\/p>\n<p>Eigentlich wollte ich mich mit meiner Kritik an diesem Team zur\u00fcckhalten, der Job ist zweifelsohne nicht einfach. Es gibt tausende Zivilinvaliden, deren Pflegegrad ermittelt werden muss.<span class=\"Apple-converted-space\">&nbsp;<\/span><\/p>\n<p>Glaubt man dem Informationsblatt zur Pflegeeinstufung, wird breit gef\u00e4chert abgefragt. Zitat: \u00bbDas Einstufungsteam macht sich ein Bild dar\u00fcber, was die pflegebed\u00fcrftige Person selbst kann und wobei sie Hilfe braucht. Die pflegebed\u00fcrftige Person oder die Pflegeperson wird gebeten, den Tagesablauf zu schildern und eventuell einzelne Verrichtungen vorzuzeigen. Das Einstufungsteam fragt nach dem Hilfebedarf der pflegebed\u00fcrftigen Person in folgenden Bereichen: K\u00f6rperpflege; Essen und Trinken; Hilfe beim Toilettengang; Bewegung und Mobilit\u00e4t; Besch\u00e4ftigung und Tagesgestaltung; Kommunikation und soziale Beziehungen.\u00ab<\/p>\n<p>Wie kommt nun dieses Team dazu, nach der pr\u00e4zisen Pr\u00fcfung, der Mutter nur die Pflegestufe eins zuzuerkennen? Diese sieht einen Pflege- und Betreuungsbedarf von h\u00f6chstens vier Stunden t\u00e4glich vor.<span class=\"Apple-converted-space\">&nbsp;<\/span><\/p>\n<p>Aber schon damals war Fakt, da\u00df ohne Hilfe der <em>\u00bbBadante\u00ab<\/em> keine K\u00f6rperpflege m\u00f6glich war, genauso wenig der Gang zur Toilette und wieder zur\u00fcck, die Bewegung und Mobilit\u00e4t war drastisch eingeschr\u00e4nkt, Kommunikation und soziale Beziehungen waren sp\u00e4rlich, einzig Essen und Trinken am Tisch, eingepackt im Rollstuhl, war m\u00f6glich. Pflegestufe eins?<\/p>\n<p>Ich wiederhole mich, trotzdem, nicht mehr funktionierende Herzklappen schaffen es grad auf die Pflegestufe eins?<span class=\"Apple-converted-space\">&nbsp;<\/span><\/p>\n<p>Die R\u00fcckkehr vom Krankenhaus nach Hause \u00f6ffnete die Spirale nach unten. Von wegen nur eine geringe Beeintr\u00e4chtigung der Selbstst\u00e4ndigkeit. Ohne die tatkr\u00e4ftige Hilfe der ukrainischen Pflegefrau h\u00e4tte meine Mutter nicht den Tag herumgebracht. Selbst\u00e4ndigkeit sieht doch anders aus?<\/p>\n<p>Der Tag war noch schaffbar, irgendwie. Mal auf dem Sofa und dann auf dem Rollstuhl sitzend schaute sie TV und schlief dabei ein. Der Rollator war nicht mehr notwendig, weil sie nicht mehr gehen konnte. Pflegestufe eins?<\/p>\n<h6>\u00bbLeben\u00ab am Lebensende<\/h6>\n<p>Eine Qual war die Nacht, f\u00fcr die Mutter, f\u00fcr die <em>\u00bbBadante\u00ab,<\/em> f\u00fcr meinen Bruder. Mutter \u00bbrandalierte\u00ab, konnte nicht mehr schlafen, wegen des Wassers in der Lunge meinte sie zu ertrinken. Sie n\u00e4sste, musste gewechselt werden, wie ein Baby. Ihr war es oft peinlich, dann sagte sie, das habe sie nicht gewollt. Mit Tr\u00e4nen in den Augen. Das \u00bbLeben\u00ab am Lebensende. Geringe Beeintr\u00e4chtigung?<span class=\"Apple-converted-space\">&nbsp;<\/span><\/p>\n<p>Ich habe mir an jenen Tagen gew\u00fcnscht, dass sich die Invalidenkommission und das Pflegeeinstfungsteam um das Sterbebett meiner Mutter versammelt h\u00e4tten. Die \u00bbgeringe Beeintr\u00e4chtigung\u00ab, festgestellt vom Team, endete nach drei Monaten mit dem Tod.<span class=\"Apple-converted-space\">&nbsp;<\/span><\/p>\n<p>Dazu ein Zitat einer Bekannten, die es einfach zum Sch\u00e4men findet, \u00bbwie unsere alten Leute vorgef\u00fchrt werden\u00ab. Besonders \u00e4rgerlich empfand sie den Besuch der Kommission zur Pflegeeinstufung. \u00bbEinfach erniedrigend und schlimm\u00ab soll die Visite abgelaufen sein. \u00bbUnsere alten Leute haben ihr ganzes Leben lang gebuggelt und jetzt sind sie Bittsteller.\u00ab<span class=\"Apple-converted-space\">&nbsp;<\/span><\/p>\n<p>Invalidenkommission plus Pflegeeinstufungsteam stehen nicht auf der Seite der Senior:innen.<\/p>\n<!-- Snippets by WebberZone Snippetz --><div class=\"ata_snippets\"><hr style=\"height: 10px;border: none;margin-top: 0px;background-color: darkred\" \/>\r\n\r\n<div style=\"background-color: none;padding: 0px;font-size: 14px;font-family: Helvetica,Arial;margin: 10px 0px 0px 0px\"><span style=\"color: darkred\"><strong><small>Autor:innen- und Gastbeitr\u00e4ge widerspiegeln nicht notwendigerweise die Meinung oder die Position von BBD, so wie die jeweiligen Verfasser:innen nicht notwendigerweise die Ziele von BBD unterst\u00fctzen.<\/small><\/strong><small>\u00b7 I contributi esterni non necessariamente riflettono le opinioni o la posizione di BBD, come a loro volta le autrici\/gli autori non necessariamente condividono gli obiettivi di BBD. \u2014 <a href=\"http:\/\/www.brennerbasisdemokratie.eu\/?page_id=11356#copyleft\"><strong>\u00a9<\/strong><\/a><\/small><\/span><\/div><\/div>","protected":false},"excerpt":{"rendered":"<p>Das Pflegegeld f\u00fcr meine kranke Mutter wurde \u00fcberwiesen: 1.700 Euro. F\u00fcr drei Monate. Am 17. Juli 2024. Die Mutter kam nicht mehr in den \u00bbGenuss\u00ab dieses Geldes, weil sie vorher verstarb. Am 27. Februar. Wie von den behandelnden \u00c4rzten vermutet und angedeutet. Sp\u00e4t, aber immerhin. Als Steuerzahler:innen m\u00fcssen wir p\u00fcnktlich zahlen, als Parks\u00fcnder genauso, ebenso [&hellip;]<\/p>","protected":false},"author":14,"featured_media":0,"comment_status":"open","ping_status":"open","sticky":false,"template":"","format":"standard","meta":{"_crdt_document":"","ngg_post_thumbnail":0,"_jetpack_memberships_contains_paid_content":false,"footnotes":""},"categories":[14],"tags":[],"class_list":["post-87370","post","type-post","status-publish","format-standard","hentry","category-autorinnen","entity-land-sudtirol","entity-sabes","issue-zitac","location-sudtirolo","language-deutsch","medium-rai","topic-buerokratismus","topic-gesundheit","topic-servicepublic","topic-soziales","topic-wirtschaft"],"jetpack_featured_media_url":"","jetpack_sharing_enabled":true,"_links":{"self":[{"href":"https:\/\/www.brennerbasisdemokratie.eu\/index.php?rest_route=\/wp\/v2\/posts\/87370","targetHints":{"allow":["GET"]}}],"collection":[{"href":"https:\/\/www.brennerbasisdemokratie.eu\/index.php?rest_route=\/wp\/v2\/posts"}],"about":[{"href":"https:\/\/www.brennerbasisdemokratie.eu\/index.php?rest_route=\/wp\/v2\/types\/post"}],"author":[{"embeddable":true,"href":"https:\/\/www.brennerbasisdemokratie.eu\/index.php?rest_route=\/wp\/v2\/users\/14"}],"replies":[{"embeddable":true,"href":"https:\/\/www.brennerbasisdemokratie.eu\/index.php?rest_route=%2Fwp%2Fv2%2Fcomments&post=87370"}],"version-history":[{"count":6,"href":"https:\/\/www.brennerbasisdemokratie.eu\/index.php?rest_route=\/wp\/v2\/posts\/87370\/revisions"}],"predecessor-version":[{"id":87419,"href":"https:\/\/www.brennerbasisdemokratie.eu\/index.php?rest_route=\/wp\/v2\/posts\/87370\/revisions\/87419"}],"wp:attachment":[{"href":"https:\/\/www.brennerbasisdemokratie.eu\/index.php?rest_route=%2Fwp%2Fv2%2Fmedia&parent=87370"}],"wp:term":[{"taxonomy":"category","embeddable":true,"href":"https:\/\/www.brennerbasisdemokratie.eu\/index.php?rest_route=%2Fwp%2Fv2%2Fcategories&post=87370"},{"taxonomy":"post_tag","embeddable":true,"href":"https:\/\/www.brennerbasisdemokratie.eu\/index.php?rest_route=%2Fwp%2Fv2%2Ftags&post=87370"}],"curies":[{"name":"wp","href":"https:\/\/api.w.org\/{rel}","templated":true}]}}