{"id":87448,"date":"2024-08-19T19:36:15","date_gmt":"2024-08-19T17:36:15","guid":{"rendered":"https:\/\/www.brennerbasisdemokratie.eu\/?p=87448"},"modified":"2026-04-05T19:44:53","modified_gmt":"2026-04-05T17:44:53","slug":"die-dialekt-intoleranz","status":"publish","type":"post","link":"https:\/\/www.brennerbasisdemokratie.eu\/?p=87448","title":{"rendered":"Die Dialekt-Intoleranz."},"content":{"rendered":"<p>In den k\u00fcrzlich vom Landesstatistikinstitut (ASTAT) ver\u00f6ffentlichten Daten \u00fcber Sprachkenntnisse und Sprachgebrauch (<a title=\"Astat-Info 34\/2024.\" href=\"https:\/\/www.brennerbasisdemokratie.eu\/wp-content\/uploads\/2024\/08\/astat-info_34-24.pdf\">ASTAT-Info 34\/2024<\/a>) befinden sich auch Angaben zu den in S\u00fcdtirol gesprochenen Dialekten.<\/p>\n<p>Wenn es um die Einstellung zu den Dialekten der anderen Sprachgruppen geht, sticht dabei die relativ negative Haltung der Italienischsprachigen hervor:<\/p>\n<blockquote><p><img loading=\"lazy\" decoding=\"async\" class=\"size-full wp-image-87454 aligncenter\" src=\"https:\/\/www.brennerbasisdemokratie.eu\/wp-content\/uploads\/2024\/08\/dialekt-intoleranz_14-24.png\" alt=\"\" width=\"1000\" height=\"521\" srcset=\"https:\/\/www.brennerbasisdemokratie.eu\/wp-content\/uploads\/2024\/08\/dialekt-intoleranz_14-24.png 1000w, https:\/\/www.brennerbasisdemokratie.eu\/wp-content\/uploads\/2024\/08\/dialekt-intoleranz_14-24-768x400.png 768w\" sizes=\"auto, (max-width: 1000px) 100vw, 1000px\" \/><\/p><\/blockquote>\n<p>Gut ein Drittel (36 Prozent) derer, die Italienisch als ihre Muttersprache bezeichnen, st\u00f6rt es, wenn Personen anderer Muttersprache in ihrer Anwesenheit \u2014 also noch nicht einmal unbedingt <em>mit<\/em> ihnen \u2014 Dialekt sprechen. Das sind deutlich mehr als unter den Deutschsprachigen, von denen \u00bbnur\u00ab ein Viertel (25 Prozent) Probleme mit dem Dialekt der anderen haben.<\/p>\n<p>Die Haltung der Italienischsprachigen ist zudem im Vergleich zu vor zehn Jahren, als die Einstellung zum Dialekt im Rahmen des Sprachbarometers erhoben wurde, unver\u00e4ndert geblieben. Im gleichen Zeitraum hat unter den Deutschsprachigen die ablehnende Haltung gegen\u00fcber dem Dialekt der anderen von 29 auf 25 Prozent abgenommen.<\/p>\n<p>Der Befund ist aus zwei Gr\u00fcnden erstaunlich:<\/p>\n<ul>\n<li>Erstens, weil es sich bei den deutschen und ladinischen um autochthone Dialekte handelt, w\u00e4hrend es keine autochthonen italienischen Dialekte gibt. Man k\u00f6nnte also vermuten, dass die Deutschsprachigen italienische Dialekte eher ablehnen w\u00fcrden, weil sie sie nicht so gewohnt sind bzw. weil es keinen einheitlichen Dialekt gibt, in dem die italienischen Mitb\u00fcrgerinnen sprechen und den sich die Deutschsprachigen (auch nur passiv) aneignen k\u00f6nnten.<\/li>\n<li>Zweitens, weil die ganz gro\u00dfe Mehrheit der Deutschsprachigen im Alltag \u00fcberwiegend Dialekt spricht \u2014 und zwar je nach Situation zwischen 75 Prozent (mit Arbeitskolleginnen) und 96 Prozent (mit den Geschwistern), w\u00e4hrend nur zwischen 2 Prozent (in verschiedenen famili\u00e4ren Situationen) und 5 Prozent (mit Arbeitskolleginnen) der Befragten angeben, vorwiegend in der deutschen Standardsprache zu kommunizieren.<\/li>\n<\/ul>\n<p>Wenn \u00fcber ein Drittel der Italienischsprachigen den Dialekt der anderen ablehnt, betrifft das die in S\u00fcdtirol weit \u00fcberwiegend gesprochene Sprachvariet\u00e4t. F\u00fcr das Zusammenleben ist diese Form der Intoleranz, die zudem \u00fcber die Jahre gleich geblieben ist, keine gute Nachricht.<\/p>\n<p><strong><span style=\"font-family: Helvetica, Arial, sans-serif; text-transform: uppercase;\">C\u00ebla enghe:<\/span><\/strong> <a title=\"Deutsch als Verst\u00e4ndigungssprache schwindet.\" href=\"https:\/\/www.brennerbasisdemokratie.eu\/?p=87395\"><code>01<\/code><\/a> <span style=\"font-family: Helvetica, Arial, sans-serif; font-weight: normal;\">|<\/span> <a title=\"Dialekt im Zweitsprachunterricht.\" href=\"https:\/\/www.brennerbasisdemokratie.eu\/?p=54649\"><code>02<\/code><\/a> <a title=\"Die eine Standardsprache ist ein Mythos.\" href=\"https:\/\/www.brennerbasisdemokratie.eu\/?p=75558\"><code>03<\/code><\/a> <a title=\"Vietato sputare e parlare dialetto.\" href=\"https:\/\/www.brennerbasisdemokratie.eu\/?p=50076\"><code>04<\/code><\/a> <a title=\"Lieber Italienisch als Standarddeutsch?\" href=\"https:\/\/www.brennerbasisdemokratie.eu\/?p=80698\"><code>05<\/code><\/a> <a title=\"Sprachkolonialismus und linguistische Unsicherheit.\" href=\"https:\/\/www.brennerbasisdemokratie.eu\/?p=61390\"><code>06<\/code><\/a> <a title=\"Sprachlicher Echoraum.\" href=\"https:\/\/www.brennerbasisdemokratie.eu\/?p=50012\"><code>07<\/code><\/a> <a title=\"Mehr Mut zum eigenen Dialekt.\" href=\"https:\/\/www.brennerbasisdemokratie.eu\/?p=14251\"><code>08<\/code><\/a> <span style=\"font-family: Helvetica, Arial, sans-serif; font-weight: normal;\">||<\/span> <a title=\"Zweitsprachkenntnisse nach Sprachgruppe.\" href=\"https:\/\/www.brennerbasisdemokratie.eu\/?p=87760\"><span style=\"color: #ff8c00\"><code>01<\/code><\/span><\/a> <a title=\"Erstsprachkenntnisse nach Sprachgruppe.\" href=\"https:\/\/www.brennerbasisdemokratie.eu\/?p=88373\"><span style=\"color: #ff8c00\"><code>02<\/code><\/span><\/a> <a title=\"Sprache entkolonialisieren!\" href=\"https:\/\/www.brennerbasisdemokratie.eu\/?p=90140\"><span style=\"color: #ff8c00\"><code>03<\/code><\/span><\/a> <a title=\"Moretti f\u00fcr (deutsche) Sprachvielfalt.\" href=\"https:\/\/www.brennerbasisdemokratie.eu\/?p=94241\"><span style=\"color: #ff8c00\"><code>04<\/code><\/span><\/a> <a title=\"Standarddeutsch wird wichtiger.\" href=\"https:\/\/www.brennerbasisdemokratie.eu\/?p=96316\"><span style=\"color: #ff8c00\"><code>05<\/code><\/span><\/a> <a title=\"Christian Bianchi gegen den Dialekt.\" href=\"https:\/\/www.brennerbasisdemokratie.eu\/?p=98445\"><span style=\"color: #ff8c00\"><code>06<\/code><\/span><\/a> <a title=\"LLMs diskriminieren deutsche Dialektsprecherinnen.\" href=\"https:\/\/www.brennerbasisdemokratie.eu\/?p=98591\"><span style=\"color: #ff8c00\"><code>07<\/code><\/span><\/a><\/p>","protected":false},"excerpt":{"rendered":"<p>In den k\u00fcrzlich vom Landesstatistikinstitut (ASTAT) ver\u00f6ffentlichten Daten \u00fcber Sprachkenntnisse und Sprachgebrauch (ASTAT-Info 34\/2024) befinden sich auch Angaben zu den in S\u00fcdtirol gesprochenen Dialekten. Wenn es um die Einstellung zu den Dialekten der anderen Sprachgruppen geht, sticht dabei die relativ negative Haltung der Italienischsprachigen hervor: Gut ein Drittel (36 Prozent) derer, die Italienisch als ihre [&hellip;]<\/p>","protected":false},"author":1,"featured_media":0,"comment_status":"open","ping_status":"open","sticky":false,"template":"","format":"standard","meta":{"_crdt_document":"","ngg_post_thumbnail":0,"_jetpack_memberships_contains_paid_content":false,"footnotes":""},"categories":[1],"tags":[],"class_list":["post-87448","post","type-post","status-publish","format-standard","hentry","category-allgemein","entity-astat","issue-sprachbarometer","location-sudtirolo","language-deutsch","topic-arbeit","topic-dialekt","topic-discriminaziun","topic-kohasion","topic-plurilinguism","topic-statistik"],"jetpack_featured_media_url":"","jetpack_sharing_enabled":true,"_links":{"self":[{"href":"https:\/\/www.brennerbasisdemokratie.eu\/index.php?rest_route=\/wp\/v2\/posts\/87448","targetHints":{"allow":["GET"]}}],"collection":[{"href":"https:\/\/www.brennerbasisdemokratie.eu\/index.php?rest_route=\/wp\/v2\/posts"}],"about":[{"href":"https:\/\/www.brennerbasisdemokratie.eu\/index.php?rest_route=\/wp\/v2\/types\/post"}],"author":[{"embeddable":true,"href":"https:\/\/www.brennerbasisdemokratie.eu\/index.php?rest_route=\/wp\/v2\/users\/1"}],"replies":[{"embeddable":true,"href":"https:\/\/www.brennerbasisdemokratie.eu\/index.php?rest_route=%2Fwp%2Fv2%2Fcomments&post=87448"}],"version-history":[{"count":15,"href":"https:\/\/www.brennerbasisdemokratie.eu\/index.php?rest_route=\/wp\/v2\/posts\/87448\/revisions"}],"predecessor-version":[{"id":98599,"href":"https:\/\/www.brennerbasisdemokratie.eu\/index.php?rest_route=\/wp\/v2\/posts\/87448\/revisions\/98599"}],"wp:attachment":[{"href":"https:\/\/www.brennerbasisdemokratie.eu\/index.php?rest_route=%2Fwp%2Fv2%2Fmedia&parent=87448"}],"wp:term":[{"taxonomy":"category","embeddable":true,"href":"https:\/\/www.brennerbasisdemokratie.eu\/index.php?rest_route=%2Fwp%2Fv2%2Fcategories&post=87448"},{"taxonomy":"post_tag","embeddable":true,"href":"https:\/\/www.brennerbasisdemokratie.eu\/index.php?rest_route=%2Fwp%2Fv2%2Ftags&post=87448"}],"curies":[{"name":"wp","href":"https:\/\/api.w.org\/{rel}","templated":true}]}}