{"id":87886,"date":"2024-09-03T22:09:03","date_gmt":"2024-09-03T20:09:03","guid":{"rendered":"https:\/\/www.brennerbasisdemokratie.eu\/?p=87886"},"modified":"2025-06-06T22:30:03","modified_gmt":"2025-06-06T20:30:03","slug":"bollettino-ufficiale-plurilingue","status":"publish","type":"post","link":"https:\/\/www.brennerbasisdemokratie.eu\/?p=87886","title":{"rendered":"Bollettino ufficiale plurilingue."},"content":{"rendered":"<p>Il governo spagnolo verser\u00e0 fino a un massimo di 273.000 euro ogni anno all&#8217;amministrazione catalana perch\u00e9 questa si incarichi di far tradurre in catalano normative statali, che successivamente verranno pubblicate sul <em>Bolet\u00edn Oficial del Estado<\/em> (BOE), l&#8217;equivalente della <em>Gazzetta ufficiale<\/em> in Italia o del <em>Foglio federale<\/em> svizzero. Questo \u00e8 quanto prevede un apposito accordo siglato tra i governi spagnolo e catalano nel novembre scorso e appena entrato in vigore.<\/p>\n<p>Non \u00e8 comunque la prima volta che leggi statali vengono pubblicate sul BOE in una lingua cosiddetta coofficiale: in base a un precedente accordo, prorogato varie volte, il catalano per esempio era gi\u00e0 presente dal 1998 al 2021 sotto forma di apposito supplemento \u2014 contenente anche decreti ministeriali e sentenze della Corte costituzionale \u2014 e ora vi ritorna dopo una pausa di pochi anni. Analoghi supplementi esistono anche in lingua galiciana e in lingua basca.<\/p>\n<p>La <em>Gazzetta ufficiale<\/em> italiana invece non pubblica testi in lingue minoritarie, diversamente dal Bollettino ufficiale del Trentino e del Sudtirolo, che rende note le norme sia in tedesco che, a volte, in ladino, anche se in caso di interpretazioni prevale sempre il testo in lingua italiana.<\/p>\n<p>Sarebbe comunque interessante sapere se lo stato italiano paga il Sudtirolo per i servizi di traduzione che sovente svolge per le amministrazioni centrali, seppur non, appunto, per la traduzione di leggi e norme da pubblicare in <em>Gazzetta.<\/em> Personalmente ne dubito.<\/p>\n<p>Pochi mesi fa <a title=\"Plurilinguizzato il Congresso spagnolo.\" href=\"https:\/\/www.brennerbasisdemokratie.eu\/?p=80100\">era stato plurilinguizzato anche il Congresso spagnolo<\/a> e il governo centrale si \u00e8 impegnato a portare il basco, il catalano e il galiciano <a title=\"EU: Spanien beantragte Anerkennung von Baskisch, Galicisch und Katalanisch.\" href=\"https:\/\/www.brennerbasisdemokratie.eu\/?p=80240\">anche al Parlamento europeo.<\/a><\/p>\n<p><strong><span style=\"font-family: Helvetica, Arial, sans-serif; text-transform: uppercase;\">C\u00ebla enghe:<\/span><\/strong> <a title=\"In Spagna Bonus culturale plurilingue.\" href=\"https:\/\/www.brennerbasisdemokratie.eu\/?p=74321\"><code>01<\/code><\/a> <a title=\"S\u00e1nchez\u2019 Gl\u00fcckwunsch.\" href=\"https:\/\/www.brennerbasisdemokratie.eu\/?p=87652\"><code>02<\/code><\/a> <a title=\"Spanien ist mehrsprachig, auch bei der Digitalisierung.\" href=\"https:\/\/www.brennerbasisdemokratie.eu\/?p=81093\"><code>03<\/code><\/a> <a title=\"Anche l\u2019occitano al Congresso spagnolo.\" href=\"https:\/\/www.brennerbasisdemokratie.eu\/?p=80907\"><code>04<\/code><\/a> <a title=\"Warum ein mehrsprachiges Parlament wichtig ist.\" href=\"https:\/\/www.brennerbasisdemokratie.eu\/?p=80495\"><code>05<\/code><\/a> <span style=\"font-family: Helvetica, Arial, sans-serif; font-weight: normal;\">||<\/span> <a title=\"In Spagna i tribunali diventano plurilingui.\" href=\"https:\/\/www.brennerbasisdemokratie.eu\/?p=89188\"><span style=\"color: #ff8c00\"><code>01<\/code><\/span><\/a> <a title=\"Mehrsprachiger spanischer Kongress macht n\u00e4chsten Schritt.\" href=\"https:\/\/www.brennerbasisdemokratie.eu\/?p=90182\"><span style=\"color: #ff8c00\"><code>02<\/code><\/span><\/a> <a title=\"La Spagna ha reso plurilingue la Conferenza dei presidenti regionali.\" href=\"https:\/\/www.brennerbasisdemokratie.eu\/?p=92663\"><span style=\"color: #ff8c00\"><code>03<\/code><\/span><\/a><\/p>","protected":false},"excerpt":{"rendered":"<p>Il governo spagnolo verser\u00e0 fino a un massimo di 273.000 euro ogni anno all&#8217;amministrazione catalana perch\u00e9 questa si incarichi di far tradurre in catalano normative statali, che successivamente verranno pubblicate sul Bolet\u00edn Oficial del Estado (BOE), l&#8217;equivalente della Gazzetta ufficiale in Italia o del Foglio federale svizzero. Questo \u00e8 quanto prevede un apposito accordo siglato [&hellip;]<\/p>","protected":false},"author":1,"featured_media":0,"comment_status":"open","ping_status":"open","sticky":false,"template":"","format":"standard","meta":{"_crdt_document":"","ngg_post_thumbnail":0,"_jetpack_memberships_contains_paid_content":false,"footnotes":""},"categories":[1],"tags":[],"class_list":["post-87886","post","type-post","status-publish","format-standard","hentry","category-allgemein","entity-eu-parlament","entity-gencat","entity-region-sudtirol-trentino","entity-staat-italien","issue-good-news","location-catalunya","location-italy","location-spania","location-sudtirolo","location-trentino","language-italiano","topic-comparatio","topic-minderheitenschutz","topic-plurilinguism","topic-recht","topic-sprachpolitik"],"jetpack_featured_media_url":"","jetpack_sharing_enabled":true,"_links":{"self":[{"href":"https:\/\/www.brennerbasisdemokratie.eu\/index.php?rest_route=\/wp\/v2\/posts\/87886","targetHints":{"allow":["GET"]}}],"collection":[{"href":"https:\/\/www.brennerbasisdemokratie.eu\/index.php?rest_route=\/wp\/v2\/posts"}],"about":[{"href":"https:\/\/www.brennerbasisdemokratie.eu\/index.php?rest_route=\/wp\/v2\/types\/post"}],"author":[{"embeddable":true,"href":"https:\/\/www.brennerbasisdemokratie.eu\/index.php?rest_route=\/wp\/v2\/users\/1"}],"replies":[{"embeddable":true,"href":"https:\/\/www.brennerbasisdemokratie.eu\/index.php?rest_route=%2Fwp%2Fv2%2Fcomments&post=87886"}],"version-history":[{"count":5,"href":"https:\/\/www.brennerbasisdemokratie.eu\/index.php?rest_route=\/wp\/v2\/posts\/87886\/revisions"}],"predecessor-version":[{"id":92674,"href":"https:\/\/www.brennerbasisdemokratie.eu\/index.php?rest_route=\/wp\/v2\/posts\/87886\/revisions\/92674"}],"wp:attachment":[{"href":"https:\/\/www.brennerbasisdemokratie.eu\/index.php?rest_route=%2Fwp%2Fv2%2Fmedia&parent=87886"}],"wp:term":[{"taxonomy":"category","embeddable":true,"href":"https:\/\/www.brennerbasisdemokratie.eu\/index.php?rest_route=%2Fwp%2Fv2%2Fcategories&post=87886"},{"taxonomy":"post_tag","embeddable":true,"href":"https:\/\/www.brennerbasisdemokratie.eu\/index.php?rest_route=%2Fwp%2Fv2%2Ftags&post=87886"}],"curies":[{"name":"wp","href":"https:\/\/api.w.org\/{rel}","templated":true}]}}