{"id":87888,"date":"2024-09-04T20:17:36","date_gmt":"2024-09-04T18:17:36","guid":{"rendered":"https:\/\/www.brennerbasisdemokratie.eu\/?p=87888"},"modified":"2026-04-23T16:46:16","modified_gmt":"2026-04-23T14:46:16","slug":"viel-meinung-wenig-fakten","status":"publish","type":"post","link":"https:\/\/www.brennerbasisdemokratie.eu\/?p=87888","title":{"rendered":"Viel Meinung, wenig Fakten."},"content":{"rendered":"<p>Fabio Gobbato, seines Zeichens Chefredakteur von <em>Salto<\/em> und Verfasser von stets dramatisch formulierten Texten zur Schulsituation in S\u00fcdtirol, hat gestern auf <em>Facebook<\/em> folgenden \u00f6ffentlichen Kommentar hinterlassen:<\/p>\n<blockquote><p>Also sind Achammer und Kompatscher, die du sonst anhimmelst, gef\u00e4hrliche maoistische Langerianer? Und dann, Entschuldigung, aber wie lange sollte dieses Willkommen dauern? Nach wie viel Zeit kommen die Kinder in die normalen Klassen? Wenn mir nichts entgangen ist, scheint mir nicht, dass die Direktorin der Goethe[schule] von einer \u00dcbergangsl\u00f6sung gesprochen hatte. In jedem Fall sind die Kinder mit Migrationshintergrund in der italienischen Schule 3,5 Mal so zahlreich wie in der deutschen Schule.<\/p>\n<p><em><small>\u2013 Fabio Gobbato<\/small><\/em><\/p><\/blockquote>\n<details>\n<summary><em><small>\u00dcbersetzung von mir (<span style=\"text-decoration: underline;\">Original anzeigen<\/span>)<\/small><\/em><\/summary>\n<p style=\"padding-left: 40px;\">E quindi Achammer e Kompatscher, che solitamente adori sono dei pericolosi langeriani maoisti? E poi, scusa, il Willkommen quanto dovrebbe durare? Dopo quanto tempo i bimbi entrano nelle classi normali? La dirigente della Goethe, se non mi \u00e8 sfuggito, non mi pareva avesse parlato di una soluzione transitoria. Ad ogni modo i bimbi con background migratorio nella scuola in lingua italiana sono 3,5 volte pi\u00f9 numerosi rispetto alla scuola tedesca.<\/p>\n<p style=\"padding-left: 40px;\"><em><small>\u2013 Fabio Gobbato<\/small><\/em><\/p>\n<\/details>\n<p>Der Kontext f\u00fcr die Stellungnahme ist ein Posting von Alberto Stenico, in dem auf die (angeblich gut funktionierenden) Willkommensklassen in der Schweiz hingewiesen wird.<\/p>\n<p>Die Stellungnahme von Gobbato offenbart in wenigen S\u00e4tzen auf so vielen Ebenen Unglaubliches:<\/p>\n<ul>\n<li>Er ist vor Tagen (<a title=\"Das ist Hetze, keine Kritik.\" href=\"https:\/\/www.brennerbasisdemokratie.eu\/?p=77489\">nicht zum ersten Mal<\/a>) mit aggressivem Vokabular in die Diskussion eingestiegen, obwohl ihm offenbar wesentliche Fakten unbekannt waren: zum Beispiel, ob <a title=\"Die \u2018Sonderklasse\u2019 der Goetheschule.\" href=\"https:\/\/www.brennerbasisdemokratie.eu\/?p=87810\">die umstrittene \u00bbSonderklasse\u00ab<\/a> f\u00fcr Sch\u00fclerinnen mit geringeren Deutschkenntnissen eine permanente oder eine befristete L\u00f6sung und gegebenenfalls f\u00fcr welchen Zeitraum sie vorgesehen gewesen w\u00e4re.<\/li>\n<li>Es ist ihm noch nicht einmal bewusst, dass es nicht <em>per se<\/em> um Kinder mit Migrationsgeschichte geht, sondern auch um Italienischsprachige.<\/li>\n<li>Er vergleicht den Anteil Sch\u00fclerinnen mit Migrationshintergrund (um die es wie gesagt nicht oder nicht ausschlie\u00dflich, vielleicht noch nicht einmal vorwiegend geht) an italienischen und deutschen Schulen, ohne zu ber\u00fccksichtigen, dass die Schule einer nationalen Minderheit ganz anderen Dynamiken unterliegt (vgl. <a title=\"Kolipsi: Die Outgroup-Kontakte.\" href=\"https:\/\/www.brennerbasisdemokratie.eu\/?p=74013\"><code>01<\/code><\/a> <a title=\"Mehrsprachigkeit von Minderheiten und Sprachverlust.\" href=\"https:\/\/www.brennerbasisdemokratie.eu\/?p=87781\"><code>02<\/code><\/a> <a title=\"Wenn Sprachen im Wettbewerb stehen.\" href=\"https:\/\/www.brennerbasisdemokratie.eu\/?p=83082\"><code>03<\/code><\/a>) als die Schule der Mehrheit. (Dabei verwechselt er \u00fcbrigens zus\u00e4tzlich Anzahl mit Anteil, was aber weiter keine gro\u00dfe Rolle spielt.)<\/li>\n<li>Zudem bezieht er sich auf den <em>durchschnittlichen<\/em> Anteil an Sch\u00fclerinnen mit Migrationsgeschichte (um die es \u2014 ich wiederhole mich \u2014 gar nicht ausschlie\u00dflich geht) an deutschen und italienischen Schulen, ohne zu ber\u00fccksichtigen, dass es sich bei der Goetheschule um eine <em>ganz bestimmte<\/em> Schule in einem <em>ganz bestimmten<\/em> Kontext handelt, deren Schulbev\u00f6lkerung sich mit an Sicherheit grenzender Wahrscheinlichkeit massiv vom Durchschnitt der deutschen Schulen unterscheidet. Die Klassenzuordnung von Sch\u00fclerinnen nach Sprachkenntnissen ist ja nichts, was h\u00e4tte landesweit eingef\u00fchrt werden sollen, sondern nur an dieser einen Schule.<\/li>\n<\/ul>\n<p>Wie wir inzwischen wissen, wird es die sogenannte Sonderklasse an der Goetheschule nicht geben, weil der zust\u00e4ndige Landesrat und das Schulamt die Handbremse gezogen haben. Vermutlich ist es besser so. Dass allerdings der <em>Salto<\/em>-Chefredakteur mit derart schrillen T\u00f6nen in die Diskussion eingestiegen ist, ohne sich \u00fcber die Tatsachen sicher zu sein und ohne sehr grundlegende Fakten zu ber\u00fccksichtigen, ist \u2014 freundlich formuliert \u2014 dennoch bedauerlich. Einer gediegenen, l\u00f6sungsorientierten Diskussion ist solches Verhalten nicht zutr\u00e4glich.<\/p>\n<p><strong><span style=\"font-family: Helvetica, Arial, sans-serif; text-transform: uppercase;\">C\u00ebla enghe:<\/span><\/strong> <a title=\"La negazione del rischio di assimilazione.\" href=\"https:\/\/www.brennerbasisdemokratie.eu\/?p=87832\"><code>01<\/code><\/a> <a title=\"Schlechte Invalsi-Ergebnisse wegen Deutsch?\" href=\"https:\/\/www.brennerbasisdemokratie.eu\/?p=86893\"><code>02<\/code><\/a> <span style=\"font-family: Helvetica, Arial, sans-serif; font-weight: normal;\">||<\/span> <a title=\"Schule: Das mit der Chancengerechtigkeit.\" href=\"https:\/\/www.brennerbasisdemokratie.eu\/?p=87933\"><span style=\"color: #ff8c00\"><code>01<\/code><\/span><\/a> <a href=\"https:\/\/www.brennerbasisdemokratie.eu\/?p=87921\" title=\"Sch\u00fclerinnen vor dem Ideologiekarren.\"><span style=\"color: #ff8c00\"><code>02<\/code><\/span><\/a><\/p>","protected":false},"excerpt":{"rendered":"<p>Fabio Gobbato, seines Zeichens Chefredakteur von Salto und Verfasser von stets dramatisch formulierten Texten zur Schulsituation in S\u00fcdtirol, hat gestern auf Facebook folgenden \u00f6ffentlichen Kommentar hinterlassen: Also sind Achammer und Kompatscher, die du sonst anhimmelst, gef\u00e4hrliche maoistische Langerianer? Und dann, Entschuldigung, aber wie lange sollte dieses Willkommen dauern? Nach wie viel Zeit kommen die Kinder [&hellip;]<\/p>","protected":false},"author":1,"featured_media":0,"comment_status":"open","ping_status":"open","sticky":false,"template":"","format":"standard","meta":{"_crdt_document":"","ngg_post_thumbnail":0,"_jetpack_memberships_contains_paid_content":false,"footnotes":""},"categories":[1],"tags":[],"class_list":["post-87888","post","type-post","status-publish","format-standard","hentry","category-allgemein","entity-land-sudtirol","issue-medienkritik","issue-zitac","location-sudtirolo","location-svizra","language-deutsch","medium-salto","medium-socialmedia","person-arno-kompatscher","person-fabio-gobbato","person-philipp-achammer","topic-kohasion","topic-medien","topic-migraziun","topic-minderheitenschutz","topic-plurilinguism","topic-politik","topic-scola"],"jetpack_featured_media_url":"","jetpack_sharing_enabled":true,"_links":{"self":[{"href":"https:\/\/www.brennerbasisdemokratie.eu\/index.php?rest_route=\/wp\/v2\/posts\/87888","targetHints":{"allow":["GET"]}}],"collection":[{"href":"https:\/\/www.brennerbasisdemokratie.eu\/index.php?rest_route=\/wp\/v2\/posts"}],"about":[{"href":"https:\/\/www.brennerbasisdemokratie.eu\/index.php?rest_route=\/wp\/v2\/types\/post"}],"author":[{"embeddable":true,"href":"https:\/\/www.brennerbasisdemokratie.eu\/index.php?rest_route=\/wp\/v2\/users\/1"}],"replies":[{"embeddable":true,"href":"https:\/\/www.brennerbasisdemokratie.eu\/index.php?rest_route=%2Fwp%2Fv2%2Fcomments&post=87888"}],"version-history":[{"count":11,"href":"https:\/\/www.brennerbasisdemokratie.eu\/index.php?rest_route=\/wp\/v2\/posts\/87888\/revisions"}],"predecessor-version":[{"id":87991,"href":"https:\/\/www.brennerbasisdemokratie.eu\/index.php?rest_route=\/wp\/v2\/posts\/87888\/revisions\/87991"}],"wp:attachment":[{"href":"https:\/\/www.brennerbasisdemokratie.eu\/index.php?rest_route=%2Fwp%2Fv2%2Fmedia&parent=87888"}],"wp:term":[{"taxonomy":"category","embeddable":true,"href":"https:\/\/www.brennerbasisdemokratie.eu\/index.php?rest_route=%2Fwp%2Fv2%2Fcategories&post=87888"},{"taxonomy":"post_tag","embeddable":true,"href":"https:\/\/www.brennerbasisdemokratie.eu\/index.php?rest_route=%2Fwp%2Fv2%2Ftags&post=87888"}],"curies":[{"name":"wp","href":"https:\/\/api.w.org\/{rel}","templated":true}]}}