{"id":8814,"date":"2011-09-03T11:09:00","date_gmt":"2011-09-03T09:09:00","guid":{"rendered":"http:\/\/www.brennerbasisdemokratie.eu\/?p=8814"},"modified":"2024-04-25T12:19:42","modified_gmt":"2024-04-25T10:19:42","slug":"aufbruch-zur-vollautonomie","status":"publish","type":"post","link":"https:\/\/www.brennerbasisdemokratie.eu\/?p=8814","title":{"rendered":"Aufbruch zur Vollautonomie?"},"content":{"rendered":"<!-- Snippets by WebberZone Snippetz --><div class=\"ata_snippets\"><hr style=\"height: 20px; border: none; margin-top: 0em; background-color: darkred;\"\/><\/div><p>Das Strategiepapier des <abbr title=\"S\u00fcdtiroler Volkspartei\">SVP<\/abbr>-Obmanns zur Vollautonomie war eigentlich \u00fcberf\u00e4llig. Zwischen punktuellen Forderungen einzelner Gruppen, wie etwa nach Steuerhoheit und Landespolizei, zwischen dem Stillstand bei den Verhandlungen in den 137er-Kommissionen einerseits und den Selbstbestimmungs- und Freistaatsentw\u00fcrfen andererseits fehlte der unverzichtbare Gesamtentwurf zur Vervollst\u00e4ndigung der bestehenden Autonomie. Den hat Richard Theiner mit seinem Strategiepapier zwar noch nicht geliefert, aber zumindest steckt er damit einen viel versprechenden Weg ab, den auch andere Regionalautonomien in Europa gehen: die stufenweise Erweiterung der politischen Eigenst\u00e4ndigkeit und Verbesserung der Autonomie. Diesen Weg haben etwa die \u00c5landinseln vorgezeichnet (Reform des Autonomiestatuts 1991), Katalonien mit dem neuen Statut von 2006, Gr\u00f6nland (neues Statut in Kraft seit 2010), w\u00e4hrend die Bem\u00fchungen zum Ausbau der Autonomie in Schottland in vollem Gange sind. Wie Staatsverfassungen nicht f\u00fcr die Ewigkeit gemacht werden, m\u00fcssen auch Autonomiestatute von zu Zeit den neuen Entwicklungen regionaler Demokratien und Gesellschaften angepasst werden. Die Entwicklung der S\u00fcdtirol-Autonomie ist noch lange nicht am Endpunkt. Dazu kommen die starken Tendenzen in Richtung F\u00f6deralismus in der italienischen Politik, die in dieselbe Richtung wie Theiners \u201cVollautonomie\u201d gehen. In manchen Aspekten gehen Theiners Vorstellungen allerdings nicht weit genug, andererseits muss ein Prozess zur \u00dcbertragung weiterer Machtbefugnisse ans Land notwendigerweise begleitet werden durch neue Regeln zur feineren und demokratischeren Verteilung und Kontrolle der Macht innerhalb der Autonomie.<\/p>\n<p>Ganz so neu ist das Projekt \u201cVollautonomie\u201d auch nicht. Schon die V\u00e4ter der Paket-Autonomie schrieben am 22. November 1969 in die Resolution zur Annahme des Paketes hinein, dass man sich aufgrund der geschichtlichen Umst\u00e4nde mit einer Teilautonomie zufrieden geben m\u00fcsse, und 1991 verlangten Peterlini und Pahl einen Qualit\u00e4tssprung in der Autonomieentwicklung. Wichtig ist jedenfalls, dass Richard Theiner die Diskussion und Reflexion dar\u00fcber auf breiter Basis und in offener Diskussion angesto\u00dfen hat und diesen neuen Horizont zum Teil seines politischen Programms macht.<\/p>\n<p><strong><span style=\"font-family: Helvetica, Arial, sans-serif; text-transform: uppercase;\">C\u00ebla enghe:<\/span><\/strong> <a title=\"L\u2019autonomia \u00e8 migliorabile?\" href=\"http:\/\/www.brennerbasisdemokratie.eu\/?p=3550\"><code>01<\/code><\/a><\/p>\n<!-- Snippets by WebberZone Snippetz --><div class=\"ata_snippets\"><hr style=\"height: 10px;border: none;margin-top: 0px;background-color: darkred\" \/>\r\n\r\n<div style=\"background-color: none;padding: 0px;font-size: 14px;font-family: Helvetica,Arial;margin: 10px 0px 0px 0px\"><span style=\"color: darkred\"><strong><small>Autor:innen- und Gastbeitr\u00e4ge widerspiegeln nicht notwendigerweise die Meinung oder die Position von BBD, so wie die jeweiligen Verfasser:innen nicht notwendigerweise die Ziele von BBD unterst\u00fctzen.<\/small><\/strong><small>\u00b7 I contributi esterni non necessariamente riflettono le opinioni o la posizione di BBD, come a loro volta le autrici\/gli autori non necessariamente condividono gli obiettivi di BBD. \u2014 <a href=\"http:\/\/www.brennerbasisdemokratie.eu\/?page_id=11356#copyleft\"><strong>\u00a9<\/strong><\/a><\/small><\/span><\/div><\/div>","protected":false},"excerpt":{"rendered":"<p>Das Strategiepapier des SVP-Obmanns zur Vollautonomie war eigentlich \u00fcberf\u00e4llig. Zwischen punktuellen Forderungen einzelner Gruppen, wie etwa nach Steuerhoheit und Landespolizei, zwischen dem Stillstand bei den Verhandlungen in den 137er-Kommissionen einerseits und den Selbstbestimmungs- und Freistaatsentw\u00fcrfen andererseits fehlte der unverzichtbare Gesamtentwurf zur Vervollst\u00e4ndigung der bestehenden Autonomie. Den hat Richard Theiner mit seinem Strategiepapier zwar noch nicht [&hellip;]<\/p>","protected":false},"author":15,"featured_media":0,"comment_status":"open","ping_status":"open","sticky":false,"template":"","format":"standard","meta":{"_crdt_document":"","ngg_post_thumbnail":0,"_jetpack_memberships_contains_paid_content":false,"footnotes":""},"categories":[14],"tags":[],"class_list":["post-8814","post","type-post","status-publish","format-standard","hentry","category-autorinnen","entity-svp","issue-autonomievergleich","issue-landespolizei","location-aland","location-catalunya","location-kalaallit-nunaat","location-schottland","location-sudtirolo","language-deutsch","person-richard-theiner","topic-foederalismus","topic-politik","topic-polizei","topic-vorzeigeautonomie"],"jetpack_featured_media_url":"","jetpack_sharing_enabled":true,"_links":{"self":[{"href":"https:\/\/www.brennerbasisdemokratie.eu\/index.php?rest_route=\/wp\/v2\/posts\/8814","targetHints":{"allow":["GET"]}}],"collection":[{"href":"https:\/\/www.brennerbasisdemokratie.eu\/index.php?rest_route=\/wp\/v2\/posts"}],"about":[{"href":"https:\/\/www.brennerbasisdemokratie.eu\/index.php?rest_route=\/wp\/v2\/types\/post"}],"author":[{"embeddable":true,"href":"https:\/\/www.brennerbasisdemokratie.eu\/index.php?rest_route=\/wp\/v2\/users\/15"}],"replies":[{"embeddable":true,"href":"https:\/\/www.brennerbasisdemokratie.eu\/index.php?rest_route=%2Fwp%2Fv2%2Fcomments&post=8814"}],"version-history":[{"count":8,"href":"https:\/\/www.brennerbasisdemokratie.eu\/index.php?rest_route=\/wp\/v2\/posts\/8814\/revisions"}],"predecessor-version":[{"id":72125,"href":"https:\/\/www.brennerbasisdemokratie.eu\/index.php?rest_route=\/wp\/v2\/posts\/8814\/revisions\/72125"}],"wp:attachment":[{"href":"https:\/\/www.brennerbasisdemokratie.eu\/index.php?rest_route=%2Fwp%2Fv2%2Fmedia&parent=8814"}],"wp:term":[{"taxonomy":"category","embeddable":true,"href":"https:\/\/www.brennerbasisdemokratie.eu\/index.php?rest_route=%2Fwp%2Fv2%2Fcategories&post=8814"},{"taxonomy":"post_tag","embeddable":true,"href":"https:\/\/www.brennerbasisdemokratie.eu\/index.php?rest_route=%2Fwp%2Fv2%2Ftags&post=8814"}],"curies":[{"name":"wp","href":"https:\/\/api.w.org\/{rel}","templated":true}]}}