{"id":88211,"date":"2024-09-16T11:49:58","date_gmt":"2024-09-16T09:49:58","guid":{"rendered":"https:\/\/www.brennerbasisdemokratie.eu\/?p=88211"},"modified":"2025-12-07T13:21:21","modified_gmt":"2025-12-07T12:21:21","slug":"schule-und-sprache-latenter-rassismus","status":"publish","type":"post","link":"https:\/\/www.brennerbasisdemokratie.eu\/?p=88211","title":{"rendered":"Schule und Sprache, latenter Rassismus."},"content":{"rendered":"<p>Sabine Giunta, der Bildungsexpertin der S\u00fcdtiroler <em>Gr\u00fcnen,<\/em> offenen Rassismus vorzuwerfen, w\u00e4re wohl \u00fcbertrieben und ungerecht. Ihre vom <em>Corriere<\/em> (S\u00fcdtirolbeilage, 10. September 2024) wiedergegebenen Aussagen, mit denen die Schulf\u00fchrungskraft <a title=\"Die \u2018Sonderklasse\u2019 der Goetheschule.\" href=\"https:\/\/www.brennerbasisdemokratie.eu\/?p=87810\">die sprachlichen Schwierigkeiten deutscher Schulen<\/a> in einigen S\u00fcdtiroler St\u00e4dten in Abrede stellt, gehen aber zumindest in diese Richtung. Sie gibt da zu bedenken, dass es in der deutschen Schule nur 8 Prozent \u00bbAusl\u00e4nder\u00ab und 150 Sprachf\u00f6rderkr\u00e4fte gebe, in der italienischen Schule 23 Prozent \u00bbAusl\u00e4nder\u00ab und rund 30 Sprachf\u00f6rderkr\u00e4fte.<\/p>\n<p>Das klingt erst einmal nach einem riesigen Unterschied in der Anzahl an Sch\u00fclerinnen mit einer anderen Staatsb\u00fcrgerinnenschaft. Doch wenn wir ber\u00fccksichtigen, dass die deutschen Schulen insgesamt <a title=\"Deutsche Schule: Ein Aderlass.\" href=\"https:\/\/www.brennerbasisdemokratie.eu\/?p=64040\">rund dreimal so viele Sch\u00fclerinnen z\u00e4hlen wie die italienischen Schulen<\/a>, gibt es in absoluten Zahlen<sup class=\"modern-footnotes-footnote modern-footnotes-footnote--hover-on-desktop \" data-mfn=\"1\" data-mfn-post-scope=\"00000000000007e30000000000000000_88211\"><a href=\"javascript:void(0)\"  role=\"button\" aria-pressed=\"false\" aria-describedby=\"mfn-content-00000000000007e30000000000000000_88211-1\">1<\/a><\/sup><span id=\"mfn-content-00000000000007e30000000000000000_88211-1\" role=\"tooltip\" class=\"modern-footnotes-footnote__note\" tabindex=\"0\" data-mfn=\"1\">3\u00d78=24<\/span> (also nicht in Prozenten) an deutschen und italienischen Schulen ziemlich genauso viele \u00bbausl\u00e4ndische\u00ab Sch\u00fclerinnen.<\/p>\n<p>Bei etwa genauso vielen \u00bbausl\u00e4ndischen\u00ab Sch\u00fclerinnen haben die deutschen Schulen \u2014 wenn Giuntas Angaben stimmen \u2014 aber noch immer rund f\u00fcnf Mal so viele Sprachf\u00f6rderkr\u00e4fte (30:150).<\/p>\n<p>Doch hier kommt der latente Rassismus ins Spiel, denn es geht in Wahrheit weder nur um \u00bbausl\u00e4ndische\u00ab Sch\u00fclerinnen noch um alle \u00bbausl\u00e4ndischen\u00ab Sch\u00fclerinnen, wie ich schon <a title=\"Viel Meinung, wenig Fakten.\" href=\"https:\/\/www.brennerbasisdemokratie.eu\/?p=87888\">hier<\/a> beschrieben hatte: Weder beherrschen alle \u00bbAusl\u00e4nderinnen\u00ab die Unterrichtssprache schlecht noch beherrschen sie alle \u00bbInl\u00e4nderinnen\u00ab gut. Vielmehr stellt sich die Frage: Wie viele Sch\u00fclerinnen an der italienischen Schule sprechen kein oder kaum Italienisch, wie viele Sch\u00fclerinnen an der deutschen Schule kein oder kaum Deutsch? Die verf\u00fcgbaren Daten (<a title=\"Zweitsprachkenntnisse nach Sprachgruppe.\" href=\"https:\/\/www.brennerbasisdemokratie.eu\/?p=87760\"><code>01<\/code><\/a> <a title=\"F\u00fcnfundneunzig Prozent.\" href=\"https:\/\/www.brennerbasisdemokratie.eu\/?p=85747\"><code>02<\/code><\/a>) lassen zumindest den Schluss zu, dass die meisten italienischen Staatsb\u00fcrgerinnen (mit oder ohne Migrationsgeschichte, italienischer oder deutscher Muttersprache), aber auch viele Mitb\u00fcrgerinnen mit anderer Staatsb\u00fcrgerschaft einigerma\u00dfen gut Italienisch sprechen. Gleichzeitig lassen die Umfrageergebnisse den Schluss zu, dass viele italienische Staatsb\u00fcrgerinnen (mit oder ohne Migrationsgeschichte italienischer Muttersprache) Deutsch nicht oder nur schlecht beherrschen.<\/p>\n<p>Wenn nun \u2014 wie es insbesondere in Bozen und Meran der Fall zu sein scheint \u2014 viele Kinder mit italienischer und ausl\u00e4ndischer Staatsb\u00fcrgerschaft, die kaum Deutsch beherrschen (um die Sprachkenntnisse geht es, <em>nicht<\/em> um die Staatsb\u00fcrgerschaft), unvorbereitet an eine deutsche Schulen kommen, ist das ziemlich sicher ein Problem. Wohingegen eine hypothetische Klasse, die nur aus \u00bbausl\u00e4ndischen\u00ab Sch\u00fclerinnen besteht, die die Unterrichtssprache einigerma\u00dfen gut beherrschen, eher keine Sprachf\u00f6rderkraft ben\u00f6tigen w\u00fcrde.<\/p>\n<p>Eine gewisse Korrelation zwischen Sprachkenntnissen und Vorhandensein einer Migrationsgeschichte wird es schon geben, doch das Thema darauf zu reduzieren, wie es Frau Giunta tut, ist eine unzul\u00e4ssige und irref\u00fchrende Vereinfachung. W\u00e4hrend es an italienischen Schulen noch einen gewissen Zusammenhang<sup class=\"modern-footnotes-footnote modern-footnotes-footnote--hover-on-desktop \" data-mfn=\"2\" data-mfn-post-scope=\"00000000000007e30000000000000000_88211\"><a href=\"javascript:void(0)\"  role=\"button\" aria-pressed=\"false\" aria-describedby=\"mfn-content-00000000000007e30000000000000000_88211-2\">2<\/a><\/sup><span id=\"mfn-content-00000000000007e30000000000000000_88211-2\" role=\"tooltip\" class=\"modern-footnotes-footnote__note\" tabindex=\"0\" data-mfn=\"2\">z.B.: die meisten Sch\u00fclerinnen, die kein Italienisch sprechen, sind keine italienischen Staatsb\u00fcrgerinnen (aber nicht unbedingt: die meisten Sch\u00fclerinnen, die eine andere Staatsb\u00fcrgerschaft haben, sprechen kein Italienisch)<\/span> geben mag, ist das an deutschen Schulen, wegen den nicht wenigen \u00bbAutochthonen\u00ab italienischer Muttersprache, die kein Deutsch sprechen, wom\u00f6glich ganz anders.<\/p>\n<p><strong><span style=\"font-family: Helvetica, Arial, sans-serif; text-transform: uppercase;\">C\u00ebla enghe:<\/span><\/strong> <a title=\"Sch\u00fclerinnen vor dem Ideologiekarren.\" href=\"https:\/\/www.brennerbasisdemokratie.eu\/?p=87921\"><code>01<\/code><\/a> <a title=\"Mit Segregation gegen die Segregation.\" href=\"https:\/\/www.brennerbasisdemokratie.eu\/?p=88176\"><code>02<\/code><\/a> <a title=\"Schule: Das mit der Chancengerechtigkeit.\" href=\"https:\/\/www.brennerbasisdemokratie.eu\/?p=87933\"><code>03<\/code><\/a> <a title=\"La negazione del rischio di assimilazione.\" href=\"https:\/\/www.brennerbasisdemokratie.eu\/?p=87832\"><code>04<\/code><\/a> <span style=\"font-family: Helvetica, Arial, sans-serif; font-weight: normal;\">|<\/span> <a title=\"Deutsch als Verst\u00e4ndigungssprache schwindet.\" href=\"https:\/\/www.brennerbasisdemokratie.eu\/?p=87395\"><code>05<\/code><\/a> <span style=\"font-family: Helvetica, Arial, sans-serif; font-weight: normal;\">||<\/span> <a title=\"Schule: Die Desinformation kommt direkt vom Landesrat.\" href=\"https:\/\/www.brennerbasisdemokratie.eu\/?p=89891\"><span style=\"color: #ff8c00\"><code>01<\/code><\/span><\/a> <a title=\"Schule: Der SVP-Vorschlag und die Reaktionen.\" href=\"https:\/\/www.brennerbasisdemokratie.eu\/?p=96641\"><span style=\"color: #ff8c00\"><code>02<\/code><\/span><\/a><\/p>\n<ul class=\"modern-footnotes-list modern-footnotes-list--show-only-for-print\"><li><span>1<\/span><div>3\u00d78=24<\/div><\/li><li><span>2<\/span><div>z.B.: die meisten Sch\u00fclerinnen, die kein Italienisch sprechen, sind keine italienischen Staatsb\u00fcrgerinnen (aber nicht unbedingt: die meisten Sch\u00fclerinnen, die eine andere Staatsb\u00fcrgerschaft haben, sprechen kein Italienisch)<\/div><\/li><\/ul>","protected":false},"excerpt":{"rendered":"<p>Sabine Giunta, der Bildungsexpertin der S\u00fcdtiroler Gr\u00fcnen, offenen Rassismus vorzuwerfen, w\u00e4re wohl \u00fcbertrieben und ungerecht. Ihre vom Corriere (S\u00fcdtirolbeilage, 10. September 2024) wiedergegebenen Aussagen, mit denen die Schulf\u00fchrungskraft die sprachlichen Schwierigkeiten deutscher Schulen in einigen S\u00fcdtiroler St\u00e4dten in Abrede stellt, gehen aber zumindest in diese Richtung. Sie gibt da zu bedenken, dass es in der [&hellip;]<\/p>","protected":false},"author":1,"featured_media":0,"comment_status":"open","ping_status":"open","sticky":false,"template":"","format":"standard","meta":{"_crdt_document":"","ngg_post_thumbnail":0,"_jetpack_memberships_contains_paid_content":false,"footnotes":""},"categories":[1],"tags":[],"class_list":["post-88211","post","type-post","status-publish","format-standard","hentry","category-allgemein","entity-verc","location-sudtirolo","language-deutsch","medium-corriere","topic-migraziun","topic-minderheitenschutz","topic-minorisaziun","topic-plurilinguism","topic-politik","topic-racism","topic-scola"],"jetpack_featured_media_url":"","jetpack_sharing_enabled":true,"_links":{"self":[{"href":"https:\/\/www.brennerbasisdemokratie.eu\/index.php?rest_route=\/wp\/v2\/posts\/88211","targetHints":{"allow":["GET"]}}],"collection":[{"href":"https:\/\/www.brennerbasisdemokratie.eu\/index.php?rest_route=\/wp\/v2\/posts"}],"about":[{"href":"https:\/\/www.brennerbasisdemokratie.eu\/index.php?rest_route=\/wp\/v2\/types\/post"}],"author":[{"embeddable":true,"href":"https:\/\/www.brennerbasisdemokratie.eu\/index.php?rest_route=\/wp\/v2\/users\/1"}],"replies":[{"embeddable":true,"href":"https:\/\/www.brennerbasisdemokratie.eu\/index.php?rest_route=%2Fwp%2Fv2%2Fcomments&post=88211"}],"version-history":[{"count":8,"href":"https:\/\/www.brennerbasisdemokratie.eu\/index.php?rest_route=\/wp\/v2\/posts\/88211\/revisions"}],"predecessor-version":[{"id":96671,"href":"https:\/\/www.brennerbasisdemokratie.eu\/index.php?rest_route=\/wp\/v2\/posts\/88211\/revisions\/96671"}],"wp:attachment":[{"href":"https:\/\/www.brennerbasisdemokratie.eu\/index.php?rest_route=%2Fwp%2Fv2%2Fmedia&parent=88211"}],"wp:term":[{"taxonomy":"category","embeddable":true,"href":"https:\/\/www.brennerbasisdemokratie.eu\/index.php?rest_route=%2Fwp%2Fv2%2Fcategories&post=88211"},{"taxonomy":"post_tag","embeddable":true,"href":"https:\/\/www.brennerbasisdemokratie.eu\/index.php?rest_route=%2Fwp%2Fv2%2Ftags&post=88211"}],"curies":[{"name":"wp","href":"https:\/\/api.w.org\/{rel}","templated":true}]}}