{"id":89107,"date":"2024-11-20T21:32:16","date_gmt":"2024-11-20T20:32:16","guid":{"rendered":"https:\/\/www.brennerbasisdemokratie.eu\/?p=89107"},"modified":"2024-12-02T23:52:11","modified_gmt":"2024-12-02T22:52:11","slug":"sartori-in-die-schranken-gewiesen","status":"publish","type":"post","link":"https:\/\/www.brennerbasisdemokratie.eu\/?p=89107","title":{"rendered":"Sartori in die Schranken gewiesen."},"content":{"rendered":"<p>Einem obdachlosen Arbeiter ausl\u00e4ndischer Herkunft war im April von Polizeipr\u00e4sident Paolo Sartori ein Aufenthaltsverbot erteilt worden. Vorgeworfen wurde ihm nichts weniger, als sich l\u00e4ngere Zeit im Kapuziner- und Bahnhofspark aufgehalten, M\u00fcll zur\u00fcckgelassen und den \u00bbAnstand\u00ab und die \u00bb\u00f6ffentliche Ruhe\u00ab verletzt zu haben. Durch sein Herumlungern habe er das Recht anderer B\u00fcrgerinnen eingeschr\u00e4nkt, sich im \u00f6ffentlichen Raum aufzuhalten und zu bewegen.<\/p>\n<p>Obwohl der Mann nichts Strafbares gemacht hatte, erkannte Sartori eine \u00bbGef\u00e4hrdung der \u00f6ffentlichen Sicherheit\u00ab und verf\u00fcgte die Einschr\u00e4nkung seiner Grundrechte.<\/p>\n<p>Das mit Hilfe von <em>Bozen Solidale<\/em> angerufene S\u00fcdtiroler Verwaltungsgericht hob die polizeiliche Ma\u00dfnahme nun auf, da die sie <a title=\"Salto: Bivaccare non \u00e8 un reato.\" href=\"https:\/\/salto.bz\/de\/article\/19112024\/bivaccare-non-e-un-reato\" target=\"_blank\" rel=\"noopener\">viel zu allgemein und \u00bbapodiktisch\u00ab begr\u00fcndet gewesen sei.<\/a> F\u00fcr die angebliche Gef\u00e4hrlichkeit des Mannes h\u00e4tten keinerlei konkrete Beweise vorgelegen.<\/p>\n<p>Das muss man sich auf der Zunge zergehen lassen: Der sogenannte Qu\u00e4stor hat Befugnisse, die in einem Rechtsstaat (nicht von ungef\u00e4hr) quasi einmalig sind. Doch anstatt sie mit Bedacht einzusetzen, schafft er es, die ihm ganz und gar nicht eng gesetzten Grenzen auch noch zu \u00fcberschreiten.<\/p>\n<p>Jemanden ohne Verfahren und ohne handfeste Beweise seiner Freiheit zu berauben, ist keine Bagatelle, sondern \u2014 anders als \u00bbHerumlungern\u00ab \u2014 eine potenzielle Gefahr f\u00fcr unsere demokratische Grundordnung. Umso mehr, als Einspruchsm\u00f6glichkeiten aufw\u00e4ndig und langwierig sind.<\/p>\n<p><strong><span style=\"font-family: Helvetica, Arial, sans-serif; text-transform: uppercase;\">C\u00ebla enghe:<\/span><\/strong> <a title=\"In Richtung Willk\u00fcrstaat.\" href=\"https:\/\/www.brennerbasisdemokratie.eu\/?p=87075\"><code>01<\/code><\/a> <a title=\"Staatspolizei bestraft Salto.\" href=\"https:\/\/www.brennerbasisdemokratie.eu\/?p=87424\"><code>02<\/code><\/a> <a title=\"Kritik an Ausschluss von P\u00e4dagoginnen.\" href=\"https:\/\/www.brennerbasisdemokratie.eu\/?p=87727\"><code>03<\/code><\/a> <a title=\"Untersagte Fahrraddemo in den Dolomiten.\" href=\"https:\/\/www.brennerbasisdemokratie.eu\/?p=87330\"><code>04<\/code><\/a> <a title=\"Staatliche Einsch\u00fcchterung.\" href=\"https:\/\/www.brennerbasisdemokratie.eu\/?p=84094\"><code>05<\/code><\/a> <a title=\"25. April: Polizei zensiert Proteste.\" href=\"https:\/\/www.brennerbasisdemokratie.eu\/?p=85190\"><code>06<\/code><\/a> <a title=\"Questore Andrea Valentino\u2026\" href=\"https:\/\/www.brennerbasisdemokratie.eu\/?p=87312\"><code>07<\/code><\/a> <a title=\"Die Ablenkung mit dem Hufeisen.\" href=\"https:\/\/www.brennerbasisdemokratie.eu\/?p=87000\"><code>08<\/code><\/a> <a title=\"Qu\u00e4stor schreibt f\u00fcr \u2018s\u00fcdtirolfeindliches\u2019 Blatt.\" href=\"https:\/\/www.brennerbasisdemokratie.eu\/?p=84172\"><code>09<\/code><\/a><\/p>","protected":false},"excerpt":{"rendered":"<p>Einem obdachlosen Arbeiter ausl\u00e4ndischer Herkunft war im April von Polizeipr\u00e4sident Paolo Sartori ein Aufenthaltsverbot erteilt worden. Vorgeworfen wurde ihm nichts weniger, als sich l\u00e4ngere Zeit im Kapuziner- und Bahnhofspark aufgehalten, M\u00fcll zur\u00fcckgelassen und den \u00bbAnstand\u00ab und die \u00bb\u00f6ffentliche Ruhe\u00ab verletzt zu haben. Durch sein Herumlungern habe er das Recht anderer B\u00fcrgerinnen eingeschr\u00e4nkt, sich im \u00f6ffentlichen [&hellip;]<\/p>","protected":false},"author":1,"featured_media":0,"comment_status":"open","ping_status":"open","sticky":false,"template":"","format":"standard","meta":{"_crdt_document":"","ngg_post_thumbnail":0,"_jetpack_memberships_contains_paid_content":false,"footnotes":""},"categories":[1],"tags":[],"class_list":["post-89107","post","type-post","status-publish","format-standard","hentry","category-allgemein","entity-staatspolizei","issue-good-news","location-italy","location-sudtirolo","language-deutsch","medium-salto","person-paolo-sartori","topic-grundrechte","topic-justiz","topic-polizei","topic-repression"],"jetpack_featured_media_url":"","jetpack_sharing_enabled":true,"_links":{"self":[{"href":"https:\/\/www.brennerbasisdemokratie.eu\/index.php?rest_route=\/wp\/v2\/posts\/89107","targetHints":{"allow":["GET"]}}],"collection":[{"href":"https:\/\/www.brennerbasisdemokratie.eu\/index.php?rest_route=\/wp\/v2\/posts"}],"about":[{"href":"https:\/\/www.brennerbasisdemokratie.eu\/index.php?rest_route=\/wp\/v2\/types\/post"}],"author":[{"embeddable":true,"href":"https:\/\/www.brennerbasisdemokratie.eu\/index.php?rest_route=\/wp\/v2\/users\/1"}],"replies":[{"embeddable":true,"href":"https:\/\/www.brennerbasisdemokratie.eu\/index.php?rest_route=%2Fwp%2Fv2%2Fcomments&post=89107"}],"version-history":[{"count":3,"href":"https:\/\/www.brennerbasisdemokratie.eu\/index.php?rest_route=\/wp\/v2\/posts\/89107\/revisions"}],"predecessor-version":[{"id":89115,"href":"https:\/\/www.brennerbasisdemokratie.eu\/index.php?rest_route=\/wp\/v2\/posts\/89107\/revisions\/89115"}],"wp:attachment":[{"href":"https:\/\/www.brennerbasisdemokratie.eu\/index.php?rest_route=%2Fwp%2Fv2%2Fmedia&parent=89107"}],"wp:term":[{"taxonomy":"category","embeddable":true,"href":"https:\/\/www.brennerbasisdemokratie.eu\/index.php?rest_route=%2Fwp%2Fv2%2Fcategories&post=89107"},{"taxonomy":"post_tag","embeddable":true,"href":"https:\/\/www.brennerbasisdemokratie.eu\/index.php?rest_route=%2Fwp%2Fv2%2Ftags&post=89107"}],"curies":[{"name":"wp","href":"https:\/\/api.w.org\/{rel}","templated":true}]}}