{"id":89226,"date":"2024-11-25T23:49:07","date_gmt":"2024-11-25T22:49:07","guid":{"rendered":"https:\/\/www.brennerbasisdemokratie.eu\/?p=89226"},"modified":"2025-03-29T11:55:00","modified_gmt":"2025-03-29T10:55:00","slug":"nix-tschuss-genderstern","status":"publish","type":"post","link":"https:\/\/www.brennerbasisdemokratie.eu\/?p=89226","title":{"rendered":"Nix \u203aTsch\u00fcss Genderstern!\u2039."},"content":{"rendered":"<p>Die Stadt Z\u00fcrich hat seit 30 Jahren Regeln f\u00fcr die sprachliche Gleichstellung, im Juni 2022 wurden die entsprechenden Richtlinien dahingehend angepasst, dass Stadtbeh\u00f6rden Frauen, M\u00e4nner und nicht bin\u00e4re Personen gleicherma\u00dfen ber\u00fccksichtigen m\u00fcssen. Konkret hei\u00dft das, dass Beamtinnen verpflichtet sind, den sogenannten Genderstern zu verwenden.<\/p>\n<p>Den Rechten und insbesondere der <em>Schweizerischen Volkspartei<\/em> (SVP), passt das naturgem\u00e4\u00df ganz und gar nicht, weshalb sie dagegen die Volksinitiative \u00bbTsch\u00fcss Genderstern!\u00ab ergriffen hat. Die Stadt sollte von der Stimmbev\u00f6lkerung dazu angehalten werden, auf den Genderstern und andere Sonderzeichen innerhalb von W\u00f6rtern zu verzichten. Gendern ohne Sonderzeichen wollte aber auch die SVP nicht untersagen.<\/p>\n<p>Die vorgeschobenen Gr\u00fcnde gegen den Genderstern oder den Doppelpunkt kennt man: Sie machten beh\u00f6rdliche Texte unverst\u00e4ndlich, f\u00fchrten zu grammatisch falschen Formen (\u00c4rzt*in, B\u00e4uer:in etc.) und sogar zu Rechtsunsicherheit. Au\u00dferdem solle Sprache nicht als politisches Instrument sowie zur Spaltung \u00bbmissbraucht\u00ab werden.<\/p>\n<p>Als w\u00e4re Nichtgendern unpolitisch.<\/p>\n<p>Stadtrat und Gemeinderat empfahlen eine klare Ablehnung der Initiative und verzichteten darauf, Gegenvorschl\u00e4ge zu unterbreiten.<\/p>\n<p>So kam es, dass die Z\u00fcrcher Stimmbev\u00f6lkerung den Rechtspopulist*innen und ihrem Ansinnen gestern eine klare Abfuhr erteilten: 57,3 Prozent der Abstimmenden wollten nichts davon wissen, sich vom Genderstern zu vertsch\u00fcssen. Dabei hei\u00dft es regelm\u00e4\u00dfig, nur ein kleiner Teil der Bev\u00f6lkerung bef\u00fcrworte eine geschlechtergerechte Sprache, allen anderen werde sie aufgezwungen.<\/p>\n<p>Die, die gerne vorgeben, \u00bbdas Volk\u00ab zu sein, m\u00fcssen nun aber einsehen, dass sie selbst nur eine Minderheit sind \u2014 wenigstens in der gr\u00f6\u00dften Stadt der Schweiz. Und gesagt hat ihnen das nicht irgendeine links-gr\u00fcne Elite, sondern: \u00bbdas Volk\u00ab.<\/p>\n<p>Der Genderstern bleibt.<\/p>\n<p><strong><span style=\"font-family: Helvetica, Arial, sans-serif; text-transform: uppercase;\">C\u00ebla enghe:<\/span><\/strong> <a title=\"Genderverbot gescheitert.\" href=\"https:\/\/www.brennerbasisdemokratie.eu\/?p=66763\"><code>01<\/code><\/a> <a title=\"Genderbefreite Handschrift.\" href=\"https:\/\/www.brennerbasisdemokratie.eu\/?p=82776\"><code>02<\/code><\/a> <a title=\"Linguaggio inclusivo: chiesa batte Crusca.\" href=\"https:\/\/www.brennerbasisdemokratie.eu\/?p=78283\"><code>03<\/code><\/a> <a title=\"\u00bbUnsere Frauen\u00ab.\" href=\"https:\/\/www.brennerbasisdemokratie.eu\/?p=84266\"><code>04<\/code><\/a> <span style=\"font-family: Helvetica, Arial, sans-serif; font-weight: normal;\">|<\/span> <a title=\"Schweizer Volksabstimmungen vom September 2020.\" href=\"https:\/\/www.brennerbasisdemokratie.eu\/?p=60996\"><code>05<\/code><\/a> <span style=\"font-family: Helvetica, Arial, sans-serif; font-weight: normal;\">||<\/span> <a title=\"Galateo gegen Inklusion und Autonomie.\" href=\"https:\/\/www.brennerbasisdemokratie.eu\/?p=90981\"><span style=\"color: #ff8c00\"><code>01<\/code><\/span><\/a><\/p>","protected":false},"excerpt":{"rendered":"<p>Die Stadt Z\u00fcrich hat seit 30 Jahren Regeln f\u00fcr die sprachliche Gleichstellung, im Juni 2022 wurden die entsprechenden Richtlinien dahingehend angepasst, dass Stadtbeh\u00f6rden Frauen, M\u00e4nner und nicht bin\u00e4re Personen gleicherma\u00dfen ber\u00fccksichtigen m\u00fcssen. Konkret hei\u00dft das, dass Beamtinnen verpflichtet sind, den sogenannten Genderstern zu verwenden. Den Rechten und insbesondere der Schweizerischen Volkspartei (SVP), passt das naturgem\u00e4\u00df [&hellip;]<\/p>","protected":false},"author":1,"featured_media":0,"comment_status":"open","ping_status":"open","sticky":false,"template":"","format":"standard","meta":{"_crdt_document":"","ngg_post_thumbnail":0,"_jetpack_memberships_contains_paid_content":false,"footnotes":""},"categories":[1],"tags":[],"class_list":["post-89226","post","type-post","status-publish","format-standard","hentry","category-allgemein","issue-good-news","location-svizra","language-deutsch","topic-feminae","topic-kohasion","topic-lgbtqia","topic-lingaz","topic-mitbestimmung","topic-politik"],"jetpack_featured_media_url":"","jetpack_sharing_enabled":true,"_links":{"self":[{"href":"https:\/\/www.brennerbasisdemokratie.eu\/index.php?rest_route=\/wp\/v2\/posts\/89226","targetHints":{"allow":["GET"]}}],"collection":[{"href":"https:\/\/www.brennerbasisdemokratie.eu\/index.php?rest_route=\/wp\/v2\/posts"}],"about":[{"href":"https:\/\/www.brennerbasisdemokratie.eu\/index.php?rest_route=\/wp\/v2\/types\/post"}],"author":[{"embeddable":true,"href":"https:\/\/www.brennerbasisdemokratie.eu\/index.php?rest_route=\/wp\/v2\/users\/1"}],"replies":[{"embeddable":true,"href":"https:\/\/www.brennerbasisdemokratie.eu\/index.php?rest_route=%2Fwp%2Fv2%2Fcomments&post=89226"}],"version-history":[{"count":11,"href":"https:\/\/www.brennerbasisdemokratie.eu\/index.php?rest_route=\/wp\/v2\/posts\/89226\/revisions"}],"predecessor-version":[{"id":90990,"href":"https:\/\/www.brennerbasisdemokratie.eu\/index.php?rest_route=\/wp\/v2\/posts\/89226\/revisions\/90990"}],"wp:attachment":[{"href":"https:\/\/www.brennerbasisdemokratie.eu\/index.php?rest_route=%2Fwp%2Fv2%2Fmedia&parent=89226"}],"wp:term":[{"taxonomy":"category","embeddable":true,"href":"https:\/\/www.brennerbasisdemokratie.eu\/index.php?rest_route=%2Fwp%2Fv2%2Fcategories&post=89226"},{"taxonomy":"post_tag","embeddable":true,"href":"https:\/\/www.brennerbasisdemokratie.eu\/index.php?rest_route=%2Fwp%2Fv2%2Ftags&post=89226"}],"curies":[{"name":"wp","href":"https:\/\/api.w.org\/{rel}","templated":true}]}}