{"id":89254,"date":"2024-11-26T21:32:49","date_gmt":"2024-11-26T20:32:49","guid":{"rendered":"https:\/\/www.brennerbasisdemokratie.eu\/?p=89254"},"modified":"2024-11-30T12:33:06","modified_gmt":"2024-11-30T11:33:06","slug":"gewaltpravention-geht-deutschsprachige-nichts-an","status":"publish","type":"post","link":"https:\/\/www.brennerbasisdemokratie.eu\/?p=89254","title":{"rendered":"Gewaltpr\u00e4vention geht Deutschsprachige nichts an."},"content":{"rendered":"<p>Die italienische Staatspolizei macht in Bozen Pr\u00e4ventions- und Sensibilisierungsarbeit zu Gewalt gegen Frauen. Dies teilte sie heute auf ihrer Website <a title=\"Die Polizei diskriminiert die deutsche Sprache.\" href=\"https:\/\/www.brennerbasisdemokratie.eu\/?p=84691\">wieder einmal<\/a> ausschlie\u00dflich in italienischer Sprache mit.<\/p>\n<p>Dazu wurde dieses Bild mit dem Polizeipr\u00e4sidenten Paolo Sartori ver\u00f6ffentlicht:<\/p>\n<blockquote><p><img loading=\"lazy\" decoding=\"async\" class=\"size-full wp-image-89255 aligncenter\" src=\"https:\/\/www.brennerbasisdemokratie.eu\/wp-content\/uploads\/2024\/11\/staatspolizei-gewaltgegenfrauen.png\" alt=\"\" width=\"950\" height=\"633\" srcset=\"https:\/\/www.brennerbasisdemokratie.eu\/wp-content\/uploads\/2024\/11\/staatspolizei-gewaltgegenfrauen.png 950w, https:\/\/www.brennerbasisdemokratie.eu\/wp-content\/uploads\/2024\/11\/staatspolizei-gewaltgegenfrauen-768x512.png 768w\" sizes=\"auto, (max-width: 950px) 100vw, 950px\" \/><\/p><\/blockquote>\n<p><em><small>Bildquelle: Staatspolizei<\/small><\/em><\/p>\n<p>Vor einem Stand am Bozner Waltherplatz, an dem die einsprachige Beschriftung <em>Polizia di Stato<\/em> prangt, posieren (neben dem sogenannten Qu\u00e4stor) acht Beamte, auf deren Uniform \u2014 wie auf dem Kennzeichen des daneben stehenden Fahrzeugs \u2014 einsprachig <em>Polizia<\/em> steht. Im Rahmen der Kampagne <em>Questo non \u00e8 amore 2024<\/em> wurde von den Polizistinnen die einsprachig italienische Brosch\u00fcre <em>Questo non \u00e8 amore<\/em> verteilt, in der n\u00fctzliche Ratschl\u00e4ge zur Vorbeugung h\u00e4uslicher Gewalt enthalten sind.<\/p>\n<p>Die Verachtung und Geringsch\u00e4tzung der Landessprache Deutsch sowie der <span style=\"text-decoration: underline;\">gesetzlichen<\/span> Zweisprachigkeitspflicht kann man nicht offensichtlicher zur Schau stellen. Ist Gewalt gegen Frauen ein Thema, das die deutschsprachige Bev\u00f6lkerung nicht betrifft? Oder f\u00fchlt sich die Polizei nur f\u00fcr einen Teil der hier lebenden Menschen zust\u00e4ndig? Ein niederschwelliger Zugang zu Informationen und Unterst\u00fctzung in potenziell lebensbedrohlichen Lagen sieht so jedenfalls nicht aus.<\/p>\n<p>Vor einigen Jahren hatten die <em>Dolomiten<\/em> die Forderung nach einer Landespolizei <a title=\"Warum keine Landespolizei?\" href=\"https:\/\/www.brennerbasisdemokratie.eu\/?p=23844\">mit der Bemerkung verh\u00f6hnt<\/a>, dass die Zweisprachigkeit bei der Verbrechensbek\u00e4mpfung \u2014 haha! \u2014 ja wohl das Um und Auf sei. Da hat man wohl \u00bbvergessen\u00ab, dass Polizistinnen auch andere Aufgaben haben, als sich mit (offenbar allesamt italienischsprachigen) Kriminellen herumzuschlagen.<\/p>\n<p><strong><span style=\"font-family: Helvetica, Arial, sans-serif; text-transform: uppercase;\">C\u00ebla enghe:<\/span><\/strong> <a title=\"Die ostbelgische Polizei und die deutsche Sprache.\" href=\"https:\/\/www.brennerbasisdemokratie.eu\/?p=85108\"><code>01<\/code><\/a> <a title=\"Zweisprachige Polizei in Wales.\" href=\"https:\/\/www.brennerbasisdemokratie.eu\/?p=72884\"><code>02<\/code><\/a> <a title=\"Zweisprachige Carabinieri. Und Mossos d\u2019Esquadra.\" href=\"https:\/\/www.brennerbasisdemokratie.eu\/?p=78399\"><code>03<\/code><\/a> <span style=\"font-family: Helvetica, Arial, sans-serif; font-weight: normal;\">|<\/span> <a title=\"Das Ufficio Mobile der Polizia Stradale.\" href=\"https:\/\/www.brennerbasisdemokratie.eu\/?p=54520\"><code>04<\/code><\/a> <a title=\"Einsprachige Polizei.\" href=\"https:\/\/www.brennerbasisdemokratie.eu\/?p=10307\"><code>05<\/code><\/a> <span style=\"font-family: Helvetica, Arial, sans-serif; font-weight: normal;\">||<\/span> <a title=\"Polizei: Minderheitensprache in Belgien nicht marginalisiert.\" href=\"https:\/\/www.brennerbasisdemokratie.eu\/?p=89319\"><span style=\"color: #ff8c00\"><code>01<\/code><\/span><\/a><\/p>","protected":false},"excerpt":{"rendered":"<p>Die italienische Staatspolizei macht in Bozen Pr\u00e4ventions- und Sensibilisierungsarbeit zu Gewalt gegen Frauen. Dies teilte sie heute auf ihrer Website wieder einmal ausschlie\u00dflich in italienischer Sprache mit. Dazu wurde dieses Bild mit dem Polizeipr\u00e4sidenten Paolo Sartori ver\u00f6ffentlicht: Bildquelle: Staatspolizei Vor einem Stand am Bozner Waltherplatz, an dem die einsprachige Beschriftung Polizia di Stato prangt, posieren [&hellip;]<\/p>","protected":false},"author":1,"featured_media":0,"comment_status":"open","ping_status":"open","sticky":false,"template":"","format":"standard","meta":{"_crdt_document":"","ngg_post_thumbnail":0,"_jetpack_memberships_contains_paid_content":false,"footnotes":""},"categories":[1],"tags":[],"class_list":["post-89254","post","type-post","status-publish","format-standard","hentry","category-allgemein","entity-staatspolizei","issue-bilinguismo-negato","issue-italianizzazione","location-italy","location-sudtirolo","language-deutsch","medium-dolo","person-paolo-sartori","topic-discriminaziun","topic-feminae","topic-minderheitenschutz","topic-minorisaziun","topic-plurilinguism","topic-polizei","topic-publikationen","topic-servicepublic","topic-soziales"],"jetpack_featured_media_url":"","jetpack_sharing_enabled":true,"_links":{"self":[{"href":"https:\/\/www.brennerbasisdemokratie.eu\/index.php?rest_route=\/wp\/v2\/posts\/89254","targetHints":{"allow":["GET"]}}],"collection":[{"href":"https:\/\/www.brennerbasisdemokratie.eu\/index.php?rest_route=\/wp\/v2\/posts"}],"about":[{"href":"https:\/\/www.brennerbasisdemokratie.eu\/index.php?rest_route=\/wp\/v2\/types\/post"}],"author":[{"embeddable":true,"href":"https:\/\/www.brennerbasisdemokratie.eu\/index.php?rest_route=\/wp\/v2\/users\/1"}],"replies":[{"embeddable":true,"href":"https:\/\/www.brennerbasisdemokratie.eu\/index.php?rest_route=%2Fwp%2Fv2%2Fcomments&post=89254"}],"version-history":[{"count":11,"href":"https:\/\/www.brennerbasisdemokratie.eu\/index.php?rest_route=\/wp\/v2\/posts\/89254\/revisions"}],"predecessor-version":[{"id":89324,"href":"https:\/\/www.brennerbasisdemokratie.eu\/index.php?rest_route=\/wp\/v2\/posts\/89254\/revisions\/89324"}],"wp:attachment":[{"href":"https:\/\/www.brennerbasisdemokratie.eu\/index.php?rest_route=%2Fwp%2Fv2%2Fmedia&parent=89254"}],"wp:term":[{"taxonomy":"category","embeddable":true,"href":"https:\/\/www.brennerbasisdemokratie.eu\/index.php?rest_route=%2Fwp%2Fv2%2Fcategories&post=89254"},{"taxonomy":"post_tag","embeddable":true,"href":"https:\/\/www.brennerbasisdemokratie.eu\/index.php?rest_route=%2Fwp%2Fv2%2Ftags&post=89254"}],"curies":[{"name":"wp","href":"https:\/\/api.w.org\/{rel}","templated":true}]}}