{"id":89287,"date":"2024-11-27T13:47:05","date_gmt":"2024-11-27T12:47:05","guid":{"rendered":"https:\/\/www.brennerbasisdemokratie.eu\/?p=89287"},"modified":"2025-09-09T18:37:27","modified_gmt":"2025-09-09T16:37:27","slug":"jetzt-soll-es-die-variable-maut-sein","status":"publish","type":"post","link":"https:\/\/www.brennerbasisdemokratie.eu\/?p=89287","title":{"rendered":"Jetzt soll es die \u203avariable Maut\u2039 sein."},"content":{"rendered":"<p>Landeshauptmann Arno Kompatscher (<abbr title=\"S\u00fcdtiroler Volkspartei\">SVP<\/abbr>) hat bez\u00fcglich Transitverkehr wieder einmal einen neuen Vorschlag aus dem Hut gezaubert: die \u00bbvariable Maut\u00ab. Seit seinem Amtsantritt 2014 hat er immer wieder mehr oder minder interessante Ideen in Umlauf gebracht, wie die Lage besser in den Griff zu bekommen w\u00e4re. Das Problem dabei: umgesetzt wurde bis heute nichts. Null. Nada. Weder eine dringend n\u00f6tige Anpassung der <a title=\"A22: Die Maut ist l\u00e4cherlich gering.\" href=\"https:\/\/www.brennerbasisdemokratie.eu\/?p=49755\">viel zu niedrigen<\/a> Lkw-Maut, noch Abfahrverbote, die Ausweitung von Fahrverboten und Dosierungen von Nord- auf S\u00fcdtirol oder eine Verlagerung der G\u00fcter auf die Schiene. Es wurde auch <a title=\"Wo bleibt der Tutor?\" href=\"https:\/\/www.brennerbasisdemokratie.eu\/?p=69073\">kein sogenannter <em>Tutor<\/em> installiert<\/a>, keine <a title=\"Lkw-Kontrollstelle kommt.\" href=\"https:\/\/www.brennerbasisdemokratie.eu\/?p=25093\">leistungsf\u00e4hige Lkw-Konstrollstelle<\/a> eingerichtet oder konkret an einem sogenannten Slotsystem gearbeitet \u2014 im Grunde ist alles wie eh und je.<\/p>\n<p>W\u00e4hrend die Schweiz und Nordtirol konsequent Ma\u00dfnahmen zur Eind\u00e4mmung des Transitverkehrs und zum Schutz der eigenen Bev\u00f6lkerung umsetzen, treten S\u00fcdtirol und der <abbr title=\"Landeshauptmann\/-frau\">LH<\/abbr> auf der Stelle, auch weil unser Land angeblich (trotz <a title=\"Internationale Vorf\u00fchrung.\" href=\"https:\/\/www.brennerbasisdemokratie.eu\/?p=86375\">Vorzeigeautonomie<\/a>) <a title=\"Geldautonomie vs. Gurgisers Subsidiarit\u00e4t.\" href=\"https:\/\/www.brennerbasisdemokratie.eu\/?p=21691\">f\u00fcr nichts zust\u00e4ndig<\/a> ist. Sogar die <a title=\"A22: Wieder Voraussetzungen f\u00fcr Konzession geschaffen.\" href=\"https:\/\/www.brennerbasisdemokratie.eu\/?p=87185\">Verl\u00e4ngerung der Autobahnkonzession<\/a>, \u00fcber deren Umweg das Land zumindest als Mitgesellschafter etwas Mitspracherecht erh\u00e4lt, ist noch immer nicht in trockenen T\u00fcchern, wie oft das vom <em>Landespresseamt<\/em> auch schon verk\u00fcndet worden sein mag.<\/p>\n<p>In diesem Kontext haben Kompatschers \u00bbVorschl\u00e4ge\u00ab ein besonders ungutes Geschm\u00e4ckle: sie spielen eher <a title=\"Transit: Italien verklagt \u00d6sterreich.\" href=\"https:\/\/www.brennerbasisdemokratie.eu\/?p=83808\">dem rechtsextremen italienischen Verkehrsminister Matteo Salvini <em>(Lega)<\/em><\/a> und <a title=\"Transit: Anita scheitert am EuG.\" href=\"https:\/\/www.brennerbasisdemokratie.eu\/?p=77134\">den Fr\u00e4chterlobbys<\/a> in die H\u00e4nde, die die existierenden Ma\u00dfnahmen loswerden m\u00f6chten, als dass sie ein konkreter Beitrag zur Verbesserung der Lage im Interesse der Allgemeinheit w\u00e4ren. Klima und Gesundheit der S\u00fcdtiroler Bev\u00f6lkerung scheinen bei Kompatschers \u00bbL\u00f6sungen\u00ab jedenfalls keine zentrale Rolle zu spielen.<\/p>\n<p><strong><span style=\"font-family: Helvetica, Arial, sans-serif; text-transform: uppercase;\">C\u00ebla enghe:<\/span><\/strong> <a title=\"Transit: Alfreider im Morgengespr\u00e4ch.\" href=\"https:\/\/www.brennerbasisdemokratie.eu\/?p=49911\"><code>01<\/code><\/a> <a title=\"Eklat beim Bozner Brenner-Meeting.\" href=\"https:\/\/www.brennerbasisdemokratie.eu\/?p=41559\"><code>02<\/code><\/a> <a title=\"Der Traum vom sauberen Transitverkehr.\" href=\"https:\/\/www.brennerbasisdemokratie.eu\/?p=38921\"><code>03<\/code><\/a> <a title=\"Neubau der Luegbr\u00fccke: Chance f\u00fcr Schubumkehr.\" href=\"https:\/\/www.brennerbasisdemokratie.eu\/?p=83555\"><code>04<\/code><\/a> <a title=\"Brennertransit: Geht es intelligenter?\" href=\"https:\/\/www.brennerbasisdemokratie.eu\/?p=83795\"><code>05<\/code><\/a> <a title=\"Mautrabatt f\u00fcr Lkws.\" href=\"https:\/\/www.brennerbasisdemokratie.eu\/?p=10100\"><code>06<\/code><\/a> <span style=\"font-family: Helvetica, Arial, sans-serif; font-weight: normal;\">||<\/span> <a title=\"Abfahrverbote nun auch in Bayern.\" href=\"https:\/\/www.brennerbasisdemokratie.eu\/?p=94393\"><span style=\"color: #ff8c00\"><code>01<\/code><\/span><\/a><\/p>","protected":false},"excerpt":{"rendered":"<p>Landeshauptmann Arno Kompatscher (SVP) hat bez\u00fcglich Transitverkehr wieder einmal einen neuen Vorschlag aus dem Hut gezaubert: die \u00bbvariable Maut\u00ab. Seit seinem Amtsantritt 2014 hat er immer wieder mehr oder minder interessante Ideen in Umlauf gebracht, wie die Lage besser in den Griff zu bekommen w\u00e4re. Das Problem dabei: umgesetzt wurde bis heute nichts. Null. Nada. [&hellip;]<\/p>","protected":false},"author":1,"featured_media":0,"comment_status":"open","ping_status":"open","sticky":false,"template":"","format":"standard","meta":{"_crdt_document":"","ngg_post_thumbnail":0,"_jetpack_memberships_contains_paid_content":false,"footnotes":""},"categories":[1],"tags":[],"class_list":["post-89287","post","type-post","status-publish","format-standard","hentry","category-allgemein","entity-a22","entity-landesregierung","entity-lega","entity-staat-italien","entity-svp","location-italy","location-nord-osttirol","location-osterreich","location-sudtirolo","language-deutsch","person-arno-kompatscher","person-matteo-salvini","topic-ecologia","topic-mobilitaet","topic-politik","topic-recht","topic-vorzeigeautonomie","topic-wirtschaft"],"jetpack_featured_media_url":"","jetpack_sharing_enabled":true,"_links":{"self":[{"href":"https:\/\/www.brennerbasisdemokratie.eu\/index.php?rest_route=\/wp\/v2\/posts\/89287","targetHints":{"allow":["GET"]}}],"collection":[{"href":"https:\/\/www.brennerbasisdemokratie.eu\/index.php?rest_route=\/wp\/v2\/posts"}],"about":[{"href":"https:\/\/www.brennerbasisdemokratie.eu\/index.php?rest_route=\/wp\/v2\/types\/post"}],"author":[{"embeddable":true,"href":"https:\/\/www.brennerbasisdemokratie.eu\/index.php?rest_route=\/wp\/v2\/users\/1"}],"replies":[{"embeddable":true,"href":"https:\/\/www.brennerbasisdemokratie.eu\/index.php?rest_route=%2Fwp%2Fv2%2Fcomments&post=89287"}],"version-history":[{"count":10,"href":"https:\/\/www.brennerbasisdemokratie.eu\/index.php?rest_route=\/wp\/v2\/posts\/89287\/revisions"}],"predecessor-version":[{"id":94402,"href":"https:\/\/www.brennerbasisdemokratie.eu\/index.php?rest_route=\/wp\/v2\/posts\/89287\/revisions\/94402"}],"wp:attachment":[{"href":"https:\/\/www.brennerbasisdemokratie.eu\/index.php?rest_route=%2Fwp%2Fv2%2Fmedia&parent=89287"}],"wp:term":[{"taxonomy":"category","embeddable":true,"href":"https:\/\/www.brennerbasisdemokratie.eu\/index.php?rest_route=%2Fwp%2Fv2%2Fcategories&post=89287"},{"taxonomy":"post_tag","embeddable":true,"href":"https:\/\/www.brennerbasisdemokratie.eu\/index.php?rest_route=%2Fwp%2Fv2%2Ftags&post=89287"}],"curies":[{"name":"wp","href":"https:\/\/api.w.org\/{rel}","templated":true}]}}