{"id":89421,"date":"2024-12-04T16:40:17","date_gmt":"2024-12-04T15:40:17","guid":{"rendered":"https:\/\/www.brennerbasisdemokratie.eu\/?p=89421"},"modified":"2024-12-04T20:27:11","modified_gmt":"2024-12-04T19:27:11","slug":"faschistischer-europaminister","status":"publish","type":"post","link":"https:\/\/www.brennerbasisdemokratie.eu\/?p=89421","title":{"rendered":"Faschistischer Europaminister."},"content":{"rendered":"<p>Der <a title=\"Freund Fitto.\" href=\"https:\/\/www.brennerbasisdemokratie.eu\/?p=87840\">enge Freund von EU-Parlamentarier Herbert Dorfmann<\/a> (<abbr title=\"S\u00fcdtiroler Volkspartei\">SVP<\/abbr>), Raffaele Fitto von den neofaschistischen, europafeindlichen <em>Fratelli d&#8217;Italia,<\/em> ist seit wenigen Tagen als Vizepr\u00e4sident der Europ\u00e4ischen Kommission im Amt. Der bisherige italienische Europaminister zeichnet in der Kommission von der Leyen II f\u00fcr die Agenden Koh\u00e4sion, Reformen, Regionalentwicklung verantwortlich.<\/p>\n<p>Bereits ernannt wurde sein Nachfolger in der rechtsrechten Regierung von Giorgia Meloni (<abbr title=\"Fratelli d\u2019Italia\">FdI<\/abbr>): Es handelt sich um den Altfaschisten Tommaso Foti, der vom <abbr title=\"Movimento Sociale Italiano\">MSI<\/abbr> kommend \u2014 \u00fcber <abbr title=\"Alleanza Nazionale\">AN<\/abbr> und <abbr title=\"Popolo della Libert\u00e0\">PdL<\/abbr> \u2014 seit ihrer Gr\u00fcndung bei den <em>Fratelli<\/em> ist. Staatspr\u00e4sident Sergio Mattarella (<abbr title=\"Partito Democratico\">PD<\/abbr>) gelobte ihn anstandslos an.<\/p>\n<p>Aus seiner faschistischen Gesinnung macht der Neue keinen Hehl. In der Pandemiezeit machte er mit einer Schutzmaske von sich Reden, auf der der faschistische Spruch <em>\u00bbWer aufgibt ist ein Henker\u00ab<\/em><sup class=\"modern-footnotes-footnote modern-footnotes-footnote--hover-on-desktop \" data-mfn=\"1\" data-mfn-post-scope=\"00000000000007e30000000000000000_89421\"><a href=\"javascript:void(0)\"  role=\"button\" aria-pressed=\"false\" aria-describedby=\"mfn-content-00000000000007e30000000000000000_89421-1\">1<\/a><\/sup><span id=\"mfn-content-00000000000007e30000000000000000_89421-1\" role=\"tooltip\" class=\"modern-footnotes-footnote__note\" tabindex=\"0\" data-mfn=\"1\">\u00dcbersetzung von mir. Original: \u00bbBoia chi molla\u00ab<\/span> zu lesen war. Zum Befreiungstag vom 25. April lie\u00df er 2018 in den sozialen Medien wissen, dass das ein Feiertag f\u00fcr andere, aber nicht f\u00fcr ihn sei.<\/p>\n<p>Zudem hat er 2023 im Parlament zustimmend aus<\/p>\n<ul>\n<li>dem nationalistischen, kriegsverherrlichenden und misogynen <em>Futuristischen Manifest<\/em> von 1909, das als protofaschistisches Pamphlet gilt sowie aus<\/li>\n<li>der Hymne der MSI-Jugendorganisation <em>Fronte della Giovent\u00f9<\/em><\/li>\n<\/ul>\n<p>zitiert. Das Zeug zum <em>Bestie<\/em> der SVP hat der bisherige Fraktionschef der <em>Fratelli<\/em> im Parlament aber auch: er soll n\u00e4mlich gerne S\u00fcdtiroler Gew\u00fcrztraminer trinken. Da k\u00f6nnen einige unserer Politikerinnen sicher gro\u00dfz\u00fcgig \u00fcber seine rechtsextreme Gesinnung hinwegsehen.<\/p>\n<p><strong><span style=\"font-family: Helvetica, Arial, sans-serif; text-transform: uppercase;\">C\u00ebla enghe:<\/span><\/strong> <a title=\"La Russa provoziert in Sredipolje.\" href=\"https:\/\/www.brennerbasisdemokratie.eu\/?p=88809\"><code>01<\/code><\/a> <a title=\"Die \u203aFreiheit\u2039 von El Alamein.\" href=\"https:\/\/www.brennerbasisdemokratie.eu\/?p=88626\"><code>02<\/code><\/a> <a title=\"Meloni kommt nicht aus dem Nichts.\" href=\"https:\/\/www.brennerbasisdemokratie.eu\/?p=74151\"><code>03<\/code><\/a><\/p>\n<ul class=\"modern-footnotes-list modern-footnotes-list--show-only-for-print\"><li><span>1<\/span><div>\u00dcbersetzung von mir. Original: \u00bbBoia chi molla\u00ab<\/div><\/li><\/ul>","protected":false},"excerpt":{"rendered":"<p>Der enge Freund von EU-Parlamentarier Herbert Dorfmann (SVP), Raffaele Fitto von den neofaschistischen, europafeindlichen Fratelli d&#8217;Italia, ist seit wenigen Tagen als Vizepr\u00e4sident der Europ\u00e4ischen Kommission im Amt. Der bisherige italienische Europaminister zeichnet in der Kommission von der Leyen II f\u00fcr die Agenden Koh\u00e4sion, Reformen, Regionalentwicklung verantwortlich. Bereits ernannt wurde sein Nachfolger in der rechtsrechten Regierung [&hellip;]<\/p>","protected":false},"author":1,"featured_media":0,"comment_status":"open","ping_status":"open","sticky":false,"template":"","format":"standard","meta":{"_crdt_document":"","ngg_post_thumbnail":0,"_jetpack_memberships_contains_paid_content":false,"footnotes":""},"categories":[1],"tags":[],"class_list":["post-89421","post","type-post","status-publish","format-standard","hentry","category-allgemein","entity-eu-kommission","entity-fdi","entity-msi","entity-pd","entity-pdl","entity-staat-italien","entity-svp","issue-coronapandemie","location-italy","language-deutsch","medium-socialmedia","person-giorgia-meloni","person-herbert-dorfmann","person-raffaele-fitto","person-sergio-mattarella","person-ursula-von-der-leyen","topic-faschismen","topic-feminae","topic-krieg","topic-nationalismus","topic-politik"],"jetpack_featured_media_url":"","jetpack_sharing_enabled":true,"_links":{"self":[{"href":"https:\/\/www.brennerbasisdemokratie.eu\/index.php?rest_route=\/wp\/v2\/posts\/89421","targetHints":{"allow":["GET"]}}],"collection":[{"href":"https:\/\/www.brennerbasisdemokratie.eu\/index.php?rest_route=\/wp\/v2\/posts"}],"about":[{"href":"https:\/\/www.brennerbasisdemokratie.eu\/index.php?rest_route=\/wp\/v2\/types\/post"}],"author":[{"embeddable":true,"href":"https:\/\/www.brennerbasisdemokratie.eu\/index.php?rest_route=\/wp\/v2\/users\/1"}],"replies":[{"embeddable":true,"href":"https:\/\/www.brennerbasisdemokratie.eu\/index.php?rest_route=%2Fwp%2Fv2%2Fcomments&post=89421"}],"version-history":[{"count":5,"href":"https:\/\/www.brennerbasisdemokratie.eu\/index.php?rest_route=\/wp\/v2\/posts\/89421\/revisions"}],"predecessor-version":[{"id":89426,"href":"https:\/\/www.brennerbasisdemokratie.eu\/index.php?rest_route=\/wp\/v2\/posts\/89421\/revisions\/89426"}],"wp:attachment":[{"href":"https:\/\/www.brennerbasisdemokratie.eu\/index.php?rest_route=%2Fwp%2Fv2%2Fmedia&parent=89421"}],"wp:term":[{"taxonomy":"category","embeddable":true,"href":"https:\/\/www.brennerbasisdemokratie.eu\/index.php?rest_route=%2Fwp%2Fv2%2Fcategories&post=89421"},{"taxonomy":"post_tag","embeddable":true,"href":"https:\/\/www.brennerbasisdemokratie.eu\/index.php?rest_route=%2Fwp%2Fv2%2Ftags&post=89421"}],"curies":[{"name":"wp","href":"https:\/\/api.w.org\/{rel}","templated":true}]}}