{"id":89744,"date":"2024-12-16T14:05:14","date_gmt":"2024-12-16T13:05:14","guid":{"rendered":"https:\/\/www.brennerbasisdemokratie.eu\/?p=89744"},"modified":"2025-05-25T18:40:19","modified_gmt":"2025-05-25T16:40:19","slug":"katalanische-gemeinden-gegen-sprachverbot","status":"publish","type":"post","link":"https:\/\/www.brennerbasisdemokratie.eu\/?p=89744","title":{"rendered":"Katalanische Gemeinden gegen Sprachverbot."},"content":{"rendered":"<p>Ein franz\u00f6sisches Verwaltungsgericht hat katalanischen Gemeinden, die zu jenem Staat geh\u00f6ren, untersagt, Gemeinderatssitzungen in katalanischer Sprache abzuhalten. Fortan soll dort also Franz\u00f6sisch gesprochen werden, lediglich redundante \u00dcbersetzungen ins Katalanische sind zul\u00e4ssig. Mehrere B\u00fcrgermeisterinnen haben aber bereits mitgeteilt, sich wegen dieses Urteils an das Verfassungsgericht und dann wenn n\u00f6tig an den <em>Europ\u00e4ischen Gerichtshof f\u00fcr Menschenrechte<\/em> (EGMR) wenden zu wollen. Gleichzeitig betonten sie auch, dass sie die Vorgabe gar nicht umsetzen werden.<\/p>\n<p>Der B\u00fcrgermeister von Elna, Nicolas Garcia <em>(Kommunistische Partei),<\/em> <a title=\"Tweet 3Cat.\" href=\"https:\/\/x.com\/som3cat\/status\/1867335621745738072\" target=\"_blank\" rel=\"noopener\">k\u00fcndigte dem (s\u00fcd-)katalanischen Fernsehen seinen Ungehorsam an<\/a>, den er schon bei der n\u00e4chsten Sitzung am Mittwoch in die Tat umsetzen will. Seiner Meinung nach sei das minderheitenfeindliche Urteil ohnehin nicht exekutierbar, weil ihm dazu ein Richter oder die Polizei \u00bbden Mund zun\u00e4hen\u00ab m\u00fcsste. Dann aber \u2014 erg\u00e4nze ich \u2014 k\u00f6nnte er wohl auch schlecht Franz\u00f6sisch reden. Jedenfalls ist diese widerst\u00e4ndische Haltung mindestens genauso bewundernswert, wie derartige Sprachverbote anachronistisch und menschenverachtend sind.<\/p>\n<p>Erst k\u00fcrzlich hatte Pr\u00e4sident Emmanuel Macron, dessen Partei ma\u00dfgeblich dazu beigetragen hat, einen besseren Minderheitenschutz im Land <a title=\"Frankreich: Kastrierter Minderheitenschutz.\" href=\"https:\/\/www.brennerbasisdemokratie.eu\/?p=65382\">zu verhindern<\/a>, bei einer Rede vor der <em>Acad\u00e9mie Fran\u00e7aise<\/em> ver\u00e4chtlich behauptet, die sogenannten Regionalsprachen seien ein Werkzeug zur Teilung der Nation. Postwendend kam aus der Bretagne, dem Elsass, dem Baskenland, Korsika, Okzitanien und Katalonien energische Kritik.<\/p>\n<p><strong><span style=\"font-family: Helvetica, Arial, sans-serif; text-transform: uppercase;\">C\u00ebla enghe:<\/span><\/strong> <a title=\"Sprachverbot in Korsika.\" href=\"https:\/\/www.brennerbasisdemokratie.eu\/?p=77289\"><code>01<\/code><\/a> <a title=\"Warum ein mehrsprachiges Parlament wichtig ist.\" href=\"https:\/\/www.brennerbasisdemokratie.eu\/?p=80495\"><code>02<\/code><\/a> <a title=\"Dialektverbot im L\u00e5ndtog?\" href=\"https:\/\/www.brennerbasisdemokratie.eu\/?p=89683\"><code>03<\/code><\/a> <a title=\"Venetien: (Kein) Zimbrisch im Regionalrat.\" href=\"https:\/\/www.brennerbasisdemokratie.eu\/?p=62586\"><code>04<\/code><\/a> <a title=\"EU-Parlament: Eklat um Minderheitensprachen.\" href=\"https:\/\/www.brennerbasisdemokratie.eu\/?p=34981\"><code>05<\/code><\/a> <span style=\"font-family: Helvetica, Arial, sans-serif; font-weight: normal;\">||<\/span> <a href=\"https:\/\/www.brennerbasisdemokratie.eu\/?p=92380\" title=\"Serve insubordinazione.\"><span style=\"color: #ff8c00\"><code>01<\/code><\/span><\/a><\/p>","protected":false},"excerpt":{"rendered":"<p>Ein franz\u00f6sisches Verwaltungsgericht hat katalanischen Gemeinden, die zu jenem Staat geh\u00f6ren, untersagt, Gemeinderatssitzungen in katalanischer Sprache abzuhalten. Fortan soll dort also Franz\u00f6sisch gesprochen werden, lediglich redundante \u00dcbersetzungen ins Katalanische sind zul\u00e4ssig. Mehrere B\u00fcrgermeisterinnen haben aber bereits mitgeteilt, sich wegen dieses Urteils an das Verfassungsgericht und dann wenn n\u00f6tig an den Europ\u00e4ischen Gerichtshof f\u00fcr Menschenrechte (EGMR) [&hellip;]<\/p>","protected":false},"author":1,"featured_media":0,"comment_status":"open","ping_status":"open","sticky":false,"template":"","format":"standard","meta":{"_crdt_document":"","ngg_post_thumbnail":0,"_jetpack_memberships_contains_paid_content":false,"footnotes":""},"categories":[1],"tags":[],"class_list":["post-89744","post","type-post","status-publish","format-standard","hentry","category-allgemein","entity-egmr","entity-verfassungsgericht","issue-assimilierung","issue-good-news","location-catalunya","location-france","language-deutsch","medium-ccma","topic-colonialismi","topic-justiz","topic-minderheitenschutz","topic-minorisaziun","topic-nationalismus","topic-plurilinguism","topic-politik","topic-ungehorsam"],"jetpack_featured_media_url":"","jetpack_sharing_enabled":true,"_links":{"self":[{"href":"https:\/\/www.brennerbasisdemokratie.eu\/index.php?rest_route=\/wp\/v2\/posts\/89744","targetHints":{"allow":["GET"]}}],"collection":[{"href":"https:\/\/www.brennerbasisdemokratie.eu\/index.php?rest_route=\/wp\/v2\/posts"}],"about":[{"href":"https:\/\/www.brennerbasisdemokratie.eu\/index.php?rest_route=\/wp\/v2\/types\/post"}],"author":[{"embeddable":true,"href":"https:\/\/www.brennerbasisdemokratie.eu\/index.php?rest_route=\/wp\/v2\/users\/1"}],"replies":[{"embeddable":true,"href":"https:\/\/www.brennerbasisdemokratie.eu\/index.php?rest_route=%2Fwp%2Fv2%2Fcomments&post=89744"}],"version-history":[{"count":9,"href":"https:\/\/www.brennerbasisdemokratie.eu\/index.php?rest_route=\/wp\/v2\/posts\/89744\/revisions"}],"predecessor-version":[{"id":92412,"href":"https:\/\/www.brennerbasisdemokratie.eu\/index.php?rest_route=\/wp\/v2\/posts\/89744\/revisions\/92412"}],"wp:attachment":[{"href":"https:\/\/www.brennerbasisdemokratie.eu\/index.php?rest_route=%2Fwp%2Fv2%2Fmedia&parent=89744"}],"wp:term":[{"taxonomy":"category","embeddable":true,"href":"https:\/\/www.brennerbasisdemokratie.eu\/index.php?rest_route=%2Fwp%2Fv2%2Fcategories&post=89744"},{"taxonomy":"post_tag","embeddable":true,"href":"https:\/\/www.brennerbasisdemokratie.eu\/index.php?rest_route=%2Fwp%2Fv2%2Ftags&post=89744"}],"curies":[{"name":"wp","href":"https:\/\/api.w.org\/{rel}","templated":true}]}}