{"id":89845,"date":"2024-12-27T17:44:47","date_gmt":"2024-12-27T16:44:47","guid":{"rendered":"https:\/\/www.brennerbasisdemokratie.eu\/?p=89845"},"modified":"2025-11-13T14:43:47","modified_gmt":"2025-11-13T13:43:47","slug":"stadte-deutsche-minderheit-unter-den-wert-von-1981-gefallen","status":"publish","type":"post","link":"https:\/\/www.brennerbasisdemokratie.eu\/?p=89845","title":{"rendered":"St\u00e4dte: Deutsche Minderheit unter den Wert von 1981 gefallen."},"content":{"rendered":"<p>Nachdem ich gestern <a title=\"Deutsche Sprachgruppe in Bozen im Sinkflug.\" href=\"https:\/\/www.brennerbasisdemokratie.eu\/?p=89829\">die Entwicklung der deutschen Sprachgruppe in Bozen<\/a> thematisiert hatte, habe ich mir nun auch die Situation in den anderen St\u00e4dten des Landes angesehen.<\/p>\n<p>Dabei musste ich erstaunt feststellen, dass der entsprechende Anteil inzwischen in sechs von sieben St\u00e4dten unter dem Niveau von 1981 \u2014 der ersten Z\u00e4hlung nach Inkrafttreten des Zweiten Autonomiestatuts \u2014 liegt. Es ist also keineswegs so, dass (wie ich ehrlich gesagt erwartet hatte) die deutsche Sprachgruppe in den St\u00e4dten seit Jahrzehnten gewachsen w\u00e4re und es 2024 nur einen leichten R\u00fcckgang, quasi eine Art Anpassung, gegeben h\u00e4tte.<\/p>\n<blockquote><p><img loading=\"lazy\" decoding=\"async\" class=\"size-full wp-image-89846 aligncenter\" src=\"https:\/\/www.brennerbasisdemokratie.eu\/wp-content\/uploads\/2024\/12\/sprachgruppen_staedte_pp1981-2024-de.png\" alt=\"\" width=\"950\" height=\"675\" srcset=\"https:\/\/www.brennerbasisdemokratie.eu\/wp-content\/uploads\/2024\/12\/sprachgruppen_staedte_pp1981-2024-de.png 950w, https:\/\/www.brennerbasisdemokratie.eu\/wp-content\/uploads\/2024\/12\/sprachgruppen_staedte_pp1981-2024-de-768x546.png 768w\" sizes=\"auto, (max-width: 950px) 100vw, 950px\" \/><\/p><\/blockquote>\n<p>Wiewohl nach 1981 in den meisten St\u00e4dten des Landes tats\u00e4chlich eine anteilsm\u00e4\u00dfige Erholung der deutschen Sprachgruppe zu verzeichnen war, ist dieses \u00bbKapital\u00ab inzwischen in fast allen Zentren wieder vollst\u00e4ndig verspielt. In Leifers ging die Entwicklung seit 1981 immer nur bergab \u2014 und auch in Klausen konnte der Wert von damals nie wieder erreicht werden. Doch zeigte die Kurve zun\u00e4chst immerhin in Bozen, Meran, Brixen und Sterzing, etwas sp\u00e4ter auch in Bruneck (teils deutlich) nach oben.<\/p>\n<p>Sp\u00e4testens nach der <a title=\"Minderheiten schrumpfen, italienische Sprachgruppe w\u00e4chst \u00fcberall.\" href=\"https:\/\/www.brennerbasisdemokratie.eu\/?p=89449\">Erhebung von 2024<\/a> liegt aber die Minderheit fast \u00fcberall wieder unter dem Anteil, der Anfang der 1980er Jahre erhoben worden war. Die Wirkung des Zweiten Autonomiestatuts war nicht von Dauer.<\/p>\n<p>Am negativsten war die Entwicklung zwischen 1981 und 2024 in Leifers (-7,43 Prozentpunkte), wo sich bei der letzten Erhebung nur noch 25,16 Prozent der teilnehmenden Bev\u00f6lkerung zur deutschen Sprachgruppe bekannten. Der Reihe nach folgen Sterzing (-6,06), Bruneck (-2,90), Meran (-1,42), Klausen (-1,05) und Bozen (-1,03). Dabei ist der Anteil in der Landeshauptstadt heute (24,74 Prozent) am geringsten, weil schon der Bezugswert von 1981 niedrig war.<\/p>\n<p>Lediglich in Brixen (+2,28) ist der Anteil der deutschen Sprachgruppe an der Gesamtbev\u00f6lkerung heute h\u00f6her als 1981, doch auch hier befindet sich der Wert seit 2001 im Sinkflug. Wom\u00f6glich ist die etwas positivere Entwicklung in der Bischofsstadt auch nur darauf zur\u00fcckzuf\u00fchren, dass hier die l\u00e4ndlichen Fraktionen einen relativ gr\u00f6\u00dferen Anteil an der Gesamtbev\u00f6lkerung haben.<\/p>\n<p>In all diesen F\u00e4llen gilt aber, worauf ich bereits im Fall von Bozen hingewiesen hatte: Die amtlichen Daten, um die es hier geht, ber\u00fccksichtigen nur italienische Staatsb\u00fcrgerinnen. Da alle Indikatoren darauf hindeuten, dass sich Zugewanderte \u00fcberdurchschnittlich h\u00e4ufig <a title=\"Zuwanderungssprache Italienisch.\" href=\"https:\/\/www.brennerbasisdemokratie.eu\/?p=47501\">in die italienische Sprachgruppe integrieren<\/a>, d\u00fcrfte die reale Situation wohl sogar noch besorgniserregender sein.<\/p>\n<p><em><small>Obschon Glurns offiziell eine Stadt ist, blieb diese Gemeinde in der vorliegenden Betrachtung aus hoffentlich nachvollziehbaren Gr\u00fcnden unber\u00fccksichtigt.<\/small><\/em><\/p>\n<p><strong><span style=\"font-family: Helvetica, Arial, sans-serif; text-transform: uppercase;\">C\u00ebla enghe:<\/span><\/strong> <a title=\"Barcelona st\u00e4rkt Minderheitenschutz. Und Bozen?\" href=\"https:\/\/www.brennerbasisdemokratie.eu\/?p=89789\"><code>01<\/code><\/a> <a title=\"Minderheiten: Der R\u00fcckgang in Bildern.\" href=\"https:\/\/www.brennerbasisdemokratie.eu\/?p=89602\"><code>02<\/code><\/a> <a title=\"Nationalistische Morgenluft dank Sprachgruppenerhebung.\" href=\"https:\/\/www.brennerbasisdemokratie.eu\/?p=89543\"><code>03<\/code><\/a> <a title=\"Keine \u203aechten\u2039 Italienerinnen?\" href=\"https:\/\/www.brennerbasisdemokratie.eu\/?p=89557\"><code>04<\/code><\/a> <a title=\"Ladinischer Landesrat \u00fcber Ergebnis der Sprachgruppenz\u00e4hlung \u203aerfreut\u2039.\" href=\"https:\/\/www.brennerbasisdemokratie.eu\/?p=89660\"><code>05<\/code><\/a> <span style=\"font-family: Helvetica, Arial, sans-serif; font-weight: normal;\">|<\/span> <a title=\"Deutsche Schule: Ein Aderlass.\" href=\"https:\/\/www.brennerbasisdemokratie.eu\/?p=64040\"><code>06<\/code><\/a> <a title=\"Deutsch als Verst\u00e4ndigungssprache schwindet.\" href=\"https:\/\/www.brennerbasisdemokratie.eu\/?p=87395\"><code>07<\/code><\/a> <a title=\"Wichtigste Sprache: Italienisch.\" href=\"https:\/\/www.brennerbasisdemokratie.eu\/?p=25469\"><code>08<\/code><\/a> <span style=\"font-family: Helvetica, Arial, sans-serif; font-weight: normal;\">||<\/span> <a title=\"Ladinia: Minderheit seit 1981 \u00fcberall zur\u00fcckgegangen.\" href=\"https:\/\/www.brennerbasisdemokratie.eu\/?p=89868\"><span style=\"color: #ff8c00\"><code>01<\/code><\/span><\/a> <a title=\"Der LH zu Ans\u00e4ssigkeitsklausel und: Panzern.\" href=\"https:\/\/www.brennerbasisdemokratie.eu\/?p=91499\"><span style=\"color: #ff8c00\"><code>02<\/code><\/span><\/a> <a title=\"Sprachgruppen: Falschinformationen vom Landesrat.\" href=\"https:\/\/www.brennerbasisdemokratie.eu\/?p=96106\"><span style=\"color: #ff8c00\"><code>03<\/code><\/span><\/a><\/p>","protected":false},"excerpt":{"rendered":"<p>Nachdem ich gestern die Entwicklung der deutschen Sprachgruppe in Bozen thematisiert hatte, habe ich mir nun auch die Situation in den anderen St\u00e4dten des Landes angesehen. Dabei musste ich erstaunt feststellen, dass der entsprechende Anteil inzwischen in sechs von sieben St\u00e4dten unter dem Niveau von 1981 \u2014 der ersten Z\u00e4hlung nach Inkrafttreten des Zweiten Autonomiestatuts [&hellip;]<\/p>","protected":false},"author":1,"featured_media":0,"comment_status":"open","ping_status":"open","sticky":false,"template":"","format":"standard","meta":{"_crdt_document":"","ngg_post_thumbnail":0,"_jetpack_memberships_contains_paid_content":false,"footnotes":""},"categories":[1],"tags":[],"class_list":["post-89845","post","type-post","status-publish","format-standard","hentry","category-allgemein","entity-astat","entity-gemeinde-bozen","entity-gemeinde-meran","issue-cumpedada","issue-italianizzazione","location-sudtirolo","language-deutsch","topic-lingaz","topic-minderheitenschutz","topic-minorisaziun","topic-plurilinguism","topic-statistik","topic-vorzeigeautonomie"],"jetpack_featured_media_url":"","jetpack_sharing_enabled":true,"_links":{"self":[{"href":"https:\/\/www.brennerbasisdemokratie.eu\/index.php?rest_route=\/wp\/v2\/posts\/89845","targetHints":{"allow":["GET"]}}],"collection":[{"href":"https:\/\/www.brennerbasisdemokratie.eu\/index.php?rest_route=\/wp\/v2\/posts"}],"about":[{"href":"https:\/\/www.brennerbasisdemokratie.eu\/index.php?rest_route=\/wp\/v2\/types\/post"}],"author":[{"embeddable":true,"href":"https:\/\/www.brennerbasisdemokratie.eu\/index.php?rest_route=\/wp\/v2\/users\/1"}],"replies":[{"embeddable":true,"href":"https:\/\/www.brennerbasisdemokratie.eu\/index.php?rest_route=%2Fwp%2Fv2%2Fcomments&post=89845"}],"version-history":[{"count":10,"href":"https:\/\/www.brennerbasisdemokratie.eu\/index.php?rest_route=\/wp\/v2\/posts\/89845\/revisions"}],"predecessor-version":[{"id":96119,"href":"https:\/\/www.brennerbasisdemokratie.eu\/index.php?rest_route=\/wp\/v2\/posts\/89845\/revisions\/96119"}],"wp:attachment":[{"href":"https:\/\/www.brennerbasisdemokratie.eu\/index.php?rest_route=%2Fwp%2Fv2%2Fmedia&parent=89845"}],"wp:term":[{"taxonomy":"category","embeddable":true,"href":"https:\/\/www.brennerbasisdemokratie.eu\/index.php?rest_route=%2Fwp%2Fv2%2Fcategories&post=89845"},{"taxonomy":"post_tag","embeddable":true,"href":"https:\/\/www.brennerbasisdemokratie.eu\/index.php?rest_route=%2Fwp%2Fv2%2Ftags&post=89845"}],"curies":[{"name":"wp","href":"https:\/\/api.w.org\/{rel}","templated":true}]}}