{"id":89961,"date":"2025-01-05T10:11:48","date_gmt":"2025-01-05T09:11:48","guid":{"rendered":"https:\/\/www.brennerbasisdemokratie.eu\/?p=89961"},"modified":"2026-03-17T18:58:42","modified_gmt":"2026-03-17T17:58:42","slug":"mussolini-ist-ehrenburger-der-kulturhauptstadt","status":"publish","type":"post","link":"https:\/\/www.brennerbasisdemokratie.eu\/?p=89961","title":{"rendered":"Mussolini ist Ehrenb\u00fcrger der Kulturhauptstadt."},"content":{"rendered":"<p>Die beiden aneinander grenzenden St\u00e4dte G\u00f6rz (<a title=\"Warum ich es Julien nenne.\" href=\"https:\/\/www.brennerbasisdemokratie.eu\/?p=70988\">Julien<\/a>) und Neu-G\u00f6rz bzw. Nova Gorica (Slowenien) sind \u2014 neben Chemnitz (Sachsen) \u2014 die europ\u00e4ischen Kulturhauptst\u00e4dte 2025. Voneinander trennt sie eine Staatsgrenze, die nach dem Zweiten Weltkrieg neu durch das historisch mehrsprachige Gebiet gezogen wurde und seit dem Beitritt von Slowenien zur <abbr title=\"Europ\u00e4ische Union\">EU<\/abbr> wesentlich durchl\u00e4ssiger geworden ist. Slowenisch und Italienisch, Friaulisch und Deutsch geh\u00f6ren zu den autochthonen Sprachen, die hier gesprochen werden.<\/p>\n<p>Im Gemeinderat von G\u00f6rz kam deshalb im November der Vorschlag auf, dem faschistischen Diktator Benito Mussolini \u2014 besser sp\u00e4t als nie \u2014 die 1924 erteilte Ehrenb\u00fcrgerschaft der Stadt abzuerkennen. Sp\u00e4testens im Faschismus wurde hier schlie\u00dflich mit rassistischer Gewalt und ungebremster Brutalit\u00e4t versucht, die kulturelle und sprachliche Vielfalt der Region zu unterdr\u00fccken, um Italien zu einem monolingualen und kulturell sowie politisch-ideologisch homogenen Nationalstaat zu machen.<\/p>\n<p>Au\u00dferdem fiel das faschistische Italien gemeinsam mit Nazi-Deutschland in Jugoslawien ein und beging <a title=\"Wiki: Italienische Kriegsverbrechen in Jugoslawien.\" href=\"https:\/\/de.wikipedia.org\/wiki\/Italienische_Kriegsverbrechen_in_Jugoslawien\" target=\"_blank\" rel=\"noopener\">grausame Kriegsverbrechen.<\/a><\/p>\n<p>Doch wer gedacht h\u00e4tte, dass dem Ansinnen, die Ehrung f\u00fcr den Diktator zur\u00fcckzunehmen, gerade im Vorfeld der verbindenden Kulturhauptstadtschaft nichts h\u00e4tte im Wege stehen k\u00f6nnen, hat die Rechnung ohne die politischen Gegebenheiten im Italien des 21. Jahrhunderts gemacht. B\u00fcrgermeister Rodolfo Ziberna (<abbr title=\"Forza Italia\">FI<\/abbr>), der seine ehemalige Mitgliedschaft bei den sozialistischen Demokraten (PSDI) hervorhob und sich als Antifaschist bezeichnete \u2014 jedoch gleichzeitig einer rechtsrechten Stadtmehrheit vorsteht, der auch die neofaschistische <abbr title=\"Fratelli d\u2019Italia\">FdI<\/abbr> angeh\u00f6rt \u2014, lehnte den Widerruf ab. Daf\u00fcr f\u00fchrte er die in Italien sehr beliebte, h\u00f6chst fadenscheinige Begr\u00fcndung an, man d\u00fcrfe \u00bbdie Geschichte nicht ausl\u00f6schen\u00ab, sondern m\u00fcsse sie bekannt machen, damit sie sich nicht wiederhole. Als h\u00e4tte die R\u00fccknahme einer <em>Ehrung<\/em> irgendetwas mit der Ausl\u00f6schung von Geschichte zu tun.<\/p>\n<p>Vielmehr ist die aktive Entscheidung, die Ehrenb\u00fcrgerschaft beizubehalten, Ausdruck und Best\u00e4tigung <a title=\"Fascista \u00e8 chi il fascista fa.\" href=\"https:\/\/www.brennerbasisdemokratie.eu\/?p=89676\">von ideologischer N\u00e4he.<\/a><\/p>\n<p>Der Beschluss l\u00f6ste sowohl in der Partnerstadt Neu-G\u00f6rz und in der slowenischen Hauptstadt Laibach als auch bei der slowenischen Minderheit in G\u00f6rz und Julien Entsetzen und Emp\u00f6rung aus. In Italien ist Mussolini jedoch bis heute wichtiger als Vers\u00f6hnung, Aufarbeitung und Wiedergutmachung.<\/p>\n<p><strong><span style=\"font-family: Helvetica, Arial, sans-serif; text-transform: uppercase;\">C\u00ebla enghe:<\/span><\/strong> <a title=\"L\u2019Italia nelle terre \u00abirredente\u00bb\u2026\" href=\"https:\/\/www.brennerbasisdemokratie.eu\/?p=43899\"><code>01<\/code><\/a> <a title=\"Da Trieste a Gorizia.\" href=\"https:\/\/www.brennerbasisdemokratie.eu\/?p=43896\"><code>02<\/code><\/a> <a title=\"Il pionierismo razzista dei fascisti in Sudtirolo.\" href=\"https:\/\/www.brennerbasisdemokratie.eu\/?p=78327\"><code>03<\/code><\/a> <a title=\"Revisionistisches Spektakel in S\u00fcdtirol.\" href=\"https:\/\/www.brennerbasisdemokratie.eu\/?p=77012\"><code>04<\/code><\/a> <span style=\"font-family: Helvetica, Arial, sans-serif; font-weight: normal;\">|<\/span> <a title=\"Ausgezeichneter F\u00fchrer.\" href=\"https:\/\/www.brennerbasisdemokratie.eu\/?p=67132\"><code>05<\/code><\/a> <a title=\"La Russa provoziert in Sredipolje.\" href=\"https:\/\/www.brennerbasisdemokratie.eu\/?p=88809\"><code>06<\/code><\/a> <a title=\"Jesolo best\u00e4tigt Mussolinis Ehrenb\u00fcrgerschaft.\" href=\"https:\/\/www.brennerbasisdemokratie.eu\/?p=78879\"><code>07<\/code><\/a> <a title=\"Sal\u00f2: Mussolini bleibt Ehrenb\u00fcrger.\" href=\"https:\/\/www.brennerbasisdemokratie.eu\/?p=55020\"><code>08<\/code><\/a> <a title=\"Verherrlichung von Mussolini am CONI-Hauptsitz.\" href=\"https:\/\/www.brennerbasisdemokratie.eu\/?p=77594\"><code>09<\/code><\/a> <a title=\"Die Ehrung der RSI-K\u00e4mpfer.\" href=\"https:\/\/www.brennerbasisdemokratie.eu\/?p=71018\"><code>10<\/code><\/a> <span style=\"font-family: Helvetica, Arial, sans-serif; font-weight: normal;\">||<\/span> <a title=\"Made in Italy mit Adolfo und Benito.\" href=\"https:\/\/www.brennerbasisdemokratie.eu\/?p=93626\"><span style=\"color: #ff8c00\"><code>01<\/code><\/span><\/a> <a title=\"Aberkennung der Ehrenb\u00fcrgerschaft von Mussolini laut Alpini \u203aideologisch\u2039.\" href=\"https:\/\/www.brennerbasisdemokratie.eu\/?p=98536\"><span style=\"color: #ff8c00\"><code>02<\/code><\/span><\/a><\/p>","protected":false},"excerpt":{"rendered":"<p>Die beiden aneinander grenzenden St\u00e4dte G\u00f6rz (Julien) und Neu-G\u00f6rz bzw. Nova Gorica (Slowenien) sind \u2014 neben Chemnitz (Sachsen) \u2014 die europ\u00e4ischen Kulturhauptst\u00e4dte 2025. Voneinander trennt sie eine Staatsgrenze, die nach dem Zweiten Weltkrieg neu durch das historisch mehrsprachige Gebiet gezogen wurde und seit dem Beitritt von Slowenien zur EU wesentlich durchl\u00e4ssiger geworden ist. Slowenisch und [&hellip;]<\/p>","protected":false},"author":1,"featured_media":0,"comment_status":"open","ping_status":"open","sticky":false,"template":"","format":"standard","meta":{"_crdt_document":"","ngg_post_thumbnail":0,"_jetpack_memberships_contains_paid_content":false,"footnotes":""},"categories":[1],"tags":[],"class_list":["post-89961","post","type-post","status-publish","format-standard","hentry","category-allgemein","entity-eu","entity-fdi","entity-fi","issue-geschichtsaufarbeitung","issue-italianizzazione","location-italy","location-julien","location-slowenien","language-deutsch","person-benito-mussolini","topic-colonialismi","topic-kunstcultura","topic-faschismen","topic-geschichte","topic-grenzen","topic-krieg","topic-minorisaziun","topic-nationalismus","topic-plurilinguism","topic-politik","topic-racism","topic-repression","topic-symbolik"],"jetpack_featured_media_url":"","jetpack_sharing_enabled":true,"_links":{"self":[{"href":"https:\/\/www.brennerbasisdemokratie.eu\/index.php?rest_route=\/wp\/v2\/posts\/89961","targetHints":{"allow":["GET"]}}],"collection":[{"href":"https:\/\/www.brennerbasisdemokratie.eu\/index.php?rest_route=\/wp\/v2\/posts"}],"about":[{"href":"https:\/\/www.brennerbasisdemokratie.eu\/index.php?rest_route=\/wp\/v2\/types\/post"}],"author":[{"embeddable":true,"href":"https:\/\/www.brennerbasisdemokratie.eu\/index.php?rest_route=\/wp\/v2\/users\/1"}],"replies":[{"embeddable":true,"href":"https:\/\/www.brennerbasisdemokratie.eu\/index.php?rest_route=%2Fwp%2Fv2%2Fcomments&post=89961"}],"version-history":[{"count":8,"href":"https:\/\/www.brennerbasisdemokratie.eu\/index.php?rest_route=\/wp\/v2\/posts\/89961\/revisions"}],"predecessor-version":[{"id":98551,"href":"https:\/\/www.brennerbasisdemokratie.eu\/index.php?rest_route=\/wp\/v2\/posts\/89961\/revisions\/98551"}],"wp:attachment":[{"href":"https:\/\/www.brennerbasisdemokratie.eu\/index.php?rest_route=%2Fwp%2Fv2%2Fmedia&parent=89961"}],"wp:term":[{"taxonomy":"category","embeddable":true,"href":"https:\/\/www.brennerbasisdemokratie.eu\/index.php?rest_route=%2Fwp%2Fv2%2Fcategories&post=89961"},{"taxonomy":"post_tag","embeddable":true,"href":"https:\/\/www.brennerbasisdemokratie.eu\/index.php?rest_route=%2Fwp%2Fv2%2Ftags&post=89961"}],"curies":[{"name":"wp","href":"https:\/\/api.w.org\/{rel}","templated":true}]}}