{"id":90042,"date":"2025-01-09T20:35:55","date_gmt":"2025-01-09T19:35:55","guid":{"rendered":"https:\/\/www.brennerbasisdemokratie.eu\/?p=90042"},"modified":"2025-01-11T18:34:23","modified_gmt":"2025-01-11T17:34:23","slug":"felix-neureuther-und-olympia","status":"publish","type":"post","link":"https:\/\/www.brennerbasisdemokratie.eu\/?p=90042","title":{"rendered":"Felix Neureuther und Olympia."},"content":{"rendered":"<p>Der ehemalige Weltklasse-Skirennl\u00e4ufer Felix Neureuther geht in einer Dokumentation dem Nachhaltigkeitsversprechen der Verantwortlichen der Olympischen Spiele 2026 auf den Grund &#8211; unter anderem auch in S\u00fcdtirol.<\/p>\n<blockquote style=\"display: block;\"><p><iframe style=\"display: block; margin: 0 auto;\" src=\"https:\/\/www.ardmediathek.de\/embed\/Y3JpZDovL2JyLmRlL2Jyb2FkY2FzdC9GMjAyM1dPMDE3NzU4QTA\" frameborder=\"0\" scrolling=\"no\" allowfullscreen=\"allowfullscreen\"><\/iframe><\/p><\/blockquote>\n<p>Angesichts der allgegenw\u00e4rtigen &#8220;Kathedralen in der W\u00fcste&#8221; nach den Spielen vor nicht einmal 20 Jahren in Turin, f\u00fcrchtet er, dass sich die Geschichte wiederholt und neuerlich Millionen in den Wind geschossen werden und Natur- und Kulturraum unwiederbringlich zerst\u00f6rt wird.<\/p>\n<blockquote><p>Die Spiele 2006 waren f\u00fcr mich die Erf\u00fcllung eines Lebenstraums. Doch wenn ich das heute hier sehe, dann tut es einfach nur weh.<\/p>\n<p><em><small>\u2013 Felix Neureuther<\/small><\/em><\/p><\/blockquote>","protected":false},"excerpt":{"rendered":"<p>Der ehemalige Weltklasse-Skirennl\u00e4ufer Felix Neureuther geht in einer Dokumentation dem Nachhaltigkeitsversprechen der Verantwortlichen der Olympischen Spiele 2026 auf den Grund &#8211; unter anderem auch in S\u00fcdtirol. Angesichts der allgegenw\u00e4rtigen &#8220;Kathedralen in der W\u00fcste&#8221; nach den Spielen vor nicht einmal 20 Jahren in Turin, f\u00fcrchtet er, dass sich die Geschichte wiederholt und neuerlich Millionen in den [&hellip;]<\/p>","protected":false},"author":8,"featured_media":0,"comment_status":"open","ping_status":"open","sticky":false,"template":"","format":"standard","meta":{"_crdt_document":"","ngg_post_thumbnail":0,"_jetpack_memberships_contains_paid_content":false,"footnotes":""},"categories":[1],"tags":[],"class_list":["post-90042","post","type-post","status-publish","format-standard","hentry","category-allgemein","entity-land-sudtirol","entity-landesregierung","issue-olympia-2026","issue-zitac","location-italy","location-sudtirolo","location-venetien","language-deutsch","medium-ard","topic-arch","topic-ecologia","topic-medien","topic-mobilitaet","topic-nationalismus","topic-politik","topic-sport","topic-symbolik","topic-tagnacht","topic-tourismus","topic-transparenz","topic-wirtschaft"],"jetpack_featured_media_url":"","jetpack_sharing_enabled":true,"_links":{"self":[{"href":"https:\/\/www.brennerbasisdemokratie.eu\/index.php?rest_route=\/wp\/v2\/posts\/90042","targetHints":{"allow":["GET"]}}],"collection":[{"href":"https:\/\/www.brennerbasisdemokratie.eu\/index.php?rest_route=\/wp\/v2\/posts"}],"about":[{"href":"https:\/\/www.brennerbasisdemokratie.eu\/index.php?rest_route=\/wp\/v2\/types\/post"}],"author":[{"embeddable":true,"href":"https:\/\/www.brennerbasisdemokratie.eu\/index.php?rest_route=\/wp\/v2\/users\/8"}],"replies":[{"embeddable":true,"href":"https:\/\/www.brennerbasisdemokratie.eu\/index.php?rest_route=%2Fwp%2Fv2%2Fcomments&post=90042"}],"version-history":[{"count":17,"href":"https:\/\/www.brennerbasisdemokratie.eu\/index.php?rest_route=\/wp\/v2\/posts\/90042\/revisions"}],"predecessor-version":[{"id":90061,"href":"https:\/\/www.brennerbasisdemokratie.eu\/index.php?rest_route=\/wp\/v2\/posts\/90042\/revisions\/90061"}],"wp:attachment":[{"href":"https:\/\/www.brennerbasisdemokratie.eu\/index.php?rest_route=%2Fwp%2Fv2%2Fmedia&parent=90042"}],"wp:term":[{"taxonomy":"category","embeddable":true,"href":"https:\/\/www.brennerbasisdemokratie.eu\/index.php?rest_route=%2Fwp%2Fv2%2Fcategories&post=90042"},{"taxonomy":"post_tag","embeddable":true,"href":"https:\/\/www.brennerbasisdemokratie.eu\/index.php?rest_route=%2Fwp%2Fv2%2Ftags&post=90042"}],"curies":[{"name":"wp","href":"https:\/\/api.w.org\/{rel}","templated":true}]}}